{"id":60,"date":"2010-09-23T12:27:38","date_gmt":"2010-09-23T12:27:38","guid":{"rendered":"http:\/\/ultimato.com.br\/sites\/jovem\/?p=60"},"modified":"2010-10-14T14:30:25","modified_gmt":"2010-10-14T17:30:25","slug":"de-tataravo-para-tataraneto-2","status":"publish","type":"post","link":"https:\/\/ultimato.com.br\/sites\/jovem\/2010\/09\/23\/de-tataravo-para-tataraneto-2\/","title":{"rendered":"De tatarav\u00f4 para tataraneto"},"content":{"rendered":"<p><a href=\"http:\/\/ultimato.com.br\/sites\/jovem\/files\/2010\/09\/blog_20_09_vovo2.jpg\" class=\"lightview\" data-lightview-group=\"group-60\" data-lightview-options=\"skin: 'dark', controls: 'relative', padding: '10', shadow: { color: '#000000', opacity: 0.08, blur: 3 }\" data-lightview-title=\"blog_20_09_vovo\"><img loading=\"lazy\" decoding=\"async\" class=\"alignright size-full wp-image-61\" title=\"blog_20_09_vovo\" src=\"http:\/\/ultimato.com.br\/sites\/jovem\/files\/2010\/09\/blog_20_09_vovo2.jpg\" alt=\"\" width=\"190\" height=\"142\" srcset=\"https:\/\/ultimato.com.br\/sites\/jovem\/files\/2010\/09\/blog_20_09_vovo2.jpg 190w, https:\/\/ultimato.com.br\/sites\/jovem\/files\/2010\/09\/blog_20_09_vovo2-150x112.jpg 150w\" sizes=\"auto, (max-width: 190px) 100vw, 190px\" \/><\/a>Caminhando com meu filho de 9 anos, ele me disse que o vers\u00edculo a   ser decorado naquela semana a pedido do professor da Escola Dominical   era Jo\u00e3o 3.16. Contei-lhe que eu decorei este verso provavelmente com a   mesma idade dele e que este texto-chave do evangelho era constantemente   repetido em nossa casa. Meus pais tamb\u00e9m o sabiam de cor, desde   crian\u00e7as. E certamente todos os meus 4 av\u00f3s e pelo menos 2 dos meus   bisav\u00f3s. Da parte de pai, ele tem v\u00f4 e v\u00f3 e 2 bisav\u00f3s crentes.<\/p>\n<p><!--more--><\/p>\n<p>Pedi ao meu filho que, quando ensinar este vers\u00edculo aos seus filhos,   ele conte tamb\u00e9m desta hist\u00f3ria. Juntos contamos 6 gera\u00e7\u00f5es   conhecedoras do evangelho e atingidas pela mesma mensagem, ainda a \u00fanica   pela qual podemos ser salvos: \u201cPorque Deus amou ao mundo de tal  maneira  que deu o seu filho unig\u00eanito, para que todo o que nele cr\u00ea n\u00e3o  pere\u00e7a,  mas tenha a vida eterna\u201d.<\/p>\n<p>Lembrei-me de salmos recentemente lidos. E mais uma vez tive certeza   de que Deus se alegra com a intergeracionalidade, a troca entre as   diversas gera\u00e7\u00f5es.<\/p>\n<p>Esta costura de alguns versos do Salmo 70 deixa isto bem evidente:\u00a0\u201c\u00d3   Senhor, meu Deus, em ti ponho a minha esperan\u00e7a; desde jovem eu tenho   confiado em ti. Tu \u00e9s a minha parte desde as entranhas maternas. Agora   que sou velho e de cabelos brancos n\u00e3o te afaste de mim at\u00e9 que eu   anuncie o teu bra\u00e7o, teu poder e tua justi\u00e7a \u00e0s gera\u00e7\u00f5es futuras. Nossos   pais confiaram em ti, confiavam e tu os salvavas; eles gritavam a ti e   escapavam, confiavam em ti e nunca se envergonharam. As pessoas dos   tempos futuros o servir\u00e3o e anunciar\u00e3o o Senhor \u00e0 gera\u00e7\u00e3o seguinte. Os   que ainda n\u00e3o nasceram ouvir\u00e3o do que Ele fez: \u2018Deus realizou a sua   justi\u00e7a\u2019.\u201d*<\/p>\n<p>Para os que n\u00e3o tiveram o privil\u00e9gio de estar no evangelho h\u00e1 tantas   gera\u00e7\u00f5es, fica a oportunidade ainda mais honrosa de serem os  iniciadores  de uma sequ\u00eancia de gera\u00e7\u00f5es fi\u00e9is. O salmista chama os  mais jovens  para descobrirem por si mesmos a beleza que \u00e9 ter Deus como  Senhor:  \u201cVenham, meus jovens amigos, e escutem. Voc\u00eas querem  aproveitar a vida?  Querem viver muito e ser felizes? Provem e vejam  como Deus \u00e9 bom,  procurem descobrir por si mesmos a sua bondade\u201d.*<\/p>\n<p>Entre os 1960 jovens que responderam \u00e0 pesquisa \u201cJuventude   Evang\u00e9lica: cren\u00e7as, valores, atitudes e sonhos\u201d, 81% declararam que t\u00eam   m\u00e3e evang\u00e9lica e 61 % que t\u00eam pai evang\u00e9lico. Leia mais na <strong>Ultimato<\/strong> de setembro-outubro.<\/p>\n<p>*Salmos 70.5-6, 18; 22.4, 5, 31,32; 34.11-12 adaptados das vers\u00f5es NTLH e A B\u00edblia de Jerusal\u00e9m.<\/p>\n<p>Kl\u00eania C. Fassoni (Publicado originalmente no blog <a href=\"http:\/\/www.ultimato.com.br\/blog\/2010\/09\/20\/prateleira\/de-tataravo-para-tataraneto.html#more-1945\">Ultimato<\/a>)<\/p>\n","protected":false},"excerpt":{"rendered":"<p>Caminhando com meu filho de 9 anos, ele me disse que o vers\u00edculo a ser decorado naquela semana a pedido do professor da Escola Dominical era Jo\u00e3o 3.16. Contei-lhe que eu decorei este verso provavelmente com a mesma idade dele e que este texto-chave do evangelho era constantemente repetido em nossa casa. Meus pais tamb\u00e9m [&hellip;]<\/p>\n","protected":false},"author":8,"featured_media":0,"comment_status":"open","ping_status":"open","sticky":false,"template":"","format":"standard","meta":{"ngg_post_thumbnail":0,"footnotes":""},"categories":[6054],"tags":[],"class_list":["post-60","post","type-post","status-publish","format-standard","hentry","category-textos"],"_links":{"self":[{"href":"https:\/\/ultimato.com.br\/sites\/jovem\/wp-json\/wp\/v2\/posts\/60","targetHints":{"allow":["GET"]}}],"collection":[{"href":"https:\/\/ultimato.com.br\/sites\/jovem\/wp-json\/wp\/v2\/posts"}],"about":[{"href":"https:\/\/ultimato.com.br\/sites\/jovem\/wp-json\/wp\/v2\/types\/post"}],"author":[{"embeddable":true,"href":"https:\/\/ultimato.com.br\/sites\/jovem\/wp-json\/wp\/v2\/users\/8"}],"replies":[{"embeddable":true,"href":"https:\/\/ultimato.com.br\/sites\/jovem\/wp-json\/wp\/v2\/comments?post=60"}],"version-history":[{"count":8,"href":"https:\/\/ultimato.com.br\/sites\/jovem\/wp-json\/wp\/v2\/posts\/60\/revisions"}],"predecessor-version":[{"id":187,"href":"https:\/\/ultimato.com.br\/sites\/jovem\/wp-json\/wp\/v2\/posts\/60\/revisions\/187"}],"wp:attachment":[{"href":"https:\/\/ultimato.com.br\/sites\/jovem\/wp-json\/wp\/v2\/media?parent=60"}],"wp:term":[{"taxonomy":"category","embeddable":true,"href":"https:\/\/ultimato.com.br\/sites\/jovem\/wp-json\/wp\/v2\/categories?post=60"},{"taxonomy":"post_tag","embeddable":true,"href":"https:\/\/ultimato.com.br\/sites\/jovem\/wp-json\/wp\/v2\/tags?post=60"}],"curies":[{"name":"wp","href":"https:\/\/api.w.org\/{rel}","templated":true}]}}