{"id":5981,"date":"2017-05-03T20:17:00","date_gmt":"2017-05-03T23:17:00","guid":{"rendered":"http:\/\/ultimato.com.br\/sites\/jovem\/?p=5981"},"modified":"2017-05-03T20:17:00","modified_gmt":"2017-05-03T23:17:00","slug":"vivendo-a-vida-correndo-atras-do-vento","status":"publish","type":"post","link":"https:\/\/ultimato.com.br\/sites\/jovem\/2017\/05\/03\/vivendo-a-vida-correndo-atras-do-vento\/","title":{"rendered":"Vivendo a vida correndo atr\u00e1s do vento"},"content":{"rendered":"<p><em>Por Renan Vin\u00edcius<\/em><\/p>\n<p><img loading=\"lazy\" decoding=\"async\" class=\"alignright size-medium wp-image-5982\" src=\"http:\/\/ultimato.com.br\/sites\/jovem\/files\/2017\/05\/Ult_Jovem_03_05_17_vento-300x199.jpg\" alt=\"\" width=\"300\" height=\"199\" srcset=\"https:\/\/ultimato.com.br\/sites\/jovem\/files\/2017\/05\/Ult_Jovem_03_05_17_vento-300x199.jpg 300w, https:\/\/ultimato.com.br\/sites\/jovem\/files\/2017\/05\/Ult_Jovem_03_05_17_vento-768x511.jpg 768w, https:\/\/ultimato.com.br\/sites\/jovem\/files\/2017\/05\/Ult_Jovem_03_05_17_vento-1024x681.jpg 1024w, https:\/\/ultimato.com.br\/sites\/jovem\/files\/2017\/05\/Ult_Jovem_03_05_17_vento-732x487.jpg 732w, https:\/\/ultimato.com.br\/sites\/jovem\/files\/2017\/05\/Ult_Jovem_03_05_17_vento.jpg 1140w\" sizes=\"auto, (max-width: 300px) 100vw, 300px\" \/>Qual \u00e9 o motivo que te faz acordar cedo todos os dias? O que te motiva a encarar horas no tr\u00e2nsito ou dividir\u00a0um vag\u00e3o de trem com uma multid\u00e3o todas as manh\u00e3s e ao fim de um longo expediente numa rotina cansativa? Muito provavelmente, voc\u00ea faz\u00a0isso por uma simples necessidade: (sobre)viver.<\/p>\n<p>No livro de Eclesiastes, o rei Salom\u00e3o diz que \u201cs\u00f3 mesmo um louco chegaria ao ponto de cruzar os bra\u00e7os e\u00a0passar fome at\u00e9 morrer\u201d (Ecleasiastes 4:6 NTLH). Sua observa\u00e7\u00e3o \u00e9 pertinente: se voc\u00ea n\u00e3o trabalhar e n\u00e3o tiver algu\u00e9m que o\u00a0sustente, certamente passar\u00e1 por momentos dif\u00edceis nesta vida. No entanto, muitas vezes as coisas passam\u00a0do limite e vivemos para ter \u2013 e n\u00e3o ser. Desejamos o carro do ano, o celular de \u00faltima gera\u00e7\u00e3o, o Instagram\u00a0repleto de fotos invej\u00e1veis (mostrando os p\u00e9s em frente ao mar em plena tarde de segunda-feira), entre outras\u00a0coisas.<\/p>\n<p>Para isso, nos sacrificamos, trabalhamos mais \u2013 mesmo que isso signifique deixar a fam\u00edlia e os amigos de\u00a0lado. Muitas vezes essas a\u00e7\u00f5es s\u00e3o justificadas com boas inten\u00e7\u00f5es, como \u201cquero proporcionar mais conforto para minha fam\u00edlia\u201d. No entanto,\u00a0quando conseguimos o que tanto quer\u00edamos, n\u00e3o nos contentamos: queremos ainda mais, correndo o risco de entrarmos num ciclo\u00a0vicioso.\u00a0Nesse sentido,\u00a0Salom\u00e3o nos adverte que \u201c\u00e9 melhor ter pouco numa das m\u00e3os, com paz de esp\u00edrito, do que estar sempre com\u00a0as duas m\u00e3os cheias de trabalho, tentando pegar o vento\u201d (Ecleasiastes 4:6 NTLH).<\/p>\n<p>N\u00e3o h\u00e1 nada de errado em viajar ou trabalhar para comprar algo que voc\u00ea tanto deseja \u2013 como disse Benjamin Franklin, \u201co trabalho dignifica o homem\u201d. Estaria mentindo ao\u00a0negar que a sensa\u00e7\u00e3o de comprar algum objeto desejado ou ter algum sonho realizado \u00e9 gratificante, mas na\u00a0insaci\u00e1vel vontade de crescermos e termos mais, cometemos erros. Muitas vezes buscamos a derrota do outro e nos\u00a0esquecemos do que \u00e9 verdadeiramente importante: vivermos uma vida que testemunhe o evangelho de Cristo.<!--more--><\/p>\n<p>Voc\u00ea j\u00e1 parou para pensar o que tem sido o centro de sua vida, de suas a\u00e7\u00f5es?\u00a0Lembre-se sempre do que o nosso Senhor Jesus Cristo disse durante o Serm\u00e3o da Montanha:\u00a0\u201cPor isso eu digo a voc\u00eas: n\u00e3o se preocupem com a comida e com a bebida que precisam para viver nem com a roupa que precisam para se vestir. Afinal, ser\u00e1 que a vida n\u00e3o \u00e9 mais importante do que a comida? E ser\u00e1 que o corpo n\u00e3o \u00e9 mais importante do que as roupas?\u201d (Mateus 6:25 NTLH).<\/p>\n<p>\u201cE por que voc\u00eas se preocupam com roupas? Vejam como crescem as flores do campo: elas n\u00e3o trabalham, nem fazem roupas para si mesmas. Mas eu afirmo a voc\u00eas que nem mesmo Salom\u00e3o, sendo t\u00e3o rico, usava roupas t\u00e3o bonitas como essas flores. \u00c9 Deus quem veste a erva do campo, que hoje d\u00e1 flor e amanh\u00e3 desaparece, queimada no forno. Ent\u00e3o \u00e9 claro que ele vestir\u00e1 tamb\u00e9m voc\u00eas, que t\u00eam uma f\u00e9 t\u00e3o pequena! Portanto, n\u00e3o fiquem preocupados, perguntando: \u2018Onde \u00e9 que vamos arranjar comida?\u2019 ou \u2018Onde \u00e9 que vamos arranjar bebida?\u2019 ou \u2018Onde \u00e9 que vamos arranjar roupas?\u2019 Pois os pag\u00e3os \u00e9 que est\u00e3o sempre procurando essas coisas. O Pai de voc\u00eas, que est\u00e1 no c\u00e9u, sabe que voc\u00eas precisam de tudo isso\u201d (Mateus 6:28-32 NTLH).<\/p>\n<p>Em nossa mania de autossufici\u00eancia, fazemos in\u00fameros planos, criamos in\u00fameros projetos e vivemos unicamente em busca de realiz\u00e1-los. Infelizmente, na maior parte das vezes\u00a0sequer pensamos se esses planos s\u00e3o os que Deus tem planejado para nossas vidas \u2013 e ficamos profundamente aborrecidos quando n\u00e3o conseguimos realiz\u00e1-los.\u00a0Devemos pedir ao Senhor que cumpra a vontade dele em nossas vidas, e que nos ensine a aceit\u00e1-la.<\/p>\n<p>Precisamos deixar nosso ego de lado,\u00a0nos entregar cada vez mais a Ele, confiar em seu poder\u00a0e substituir\u00a0os pensamentos de ansiedade por momentos de intimidade com o Pai.\u00a0\u201cPortanto, ponham em primeiro lugar na sua vida o Reino de Deus e aquilo que Deus quer, e ele lhes dar\u00e1 todas essas coisas. Por isso, n\u00e3o fiquem preocupados com o dia de amanh\u00e3, pois o dia de amanh\u00e3 trar\u00e1 as suas pr\u00f3prias preocupa\u00e7\u00f5es. Para cada dia bastam as suas pr\u00f3prias dificuldades\u201d (Mateus 6:33-34 NTLH).<\/p>\n<ul>\n<li><strong>Renan Vin\u00edcius<\/strong>\u00a0tem 23 anos,\u00a0\u00e9 paulista de certid\u00e3o e goiano de cora\u00e7\u00e3o.\u00a0Faz mestrado em computa\u00e7\u00e3o, onde investiga a utiliza\u00e7\u00e3o de recursos computacionais no processo de reabilita\u00e7\u00e3o motora. \u00c9 membro da Igreja Presbiteriana de Higien\u00f3polis, em S\u00e3o Paulo. Escreve em seu blog pessoal,\u00a0<a href=\"http:\/\/tudoaver.com.br\/blogs\/assim-eu-sou\/\">Assim eu sou<\/a>.<\/li>\n<\/ul>\n","protected":false},"excerpt":{"rendered":"<p>Por Renan Vin\u00edcius Qual \u00e9 o motivo que te faz acordar cedo todos os dias? O que te motiva a encarar horas no tr\u00e2nsito ou dividir\u00a0um vag\u00e3o de trem com uma multid\u00e3o todas as manh\u00e3s e ao fim de um longo expediente numa rotina cansativa? Muito provavelmente, voc\u00ea faz\u00a0isso por uma simples necessidade: (sobre)viver. No [&hellip;]<\/p>\n","protected":false},"author":19,"featured_media":0,"comment_status":"open","ping_status":"open","sticky":false,"template":"","format":"standard","meta":{"ngg_post_thumbnail":0,"footnotes":""},"categories":[6054],"tags":[5471,31843,6048],"class_list":["post-5981","post","type-post","status-publish","format-standard","hentry","category-textos","tag-eclesiastes","tag-renan-vinicius","tag-tempo"],"_links":{"self":[{"href":"https:\/\/ultimato.com.br\/sites\/jovem\/wp-json\/wp\/v2\/posts\/5981","targetHints":{"allow":["GET"]}}],"collection":[{"href":"https:\/\/ultimato.com.br\/sites\/jovem\/wp-json\/wp\/v2\/posts"}],"about":[{"href":"https:\/\/ultimato.com.br\/sites\/jovem\/wp-json\/wp\/v2\/types\/post"}],"author":[{"embeddable":true,"href":"https:\/\/ultimato.com.br\/sites\/jovem\/wp-json\/wp\/v2\/users\/19"}],"replies":[{"embeddable":true,"href":"https:\/\/ultimato.com.br\/sites\/jovem\/wp-json\/wp\/v2\/comments?post=5981"}],"version-history":[{"count":3,"href":"https:\/\/ultimato.com.br\/sites\/jovem\/wp-json\/wp\/v2\/posts\/5981\/revisions"}],"predecessor-version":[{"id":5985,"href":"https:\/\/ultimato.com.br\/sites\/jovem\/wp-json\/wp\/v2\/posts\/5981\/revisions\/5985"}],"wp:attachment":[{"href":"https:\/\/ultimato.com.br\/sites\/jovem\/wp-json\/wp\/v2\/media?parent=5981"}],"wp:term":[{"taxonomy":"category","embeddable":true,"href":"https:\/\/ultimato.com.br\/sites\/jovem\/wp-json\/wp\/v2\/categories?post=5981"},{"taxonomy":"post_tag","embeddable":true,"href":"https:\/\/ultimato.com.br\/sites\/jovem\/wp-json\/wp\/v2\/tags?post=5981"}],"curies":[{"name":"wp","href":"https:\/\/api.w.org\/{rel}","templated":true}]}}