{"id":5958,"date":"2017-04-28T11:30:59","date_gmt":"2017-04-28T14:30:59","guid":{"rendered":"http:\/\/ultimato.com.br\/sites\/jovem\/?p=5958"},"modified":"2017-04-28T11:30:59","modified_gmt":"2017-04-28T14:30:59","slug":"o-primeiro-dia-do-resto-de-nossas-vidas-diario-de-um-vocariano","status":"publish","type":"post","link":"https:\/\/ultimato.com.br\/sites\/jovem\/2017\/04\/28\/o-primeiro-dia-do-resto-de-nossas-vidas-diario-de-um-vocariano\/","title":{"rendered":"O primeiro dia do resto de nossas vidas (Di\u00e1rio de um vocariano)"},"content":{"rendered":"<p><em><img loading=\"lazy\" decoding=\"async\" class=\"alignright size-medium wp-image-5959\" src=\"http:\/\/ultimato.com.br\/sites\/jovem\/files\/2017\/04\/Ult_Jovem_28_04_17_primeiro_dia-300x200.jpg\" alt=\"\" width=\"300\" height=\"200\" srcset=\"https:\/\/ultimato.com.br\/sites\/jovem\/files\/2017\/04\/Ult_Jovem_28_04_17_primeiro_dia-300x200.jpg 300w, https:\/\/ultimato.com.br\/sites\/jovem\/files\/2017\/04\/Ult_Jovem_28_04_17_primeiro_dia-768x512.jpg 768w, https:\/\/ultimato.com.br\/sites\/jovem\/files\/2017\/04\/Ult_Jovem_28_04_17_primeiro_dia.jpg 1024w, https:\/\/ultimato.com.br\/sites\/jovem\/files\/2017\/04\/Ult_Jovem_28_04_17_primeiro_dia-732x488.jpg 732w\" sizes=\"auto, (max-width: 300px) 100vw, 300px\" \/>Por Renato Alt<\/em><\/p>\n<p>Mano, \u00faltimo dia! Como assim?? Parece que cheguei aqui n\u00e3o tem nem meia hora, velho\u2026 Pra quem nem queria vir eu agora fazendo o reclam\u00e3o t\u00f4 o m\u00e1ximo, fala\u00ed.<\/p>\n<p>Mas aqui, antes de falar como foi o encerramento, deixa eu contar de ontem pra n\u00e3o esquecer. O neg\u00f3cio da trilha foi o seguinte: veio uma galera de convidados pra falar pra gente, s\u00f3 fera, mano. Ent\u00e3o tinha um mega painel logo na entrada com um monte de tema e tal e o nome de quem ia falar sobre aquilo. Os caras chamaram de \u201ctrilha\u201d porque cada um podia montar sua pr\u00f3pria programa\u00e7\u00e3o, saca? Por exemplo, ia l\u00e1 pra ouvir sobre \u201cigreja perseguida\u201d e depois partia pra outra sala pra ouvir sobre \u201ccomo descobrir sua voca\u00e7\u00e3o mission\u00e1ria\u201d. Muito maneiro, foi show pra poder saber um pouco dessas paradas que ficam martelando\u2026 Esse lance de \u201cdescobrir a voca\u00e7\u00e3o\u201d explodiu minha cabe\u00e7a, mano, porque assim, uma das coisas que o maluco l\u00e1 falou foi que tipo a gente n\u00e3o precisa abrir m\u00e3o do sonho de ser um profissional de alguma \u00e1rea pra ser mission\u00e1rio, entendeu? Sempre rola aquela n\u00f3ia de \u201cputz, queria ir pro campo mission\u00e1rio mas quero ser\u2026 sei l\u00e1\u2026 ge\u00f3logo. N\u00e3o rola\u2026\u201d Rola muito, v\u00e9i, demais, porque vai ser isso a\u00ed que tu vai usar mesmo, saca? De algum jeito vai, mano. E tipo, o evento rolou numa universidade, n\u00e9\u2026 os caras toda hora falavam \u201ctermina tua faculdade a\u00ed, maluco, que lugar pra ti no campo vai ter sempre\u201d. E \u00e9 isso, brow, estar disposto a ir. A gente se instrui, se prepara e p\u00e1\u2026 \u00e9 isso a\u00ed que Deus vai usar. Nada \u00e9 por acaso.<\/p>\n<p>A\u00ed entra a parada do ConnecTED. T\u00e1 ligado nessas feiras que rolam de vez em quando pra galera da faculdade, onde v\u00e3o empresas e tal pra se apresentar e mostrar oportunidades? \u00c9 tipo isso, s\u00f3 que voltado pra miss\u00f5es. Ent\u00e3o vamo dizer que tu queira ir pra \u00cdndia. Tem l\u00e1 um stand de uma miss\u00e3o ou \u00f3rg\u00e3o que atua nesse campo e que te diz tudo o que voc\u00ea precisa saber pra ver se \u00e9 isso que tu quer mesmo e, se for, o que \u00e9 que tem que fazer pra isso acontecer. Tipo passo a passo mesmo. A\u00ed enquanto voc\u00ea t\u00e1 l\u00e1 comendo um lanche e conversando com a galera, os caras t\u00e3o te explicando tudo, clima informalz\u00e3o mesmo\u2026 e tu sai cheio de contato. Essa \u00e9 que a principal parada\u2026 como j\u00e1 falei um milh\u00e3o de vezes, eu sempre tive essa coisa de ir pra miss\u00f5es mas ficava meio perdido sem saber o que fazer ou o que falar e o que precisava era disso a\u00ed. Ali tava tudo reunido, mano. Parada pr\u00e1tica mesmo, faz voc\u00ea ver que n\u00e3o \u00e9 nada de outro mundo n\u00e3o.<!--more--><\/p>\n<p>E mano, os caras do VOCARE pensaram em tudo mesmo. Muito sinistro. Tou dizendo isso porque ao mesmo tempo em que toda essa programa\u00e7\u00e3o e informa\u00e7\u00e3o traz um monte de resposta, traz junto um monte de pergunta, n\u00e9? Normal, p\u00f4, j\u00e1 que de repente o cara sabe, por exemplo, que tem o chamado e tal mas sei l\u00e1\u2026 vamo dizer que o pai n\u00e3o quer que ele seja mission\u00e1rio. L\u00f3gico que rola um pancad\u00e3o. A\u00ed o que fizeram aqui? Botaram uma galera pra aconselhar quem quisesse, de tudo quanto \u00e9 jeito. Olha que show. Eu enchi o saco do psic\u00f3logo que tava ali, falei tanto que a cabe\u00e7a do cara deve estar latejando at\u00e9 agora,\u00a0 mas assim\u2026 \u00e9 bom demais falar com quem sabe do que tu t\u00e1 falando, at\u00e9 porque \u00a0tem toda a chance de j\u00e1 ter vivido isso tamb\u00e9m. Afinal mission\u00e1rio n\u00e3o \u00e9 s\u00f3 quem se joga do nada l\u00e1 pro fim do mundo, \u00e9 todo mundo que assume sua miss\u00e3o em qualquer lugar\u2026 inclusive dentro da pr\u00f3pria cl\u00ednica, no caso de um m\u00e9dico, psic\u00f3logo e tal. E tinha que ver a boa vontade do pessoal. Eu prestei aten\u00e7\u00e3o em volta e tava todo mundo sempre ocupado, envolvido com algu\u00e9m, orando, ouvindo, chorando junto. Bonito de ver, de verdade. O nome dessa parada era Hangout, eu virei cliente VIP ali. Se ganhasse milhagem cada vez que fosse l\u00e1 eu agora j\u00e1 teria o suficiente pra dar a volta ao mundo, seri\u00e3o.<\/p>\n<p>Velho, na real, eu tento, tento, tento, mas n\u00e3o d\u00e1 pra colocar aqui, escrevendo, o que foi participar desse evento ou o que rola l\u00e1. E olha que eu fui tipo direto ao ponto, falando dessas coisas mais pontuais e tal, s\u00f3 que o grande lance \u00e9 o contato que voc\u00ea tem com as pessoas, mano. S\u00e3o sei l\u00e1, mil e tantas que tem a mesma vontade, o mesmo drama, a mesma dificuldade, os mesmos sonhos, e a cumplicidade que isso faz a gente ter \u00e9 uma parada que n\u00e3o d\u00e1 pra explicar.\u00a0 \u00c9 tudo muito intenso.<\/p>\n<p>Sabe qual foi o fechamento? Bicho, sem palavras. Lembra que eu falei que tinha um revezamento l\u00e1 pra ler a B\u00edblia, que desde o primeiro minuto do VOCARE ficava uma pessoa l\u00e1 lendo um trecho? Pois \u00e9, o povo leu e inclusive durante o encerramento essa leitura ainda tava rolando. A\u00ed a gente tava l\u00e1 no gin\u00e1sio e de repente entram uma menina e um cara com essa B\u00edblia e um microfone na m\u00e3o, lendo o finalzinho de Apocalipse, cara. A\u00ed se liga: sem ningu\u00e9m falar nada, sem pedir, come\u00e7ou geral a ler junto com ela. Mano, que parada. Um minuto depois quem tava fazendo revezamento era eu, entre ler e chorar, porque foi bonito demais, cara. Imagina mil cabe\u00e7a lendo aquelas palavras, todo mundo junto. S\u00e9rio, encerrar o VOCARE encerrando junto a leitura da B\u00edblia inteira foi sensacional. Quando acabou eu fiquei l\u00e1 parado, chapado com a presen\u00e7a de Deus. Na real, to chapado at\u00e9 agora. E nem quero que acabe essa sensa\u00e7\u00e3o.<\/p>\n<p>A\u00ed depois n\u00e3o teve mais jeito, era hora de devolver o colch\u00e3o que aluguei e preparar pra voltar. Troquei contato com geral, l\u00f3gico, e j\u00e1 tou aqui com um monte de gente pra trocar ideia. Com certeza vai rolar alguma coisa.<\/p>\n<p>E deixa eu te falar: acabou l\u00e1 o evento, beleza, mas o VOCARE rola o tempo todo, cara. Tem v\u00e1rios outros eventos menores que v\u00e3o acontecer direto o ano todo, tipo o VOCARE Xperience, bl\u00e1 bl\u00e1 bl\u00e1. No site tem a agenda de tudo, v\u00e9i. \u00c9 s\u00f3 ver e se inscrever, vale total a pena, tou te falando. Eu, que comecei desanimada\u00e7o, agora j\u00e1 tou aqui contando os minutos pra estar no meio disso tudo de novo. Tenho certeza que tu tamb\u00e9m vai pirar quando participar, mano, \u00e9 muito, muito irado. Daquelas paradas que dividem a vida da gente entre antes e depois.<\/p>\n<p>E ali\u00e1s, d\u00e1 licen\u00e7a que a inscri\u00e7\u00e3o pro VOCARE 2018 j\u00e1 t\u00e1 rolando e vou clicar ali pra fazer a minha. Mas qualquer coisa \u00e9 s\u00f3 me mandar email perguntando que vou ficar amarrad\u00e3o em responder, beleza? \u00c9 n\u00f3ix!<\/p>\n<ul>\n<li><strong>Renalto Alt<\/strong>, ator e publicit\u00e1rio, volunt\u00e1rio na comunica\u00e7\u00e3o do Vocare.<\/li>\n<\/ul>\n<p>O pr\u00f3ximo Vocare acontecer\u00e1 de 31 de maio a 3 de junho de 2018, na Unicesumar em Maring\u00e1 -PR.\u00a0<strong>E as inscri\u00e7\u00f5es j\u00e1 est\u00e3o abertas!\u00a0<\/strong><a href=\"http:\/\/vocare.org.br\/sistema\/login.php\">Corra e se inscreva!<\/a><\/p>\n","protected":false},"excerpt":{"rendered":"<p>Por Renato Alt Mano, \u00faltimo dia! Como assim?? Parece que cheguei aqui n\u00e3o tem nem meia hora, velho\u2026 Pra quem nem queria vir eu agora fazendo o reclam\u00e3o t\u00f4 o m\u00e1ximo, fala\u00ed. Mas aqui, antes de falar como foi o encerramento, deixa eu contar de ontem pra n\u00e3o esquecer. O neg\u00f3cio da trilha foi o [&hellip;]<\/p>\n","protected":false},"author":19,"featured_media":0,"comment_status":"open","ping_status":"open","sticky":false,"template":"","format":"standard","meta":{"ngg_post_thumbnail":0,"footnotes":""},"categories":[6054],"tags":[20353,34044,16533,31880],"class_list":["post-5958","post","type-post","status-publish","format-standard","hentry","category-textos","tag-cronica","tag-renato-alt","tag-vocacao","tag-vocare2017"],"_links":{"self":[{"href":"https:\/\/ultimato.com.br\/sites\/jovem\/wp-json\/wp\/v2\/posts\/5958","targetHints":{"allow":["GET"]}}],"collection":[{"href":"https:\/\/ultimato.com.br\/sites\/jovem\/wp-json\/wp\/v2\/posts"}],"about":[{"href":"https:\/\/ultimato.com.br\/sites\/jovem\/wp-json\/wp\/v2\/types\/post"}],"author":[{"embeddable":true,"href":"https:\/\/ultimato.com.br\/sites\/jovem\/wp-json\/wp\/v2\/users\/19"}],"replies":[{"embeddable":true,"href":"https:\/\/ultimato.com.br\/sites\/jovem\/wp-json\/wp\/v2\/comments?post=5958"}],"version-history":[{"count":1,"href":"https:\/\/ultimato.com.br\/sites\/jovem\/wp-json\/wp\/v2\/posts\/5958\/revisions"}],"predecessor-version":[{"id":5960,"href":"https:\/\/ultimato.com.br\/sites\/jovem\/wp-json\/wp\/v2\/posts\/5958\/revisions\/5960"}],"wp:attachment":[{"href":"https:\/\/ultimato.com.br\/sites\/jovem\/wp-json\/wp\/v2\/media?parent=5958"}],"wp:term":[{"taxonomy":"category","embeddable":true,"href":"https:\/\/ultimato.com.br\/sites\/jovem\/wp-json\/wp\/v2\/categories?post=5958"},{"taxonomy":"post_tag","embeddable":true,"href":"https:\/\/ultimato.com.br\/sites\/jovem\/wp-json\/wp\/v2\/tags?post=5958"}],"curies":[{"name":"wp","href":"https:\/\/api.w.org\/{rel}","templated":true}]}}