{"id":5879,"date":"2017-04-10T10:06:25","date_gmt":"2017-04-10T13:06:25","guid":{"rendered":"http:\/\/ultimato.com.br\/sites\/jovem\/?p=5879"},"modified":"2017-04-10T10:06:25","modified_gmt":"2017-04-10T13:06:25","slug":"conto-pascal-paulistano","status":"publish","type":"post","link":"https:\/\/ultimato.com.br\/sites\/jovem\/2017\/04\/10\/conto-pascal-paulistano\/","title":{"rendered":"Conto pascal paulistano"},"content":{"rendered":"<p><em><img loading=\"lazy\" decoding=\"async\" class=\"alignright wp-image-5880 size-medium\" src=\"http:\/\/ultimato.com.br\/sites\/jovem\/files\/2017\/04\/Ult_Jovem_10_04_17_conto_pascal-300x200.jpg\" alt=\"\" width=\"300\" height=\"200\" srcset=\"https:\/\/ultimato.com.br\/sites\/jovem\/files\/2017\/04\/Ult_Jovem_10_04_17_conto_pascal-300x200.jpg 300w, https:\/\/ultimato.com.br\/sites\/jovem\/files\/2017\/04\/Ult_Jovem_10_04_17_conto_pascal-150x100.jpg 150w, https:\/\/ultimato.com.br\/sites\/jovem\/files\/2017\/04\/Ult_Jovem_10_04_17_conto_pascal.jpg 640w\" sizes=\"auto, (max-width: 300px) 100vw, 300px\" \/>Por Daniel Theodoro<\/em><\/p>\n<p>Maria Durvalina &#8211; 27 anos, negra, m\u00e3e de J\u00fanior, Ismael e Davi, ex-prostituta, liberta da Lei do pecado h\u00e1 10 anos e sob prote\u00e7\u00e3o da Lei Maria da Penha atualmente &#8211; transborda de alegria e quase acorda a sonolenta casa com um sonoro \u201cGl\u00f3ria a Deus!\u201d quando, ainda de madrugada, recebe no celular pr\u00e9-pago a confirma\u00e7\u00e3o da sele\u00e7\u00e3o para a vaga de empacotador tempor\u00e1rio em abril, em uma f\u00e1brica de chocolates, na Zona Leste de S\u00e3o Paulo. N\u00e3o \u00e9 mentira. No primeiro dia do m\u00eas, a mensagem de texto ressuscita em Durvalina a expectativa por uma efetiva\u00e7\u00e3o, embora ela tenha aprendido a n\u00e3o contar com o resoluto carimbo da empresa na Carteira de Trabalho ao final de um curto per\u00edodo de contrata\u00e7\u00e3o.<\/p>\n<p>Experiente na rotina de fazer bicos, ela sabe como ser\u00e1 o m\u00eas. Ver\u00e1 pouco as crian\u00e7as, trabalhar\u00e1 muito e dormir\u00e1 menos. Pensa que perder\u00e1 a cantata de p\u00e1scoa porque n\u00e3o ter\u00e1 tempo para os ensaios &#8211; se o an\u00fancio da vaga n\u00e3o deixava claro o plant\u00e3o aos s\u00e1bados e domingos do m\u00eas, a recrutadora far\u00e1 quest\u00e3o de tirar a d\u00favida logo no primeiro contato com os aspirantes. Na verdade, muitos novatos s\u00e3o antigos visitantes do quadro rotativo de funcion\u00e1rios tempor\u00e1rios nos meses em que a produ\u00e7\u00e3o exige mais m\u00e3o-de-obra. Da \u00faltima vez em que esteve na f\u00e1brica, um ano atr\u00e1s, Durva &#8211; como \u00e9 chamada pelos efetivos &#8211; aprendeu um nome novo para a fun\u00e7\u00e3o: <em>freelancer<\/em>, palavra cujo significado n\u00e3o sabe, mas ela gosta porque \u00e9 ingl\u00eas e d\u00e1 maior de dignidade ao trabalhador.<\/p>\n<p>Empregada, sabe que passar\u00e1 a gastar, pelo menos, quatro horas no transporte p\u00fablico todos os dias de abril. Na viagem, observar\u00e1 algo novo: ficar\u00e1 para depois o compensat\u00f3rio cochilo no banco gelado do trem, que sai ainda de madrugada da esta\u00e7\u00e3o Graja\u00fa, zona sul da capital. Perceber\u00e1 que os vendedores informais, que eram poucos nos vag\u00f5es meses atr\u00e1s, se multiplicaram &#8211; talvez reflexo da tal recess\u00e3o de que ela escuta falar no r\u00e1dio &#8211; e aproveitam para promover uma verdadeira gritaria sobre trilhos, vendendo pen drives, porta-cart\u00f5es, \u00e1gua e chicletes, antes que o fiscal recolha tudo e determine um ponto-final onde todos descer\u00e3o. Imposs\u00edvel estender o sono no trem barulhento.<!--more--><\/p>\n<p>Quase son\u00e2mbula de cansa\u00e7o, tentar\u00e1 trocar novamente o turno de trabalho no domingo de p\u00e1scoa. Depois de escutar alguns \u2018n\u00e3os\u2019, se arriscar\u00e1 abandonando o expediente uma hora mais cedo e chegar\u00e1 \u00e0 igreja a tempo de assistir ao final da apresenta\u00e7\u00e3o do coral. Do \u00faltimo banco da igrejinha localizada no perif\u00e9rico bairro Cantinho do C\u00e9u, pontuar\u00e1 a divis\u00e3o das vozes, chorar\u00e1 com o solfejo harmonioso suas crian\u00e7as, achar\u00e1 lindo o soprano e notar\u00e1 que seu pesado contralto fez falta pelo quinto ano seguido. Acostumada ao anonimato do fundo da congrega\u00e7\u00e3o, prestar\u00e1 aten\u00e7\u00e3o \u00e0 pr\u00e9dica pastoral que condenar\u00e1 o vi\u00e9s mercadol\u00f3gico da p\u00e1scoa secular, guardar\u00e1 um pouco de vergonha por ter empacotado tr\u00eas mil ovos s\u00f3 naquele dia de trabalho, n\u00e3o ter\u00e1 vontade de tomar a ceia.<\/p>\n<p><img loading=\"lazy\" decoding=\"async\" class=\"alignleft size-thumbnail wp-image-5875\" src=\"http:\/\/ultimato.com.br\/sites\/jovem\/files\/2017\/04\/selo_Ele_Vive-150x150.png\" alt=\"\" width=\"150\" height=\"150\" srcset=\"https:\/\/ultimato.com.br\/sites\/jovem\/files\/2017\/04\/selo_Ele_Vive-150x150.png 150w, https:\/\/ultimato.com.br\/sites\/jovem\/files\/2017\/04\/selo_Ele_Vive-80x80.png 80w\" sizes=\"auto, (max-width: 150px) 100vw, 150px\" \/>Indigna \u00e0 porta da igreja na sa\u00edda do culto, ser\u00e1 mais uma vez afrontada por alguns irm\u00e3os que voltar\u00e3o a critic\u00e1-la por ter trocado a obra do Senhor pelo trabalho na f\u00e1brica. Cansada, evitar\u00e1 discuss\u00e3o. Pegar\u00e1 as crian\u00e7as pelas m\u00e3os, uma de cada lado, caminhar\u00e1 para casa, esperar\u00e1 dobrar a esquina para ent\u00e3o tirar da bolsa as brilhantes embalagens com ovos de p\u00e1scoa que o novo patr\u00e3o deixou trazer para elas. Se emocionar\u00e1 com a festiva rea\u00e7\u00e3o dos filhos mais novos, dir\u00e1 que eles s\u00f3 poder\u00e3o abrir quando chegar em casa, depois de agradecer a Jesus pelo presente da p\u00e1scoa. Curiosas, as duas crian\u00e7as notar\u00e3o que a bolsa da m\u00e3e\u00a0permanecer\u00e1 volumosa, mas Maria Durvalina n\u00e3o lhes dir\u00e1 nada. Dentro est\u00e1 o ovo de p\u00e1scoa do J\u00fanior. Mas ele s\u00f3 poder\u00e1 abri-lo em maio quando a m\u00e3e desempregada ter\u00e1 o fim de semana livre para visit\u00e1-lo no Complexo Br\u00e1s da Funda\u00e7\u00e3o Casa.<\/p>\n<ul>\n<li>Daniel Theodoro, 32 anos. Crist\u00e3o \u201cem reforma\u201d e membro nascido na Igreja Presbiteriana Maranata de Santo Andr\u00e9 (SP). Casado com a Fernanda. Formado em Jornalismo e estudante de Letras.<\/li>\n<\/ul>\n","protected":false},"excerpt":{"rendered":"<p>Por Daniel Theodoro Maria Durvalina &#8211; 27 anos, negra, m\u00e3e de J\u00fanior, Ismael e Davi, ex-prostituta, liberta da Lei do pecado h\u00e1 10 anos e sob prote\u00e7\u00e3o da Lei Maria da Penha atualmente &#8211; transborda de alegria e quase acorda a sonolenta casa com um sonoro \u201cGl\u00f3ria a Deus!\u201d quando, ainda de madrugada, recebe no [&hellip;]<\/p>\n","protected":false},"author":19,"featured_media":0,"comment_status":"open","ping_status":"open","sticky":false,"template":"","format":"standard","meta":{"ngg_post_thumbnail":0,"footnotes":""},"categories":[6054],"tags":[29157,31854,31889,5851],"class_list":["post-5879","post","type-post","status-publish","format-standard","hentry","category-textos","tag-conto","tag-daniel-theodoro","tag-ele-vive","tag-pascoa"],"_links":{"self":[{"href":"https:\/\/ultimato.com.br\/sites\/jovem\/wp-json\/wp\/v2\/posts\/5879","targetHints":{"allow":["GET"]}}],"collection":[{"href":"https:\/\/ultimato.com.br\/sites\/jovem\/wp-json\/wp\/v2\/posts"}],"about":[{"href":"https:\/\/ultimato.com.br\/sites\/jovem\/wp-json\/wp\/v2\/types\/post"}],"author":[{"embeddable":true,"href":"https:\/\/ultimato.com.br\/sites\/jovem\/wp-json\/wp\/v2\/users\/19"}],"replies":[{"embeddable":true,"href":"https:\/\/ultimato.com.br\/sites\/jovem\/wp-json\/wp\/v2\/comments?post=5879"}],"version-history":[{"count":2,"href":"https:\/\/ultimato.com.br\/sites\/jovem\/wp-json\/wp\/v2\/posts\/5879\/revisions"}],"predecessor-version":[{"id":5882,"href":"https:\/\/ultimato.com.br\/sites\/jovem\/wp-json\/wp\/v2\/posts\/5879\/revisions\/5882"}],"wp:attachment":[{"href":"https:\/\/ultimato.com.br\/sites\/jovem\/wp-json\/wp\/v2\/media?parent=5879"}],"wp:term":[{"taxonomy":"category","embeddable":true,"href":"https:\/\/ultimato.com.br\/sites\/jovem\/wp-json\/wp\/v2\/categories?post=5879"},{"taxonomy":"post_tag","embeddable":true,"href":"https:\/\/ultimato.com.br\/sites\/jovem\/wp-json\/wp\/v2\/tags?post=5879"}],"curies":[{"name":"wp","href":"https:\/\/api.w.org\/{rel}","templated":true}]}}