{"id":575,"date":"2011-04-01T15:15:18","date_gmt":"2011-04-01T18:15:18","guid":{"rendered":"http:\/\/ultimato.com.br\/sites\/jovem\/?p=575"},"modified":"2011-04-01T15:15:45","modified_gmt":"2011-04-01T18:15:45","slug":"chamado","status":"publish","type":"post","link":"https:\/\/ultimato.com.br\/sites\/jovem\/2011\/04\/01\/chamado\/","title":{"rendered":"Voc\u00ea j\u00e1 sentiu um forte chamado?"},"content":{"rendered":"<p><a href=\"http:\/\/www.ultimato.com.br\/loja\/produtos\/chamado-radical\" target=\"_blank\"><img loading=\"lazy\" decoding=\"async\" class=\"alignright size-full wp-image-576\" title=\"chamado_radical\" src=\"http:\/\/ultimato.com.br\/sites\/jovem\/files\/2011\/04\/chamado_radical.jpg\" alt=\"\" width=\"216\" height=\"320\" srcset=\"https:\/\/ultimato.com.br\/sites\/jovem\/files\/2011\/04\/chamado_radical.jpg 216w, https:\/\/ultimato.com.br\/sites\/jovem\/files\/2011\/04\/chamado_radical-202x300.jpg 202w, https:\/\/ultimato.com.br\/sites\/jovem\/files\/2011\/04\/chamado_radical-101x150.jpg 101w\" sizes=\"auto, (max-width: 216px) 100vw, 216px\" \/><\/a>Voc\u00ea j\u00e1 sentiu um forte chamado, um desejo que rasga suas veias e uma vontade irresist\u00edvel de servir a Deus sem levar em conta dist\u00e2ncia, tempo ou fronteiras?<\/p>\n<p>Chamado Radical narra a emocionante hist\u00f3ria da autora, que, aos dezessete anos, abra\u00e7ou o desafio de se embrenhar na selva amaz\u00f4nica, com a B\u00edblia na m\u00e3o e uma id\u00e9ia na cabe\u00e7a, para falar de Deus nos lugares mais long\u00ednquos do pa\u00eds.<\/p>\n<p>E, mais do que descrever experi\u00eancias incomuns, engra\u00e7adas e cheias do cuidado de Deus, Br\u00e1ulia Ribeiro prop\u00f5e uma reflex\u00e3o sobre a evangeliza\u00e7\u00e3o de grupos sociais paralelos. At\u00e9 que ponto suprimimos a liberdade desses grupos? At\u00e9 onde podemos chegar sem &#8220;cortar suas ra\u00edzes&#8221; e como perceber se estamos seguindo os caminhos de Deus ou nossos pr\u00f3prios caminhos?<\/p>\n<p>Se voc\u00ea est\u00e1 pronto para uma &#8220;aventura&#8221; como esta ou precisa de mais orienta\u00e7\u00e3o sobre como achar o melhor caminho a ser trilhado, \u00e9 hora de ler Chamado Radical.<\/p>\n<p>Saiba mais sobre este livro <a href=\"http:\/\/www.ultimato.com.br\/loja\/produtos\/chamado-radical\" target=\"_blank\">aqui<\/a>.<\/p>\n","protected":false},"excerpt":{"rendered":"<p>Voc\u00ea j\u00e1 sentiu um forte chamado, um desejo que rasga suas veias e uma vontade irresist\u00edvel de servir a Deus sem levar em conta dist\u00e2ncia, tempo ou fronteiras? Chamado Radical narra a emocionante hist\u00f3ria da autora, que, aos dezessete anos, abra\u00e7ou o desafio de se embrenhar na selva amaz\u00f4nica, com a B\u00edblia na m\u00e3o e [&hellip;]<\/p>\n","protected":false},"author":19,"featured_media":0,"comment_status":"open","ping_status":"open","sticky":false,"template":"","format":"standard","meta":{"ngg_post_thumbnail":0,"footnotes":""},"categories":[8039],"tags":[],"class_list":["post-575","post","type-post","status-publish","format-standard","hentry","category-altas-devocionais"],"_links":{"self":[{"href":"https:\/\/ultimato.com.br\/sites\/jovem\/wp-json\/wp\/v2\/posts\/575","targetHints":{"allow":["GET"]}}],"collection":[{"href":"https:\/\/ultimato.com.br\/sites\/jovem\/wp-json\/wp\/v2\/posts"}],"about":[{"href":"https:\/\/ultimato.com.br\/sites\/jovem\/wp-json\/wp\/v2\/types\/post"}],"author":[{"embeddable":true,"href":"https:\/\/ultimato.com.br\/sites\/jovem\/wp-json\/wp\/v2\/users\/19"}],"replies":[{"embeddable":true,"href":"https:\/\/ultimato.com.br\/sites\/jovem\/wp-json\/wp\/v2\/comments?post=575"}],"version-history":[{"count":3,"href":"https:\/\/ultimato.com.br\/sites\/jovem\/wp-json\/wp\/v2\/posts\/575\/revisions"}],"predecessor-version":[{"id":579,"href":"https:\/\/ultimato.com.br\/sites\/jovem\/wp-json\/wp\/v2\/posts\/575\/revisions\/579"}],"wp:attachment":[{"href":"https:\/\/ultimato.com.br\/sites\/jovem\/wp-json\/wp\/v2\/media?parent=575"}],"wp:term":[{"taxonomy":"category","embeddable":true,"href":"https:\/\/ultimato.com.br\/sites\/jovem\/wp-json\/wp\/v2\/categories?post=575"},{"taxonomy":"post_tag","embeddable":true,"href":"https:\/\/ultimato.com.br\/sites\/jovem\/wp-json\/wp\/v2\/tags?post=575"}],"curies":[{"name":"wp","href":"https:\/\/api.w.org\/{rel}","templated":true}]}}