{"id":5713,"date":"2017-02-22T10:18:40","date_gmt":"2017-02-22T13:18:40","guid":{"rendered":"http:\/\/ultimato.com.br\/sites\/jovem\/?p=5713"},"modified":"2017-02-22T10:18:40","modified_gmt":"2017-02-22T13:18:40","slug":"25-milhoes-de-pessoas-morrem-a-cada-ano-devido-ao-consumo-excessivo-de-alcool","status":"publish","type":"post","link":"https:\/\/ultimato.com.br\/sites\/jovem\/2017\/02\/22\/25-milhoes-de-pessoas-morrem-a-cada-ano-devido-ao-consumo-excessivo-de-alcool\/","title":{"rendered":"2,5 milh\u00f5es de pessoas morrem a cada ano devido ao consumo excessivo de \u00e1lcool"},"content":{"rendered":"<p><img loading=\"lazy\" decoding=\"async\" class=\"alignright size-medium wp-image-5714\" src=\"http:\/\/ultimato.com.br\/sites\/jovem\/files\/2017\/02\/Ult_Jovem_22_02_17_\u00e1lcool-225x300.jpg\" alt=\"\" width=\"225\" height=\"300\" srcset=\"https:\/\/ultimato.com.br\/sites\/jovem\/files\/2017\/02\/Ult_Jovem_22_02_17_\u00e1lcool-225x300.jpg 225w, https:\/\/ultimato.com.br\/sites\/jovem\/files\/2017\/02\/Ult_Jovem_22_02_17_\u00e1lcool-768x1024.jpg 768w, https:\/\/ultimato.com.br\/sites\/jovem\/files\/2017\/02\/Ult_Jovem_22_02_17_\u00e1lcool-112x150.jpg 112w\" sizes=\"auto, (max-width: 225px) 100vw, 225px\" \/>Voc\u00ea consegue imaginar qual \u00e9 a principal causa de morte de jovens de 15 a 24 anos de idade em todas as regi\u00f5es do mundo? A resposta talvez surpreenda alguns: ingest\u00e3o precoce de \u00e1lcool. Foi o que revelou o <a href=\"http:\/\/sbp:%20http\/www.sbp.com.br\/\">Guia Pr\u00e1tico de Orienta\u00e7\u00e3o<\/a>\u00a0sobre o impacto das bebidas alco\u00f3licas para a sa\u00fade da crian\u00e7a e do adolescente, lan\u00e7ado pela Sociedade Brasileira de Pediatria (SBP).<\/p>\n<p>O carnaval est\u00e1 chegando, per\u00edodo no qual \u00e9 comum que haja um forte est\u00edmulo para a ingest\u00e3o de bebidas alco\u00f3licas. O principal objetivo do guia \u00e9 alertar pediatras, pais, professores e os pr\u00f3prios adolescentes quanto aos preju\u00edzos do consumo precoce, e tamb\u00e9m promover h\u00e1bitos saud\u00e1veis entre os jovens.<\/p>\n<p>\u201cEstamos agora, antes do carnaval, lan\u00e7ando esse manual de orienta\u00e7\u00e3o, mostrando os danos do uso precoce do \u00e1lcool. De fato, as crian\u00e7as e os adolescentes precisam de orienta\u00e7\u00f5es seguras para melhorar a qualidade de vida e seus h\u00e1bitos, porque sabemos que h\u00e1 uma exposi\u00e7\u00e3o prejudicial deles ao \u00e1lcool e \u00e0s drogas\u201d, explica a pediatra Luciana Silva, presidente da SBP.<\/p>\n<p>Estudos cient\u00edficos citados no documento apontam que quase 40% dos adolescentes brasileiros experimentaram \u00e1lcool pela primeira vez entre 12 e 13 anos, em casa. A maioria deles bebe entre familiares e amigos, estimulados por conhecidos que j\u00e1 bebem ou usam drogas. Entre adolescentes de 12 a 18 anos que estudam nas redes p\u00fablica e privada de ensino, 60,5% declararam j\u00e1 ter consumido \u00e1lcool.<\/p>\n<p><strong>Os riscos envolvidos<\/strong><\/p>\n<p>Para especialistas, o consumo precoce pode levar a uma s\u00e9rie de consequ\u00eancias nocivas. Os adolescentes que se exp\u00f5em ao uso excessivo de \u00e1lcool podem ter sequelas neuroqu\u00edmicas, emocionais, d\u00e9ficit de mem\u00f3ria, perda de rendimento escolar, retardo no aprendizado e no desenvolvimento de habilidades, entre outros problemas. Al\u00e9m disso, segundo a Organiza\u00e7\u00e3o Mundial da Sa\u00fade (OMS), cerca de 2,5 milh\u00f5es de pessoas morrem a cada ano no mundo devido ao consumo excessivo de \u00e1lcool.<\/p>\n<p>O custo social do uso abusivo de \u00e1lcool tamb\u00e9m \u00e9 elevado. Os adolescentes ficam mais expostos a situa\u00e7\u00f5es de viol\u00eancia sexual e tendem a apresentar comportamento de risco, como praticar atividade sexual sem prote\u00e7\u00e3o, o que pode levar \u00e0 gravidez precoce e \u00e0 exposi\u00e7\u00e3o a doen\u00e7as sexualmente transmiss\u00edveis.<!--more--><\/p>\n<p><strong>Propaganda enganosa<\/strong><\/p>\n<p>Os especialistas que elaboraram o guia afirmam que o consumo de \u00e1lcool e drogas durante a adolesc\u00eancia est\u00e1 associado a v\u00e1rios fatores, como a sensa\u00e7\u00e3o juvenil de onipot\u00eancia, o desafio \u00e0 estrutura familiar e social, \u00e0 curiosidade e impulsividade, necessidade de aceita\u00e7\u00e3o, busca de novas experi\u00eancias e baixa autoestima. Segundo a SBP, al\u00e9m dos fatores individuais de predisposi\u00e7\u00e3o juvenil, colaboram ainda o f\u00e1cil acesso \u00e0s bebidas no Brasil e o\u00a0marketing\u00a0que associa o \u00e1lcool a prazer, sucesso, beleza e poder.<\/p>\n<p><strong>Crime<\/strong><\/p>\n<p>De acordo com o Estatuto da Crian\u00e7a e do Adolescente, vender ou oferecer bebida alco\u00f3lica para menores de 18 anos \u00e9 crime que pode resultar em deten\u00e7\u00e3o de dois a quatro anos do vendedor, aplica\u00e7\u00e3o de multa de at\u00e9 R$ 10 mil ou interdi\u00e7\u00e3o do local de venda. A lei n\u00e3o limita as puni\u00e7\u00f5es aos comerciantes. Qualquer adulto, inclusive familiares ou amigos que oferecem bebidas alco\u00f3licas a crian\u00e7a ou adolescente, est\u00e1 sujeito \u00e0s san\u00e7\u00f5es.<\/p>\n<p><strong>Recomenda\u00e7\u00f5es e preven\u00e7\u00e3o<\/strong><\/p>\n<p>Diante das graves consequ\u00eancias do uso abusivo do \u00e1lcool na inf\u00e2ncia e na adolesc\u00eancia, a Sociedade Brasileira de Pediatria faz diversas recomenda\u00e7\u00f5es aos m\u00e9dicos, educadores e familiares. Entre outros pontos, por meio do di\u00e1logo e do estabelecimento de limites, a fam\u00edlia, o pediatra e educadores podem ser agentes relevantes na preven\u00e7\u00e3o do alcoolismo precoce, segundo o guia.<\/p>\n<p>Aos pais e familiares, a SBP recomenda a n\u00e3o ingest\u00e3o de \u00e1lcool durante os per\u00edodos de gesta\u00e7\u00e3o e amamenta\u00e7\u00e3o, a n\u00e3o exposi\u00e7\u00e3o de crian\u00e7as ao uso de bebidas alco\u00f3licas em festas familiares ou outras situa\u00e7\u00f5es sociais e, principalmente, a orientar e conversar com os filhos sobre os riscos do consumo precoce.<\/p>\n<p>Fonte: <a href=\"http:\/\/agenciabrasil.ebc.com.br\/geral\/noticia\/2017-02\/guia-alerta-sobre-consumo-precoce-de-bebidas-alcoolicas-entre-jovens\">EBC<\/a><\/p>\n<p>Foto: <a href=\"https:\/\/unsplash.com\/photos\/MYxvETrYabg\">Pawel Kadysz\/Unsplash<\/a><\/p>\n","protected":false},"excerpt":{"rendered":"<p>Voc\u00ea consegue imaginar qual \u00e9 a principal causa de morte de jovens de 15 a 24 anos de idade em todas as regi\u00f5es do mundo? A resposta talvez surpreenda alguns: ingest\u00e3o precoce de \u00e1lcool. Foi o que revelou o Guia Pr\u00e1tico de Orienta\u00e7\u00e3o\u00a0sobre o impacto das bebidas alco\u00f3licas para a sa\u00fade da crian\u00e7a e do [&hellip;]<\/p>\n","protected":false},"author":19,"featured_media":0,"comment_status":"open","ping_status":"open","sticky":false,"template":"","format":"standard","meta":{"ngg_post_thumbnail":0,"footnotes":""},"categories":[7],"tags":[31866,24548],"class_list":["post-5713","post","type-post","status-publish","format-standard","hentry","category-noticias","tag-alcool","tag-carnaval"],"_links":{"self":[{"href":"https:\/\/ultimato.com.br\/sites\/jovem\/wp-json\/wp\/v2\/posts\/5713","targetHints":{"allow":["GET"]}}],"collection":[{"href":"https:\/\/ultimato.com.br\/sites\/jovem\/wp-json\/wp\/v2\/posts"}],"about":[{"href":"https:\/\/ultimato.com.br\/sites\/jovem\/wp-json\/wp\/v2\/types\/post"}],"author":[{"embeddable":true,"href":"https:\/\/ultimato.com.br\/sites\/jovem\/wp-json\/wp\/v2\/users\/19"}],"replies":[{"embeddable":true,"href":"https:\/\/ultimato.com.br\/sites\/jovem\/wp-json\/wp\/v2\/comments?post=5713"}],"version-history":[{"count":3,"href":"https:\/\/ultimato.com.br\/sites\/jovem\/wp-json\/wp\/v2\/posts\/5713\/revisions"}],"predecessor-version":[{"id":5717,"href":"https:\/\/ultimato.com.br\/sites\/jovem\/wp-json\/wp\/v2\/posts\/5713\/revisions\/5717"}],"wp:attachment":[{"href":"https:\/\/ultimato.com.br\/sites\/jovem\/wp-json\/wp\/v2\/media?parent=5713"}],"wp:term":[{"taxonomy":"category","embeddable":true,"href":"https:\/\/ultimato.com.br\/sites\/jovem\/wp-json\/wp\/v2\/categories?post=5713"},{"taxonomy":"post_tag","embeddable":true,"href":"https:\/\/ultimato.com.br\/sites\/jovem\/wp-json\/wp\/v2\/tags?post=5713"}],"curies":[{"name":"wp","href":"https:\/\/api.w.org\/{rel}","templated":true}]}}