{"id":5703,"date":"2017-02-17T10:02:41","date_gmt":"2017-02-17T13:02:41","guid":{"rendered":"http:\/\/ultimato.com.br\/sites\/jovem\/?p=5703"},"modified":"2017-02-17T10:08:34","modified_gmt":"2017-02-17T13:08:34","slug":"salmo-100-aprendendo-como-e-porque-dar-gracas","status":"publish","type":"post","link":"https:\/\/ultimato.com.br\/sites\/jovem\/2017\/02\/17\/salmo-100-aprendendo-como-e-porque-dar-gracas\/","title":{"rendered":"Salmo 100 &#8211; Aprendendo COMO e PORQUE dar gra\u00e7as"},"content":{"rendered":"<p><em><img loading=\"lazy\" decoding=\"async\" class=\"alignright size-medium wp-image-5704\" src=\"http:\/\/ultimato.com.br\/sites\/jovem\/files\/2017\/02\/Ult_Jovem_17_02_17_salmo100-300x200.jpg\" alt=\"\" width=\"300\" height=\"200\" srcset=\"https:\/\/ultimato.com.br\/sites\/jovem\/files\/2017\/02\/Ult_Jovem_17_02_17_salmo100-300x200.jpg 300w, https:\/\/ultimato.com.br\/sites\/jovem\/files\/2017\/02\/Ult_Jovem_17_02_17_salmo100-768x513.jpg 768w, https:\/\/ultimato.com.br\/sites\/jovem\/files\/2017\/02\/Ult_Jovem_17_02_17_salmo100-1024x684.jpg 1024w, https:\/\/ultimato.com.br\/sites\/jovem\/files\/2017\/02\/Ult_Jovem_17_02_17_salmo100-150x100.jpg 150w\" sizes=\"auto, (max-width: 300px) 100vw, 300px\" \/>Por Joyce Hencklein<\/em><\/p>\n<p>Desde pequenos aprendemos a agradecer pelo que temos e por aquilo que recebemos, seja um presente ou um elogio. Todo crist\u00e3o tem a consci\u00eancia de que a maior gratid\u00e3o deve ser direcionada a Deus, afinal foi Ele que nos fez, nos amou, enviou seu filho para morrer em nosso lugar e cuida de nossas vidas. No entanto, muitas vezes somos ingratos, insatisfeitos e n\u00e3o sabemos agradecer da forma devida.<\/p>\n<p>No Salmo 100 podemos aprender como render gra\u00e7as a Deus e o motivo para realizarmos tal pr\u00e1tica:<\/p>\n<p><strong>1- Salmo 100:1 <\/strong>&#8220;<em>Celebrai com j\u00fabilo ao Senhor, todas as terras<\/em>&#8221; &#8211; A palavra &#8220;celebrar&#8221; significa louvar com alegria. Ent\u00e3o, o primeiro passo \u00e9 estar na presen\u00e7a do Senhor com alegria e louvando a Ele.<\/p>\n<p><strong>2 &#8211; Salmo 100:2 <\/strong>&#8220;<em>Servi ao Senhor com alegria, apresentai-vos diante dele com c\u00e2ntico<\/em>&#8221; &#8211; A segunda orienta\u00e7\u00e3o \u00e9 servir a Deus, ou seja, trabalhar para o Senhor com nossos dons e talentos (e \u00e9 claro, novamente com alegria).<\/p>\n<p><strong>3 &#8211; Salmo 100:3 <\/strong>&#8220;<em>Sabei que o Senhor \u00e9 Deus: foi Ele quem nos fez e dele somos; somos o seu povo, e rebanho do seu pastoreio<\/em>&#8221; &#8211; A ideia da palavra &#8220;saber&#8221; est\u00e1 totalmente relacionada a conhecer a Deus, sua hist\u00f3ria, sua mensagem, seus grandes feitos por mim e pela humanidade. Todas essas informa\u00e7\u00f5es est\u00e3o contidas na palavra Dele, a B\u00edblia que \u00e9 viva e eficaz. O conhecer a Deus atrav\u00e9s de sua palavra faz com que entendamos a necessidade de sermos gratos pelo seus feitos e pela sua maravilhosa gra\u00e7a.<!--more--><\/p>\n<p><strong>4 &#8211; Salmo 100:4 <\/strong>&#8220;<em>Entrai por suas portas com a\u00e7\u00f5s de gra\u00e7a, e nos seus \u00e1trios com hinos de louvor; rendei-lhe gra\u00e7as e bendizei-lhe o nome<\/em>&#8221; &#8211; Nesse verso aprendemos a agradecer a Deus estando em sua casa, cantando louvores a Ele e rendendo gra\u00e7as, para que dessa forma possamos desenvolver uma rela\u00e7\u00e3o de intimidade com o Senhor.<\/p>\n<p><strong>5 &#8211; Salmo 100:5 <\/strong>&#8220;<em>Porque o Senhor \u00e9 bom, a sua miseric\u00f3rdia dura para sempre, e de gera\u00e7\u00e3o em gera\u00e7\u00e3o a sua fidelidade<\/em>&#8221; &#8211; Meus irm\u00e3os, nesse \u00faltimo vers\u00edculo temos tr\u00eas caracter\u00edsticas de Deus que com certeza nos fazem ficar constrangidos com tamanha grandeza e nos d\u00e3o os motivos pelos quais devemos sempre praticar a gratid\u00e3o. S\u00e3o elas: O Senhor \u00e9 bom\/O Senhor \u00e9 misericordioso para sempre\/O Senhor \u00e9 fiel. Diante disso, podemos ter a certeza de que em todas as circunst\u00e2ncias Ele estar\u00e1 conosco por causa de sua bondade, miseric\u00f3rdia e fidelidade.<\/p>\n<p>Acredito que essas tr\u00eas verdades absolutas s\u00e3o mais do que suficientes para que n\u00f3s jamais sejamos ingratos ou nos esque\u00e7amos de agradecer.<\/p>\n<p><img loading=\"lazy\" decoding=\"async\" class=\"alignleft wp-image-5681 size-thumbnail\" src=\"http:\/\/ultimato.com.br\/sites\/jovem\/files\/2017\/02\/selo_gratidao_02-150x150.jpg\" width=\"150\" height=\"150\" srcset=\"https:\/\/ultimato.com.br\/sites\/jovem\/files\/2017\/02\/selo_gratidao_02-150x150.jpg 150w, https:\/\/ultimato.com.br\/sites\/jovem\/files\/2017\/02\/selo_gratidao_02-80x80.jpg 80w\" sizes=\"auto, (max-width: 150px) 100vw, 150px\" \/><\/p>\n<p>&nbsp;<\/p>\n<p><em>Gra\u00e7as, gra\u00e7as, mil gra\u00e7as<\/em><\/p>\n<p><em>A ti, meu Salvador!<\/em><\/p>\n<p><em>Gra\u00e7as, gra\u00e7as, mil gra\u00e7as<\/em><\/p>\n<p><em>Por teu precioso amor!<\/em><\/p>\n<p><em>(Hino de gratid\u00e3o \u2013 62)<\/em><\/p>\n<p>&nbsp;<\/p>\n<ul>\n<li><strong>Joyce Hencklein<\/strong>, 23 anos. \u00c9 formada em Gest\u00e3o Empresarial, faz parte da Igreja Presbiteriana de Leme (SP), e \u00e9 amante da leitura e escrita.<\/li>\n<\/ul>\n<p>Foto: <a href=\"https:\/\/unsplash.com\/search\/praise?photo=TlBF3ZUVTvE\">Ben White\/Unsplash<\/a><\/p>\n","protected":false},"excerpt":{"rendered":"<p>Por Joyce Hencklein Desde pequenos aprendemos a agradecer pelo que temos e por aquilo que recebemos, seja um presente ou um elogio. Todo crist\u00e3o tem a consci\u00eancia de que a maior gratid\u00e3o deve ser direcionada a Deus, afinal foi Ele que nos fez, nos amou, enviou seu filho para morrer em nosso lugar e cuida [&hellip;]<\/p>\n","protected":false},"author":19,"featured_media":0,"comment_status":"open","ping_status":"open","sticky":false,"template":"","format":"standard","meta":{"ngg_post_thumbnail":0,"footnotes":""},"categories":[9,6054],"tags":[5593,31858,31864],"class_list":["post-5703","post","type-post","status-publish","format-standard","hentry","category-sem-categoria","category-textos","tag-gratidao","tag-joyce-hencklein","tag-salmo-100"],"_links":{"self":[{"href":"https:\/\/ultimato.com.br\/sites\/jovem\/wp-json\/wp\/v2\/posts\/5703","targetHints":{"allow":["GET"]}}],"collection":[{"href":"https:\/\/ultimato.com.br\/sites\/jovem\/wp-json\/wp\/v2\/posts"}],"about":[{"href":"https:\/\/ultimato.com.br\/sites\/jovem\/wp-json\/wp\/v2\/types\/post"}],"author":[{"embeddable":true,"href":"https:\/\/ultimato.com.br\/sites\/jovem\/wp-json\/wp\/v2\/users\/19"}],"replies":[{"embeddable":true,"href":"https:\/\/ultimato.com.br\/sites\/jovem\/wp-json\/wp\/v2\/comments?post=5703"}],"version-history":[{"count":4,"href":"https:\/\/ultimato.com.br\/sites\/jovem\/wp-json\/wp\/v2\/posts\/5703\/revisions"}],"predecessor-version":[{"id":5708,"href":"https:\/\/ultimato.com.br\/sites\/jovem\/wp-json\/wp\/v2\/posts\/5703\/revisions\/5708"}],"wp:attachment":[{"href":"https:\/\/ultimato.com.br\/sites\/jovem\/wp-json\/wp\/v2\/media?parent=5703"}],"wp:term":[{"taxonomy":"category","embeddable":true,"href":"https:\/\/ultimato.com.br\/sites\/jovem\/wp-json\/wp\/v2\/categories?post=5703"},{"taxonomy":"post_tag","embeddable":true,"href":"https:\/\/ultimato.com.br\/sites\/jovem\/wp-json\/wp\/v2\/tags?post=5703"}],"curies":[{"name":"wp","href":"https:\/\/api.w.org\/{rel}","templated":true}]}}