{"id":5697,"date":"2017-02-15T12:11:39","date_gmt":"2017-02-15T15:11:39","guid":{"rendered":"http:\/\/ultimato.com.br\/sites\/jovem\/?p=5697"},"modified":"2017-02-17T09:48:08","modified_gmt":"2017-02-17T12:48:08","slug":"carnaval-no-retiro","status":"publish","type":"post","link":"https:\/\/ultimato.com.br\/sites\/jovem\/2017\/02\/15\/carnaval-no-retiro\/","title":{"rendered":"Carnaval no retiro"},"content":{"rendered":"<div id=\"attachment_5698\" style=\"width: 310px\" class=\"wp-caption alignright\"><img loading=\"lazy\" decoding=\"async\" aria-describedby=\"caption-attachment-5698\" class=\"size-medium wp-image-5698\" src=\"http:\/\/ultimato.com.br\/sites\/jovem\/files\/2017\/02\/Ult_Jovem_15_02_17_Retiros-300x200.jpg\" alt=\"\" width=\"300\" height=\"200\" srcset=\"https:\/\/ultimato.com.br\/sites\/jovem\/files\/2017\/02\/Ult_Jovem_15_02_17_Retiros-300x200.jpg 300w, https:\/\/ultimato.com.br\/sites\/jovem\/files\/2017\/02\/Ult_Jovem_15_02_17_Retiros-768x511.jpg 768w, https:\/\/ultimato.com.br\/sites\/jovem\/files\/2017\/02\/Ult_Jovem_15_02_17_Retiros-150x100.jpg 150w, https:\/\/ultimato.com.br\/sites\/jovem\/files\/2017\/02\/Ult_Jovem_15_02_17_Retiros.jpg 960w\" sizes=\"auto, (max-width: 300px) 100vw, 300px\" \/><p id=\"caption-attachment-5698\" class=\"wp-caption-text\">Um dos momentos do Zion Camp em 2016<\/p><\/div>\n<p>Dias de buscar mais conhecimento e intimidade com o Senhor enquanto estreita os la\u00e7os de comunh\u00e3o com os irm\u00e3os. J\u00e1 ouviu algu\u00e9m descrevendo assim o per\u00edodo de carnaval?<\/p>\n<p>Muitas igrejas aproveitam esses quatro ou cinco dias de feriad\u00e3o para promover programa\u00e7\u00f5es como acampamentos, retiros e congressos. Quem sabe essa n\u00e3o \u00e9 uma chance de tirar o melhor desse per\u00edodo?<\/p>\n<p>Com o tema \u201cSpoiler!\u201d, o acampamento organizado pela Zion Camp vai propor repensar nosso modo de viver e de perceber o mundo, o Reino e a Eternidade, a partir da pergunta &#8220;ser\u00e1 que j\u00e1 experimentamos spoilers do Reino de Deus aqui na Terra?&#8221;<\/p>\n<p>Os 500 anos da Reforma Protestante, celebrados em 2017, tamb\u00e9m ser\u00e3o lembrados. O acampamento da Mocidade da Oitava Igreja de Belo Horizonte\u00a0abordar\u00e1 o tema \u201cSola Scriptura\u201d, com foco na palavra do Senhor, que \u00e9 a verdade que liberta.<\/p>\n<p>No Portal da Ultimato d\u00e1 para ter tamb\u00e9m mais informa\u00e7\u00f5es sobre o <a href=\"http:\/\/www.ultimato.com.br\/conteudo\/pos-modernismo-em-questao-no-emep-2017\">Encontro Mission\u00e1rio Estudantil e Profissional<\/a> que acontece no Centro Evang\u00e9lico de Miss\u00f5es (CEM) em Vi\u00e7osa, que ser\u00e1 centrado em Cosmovis\u00f5es.<\/p>\n<p>Ainda d\u00e1 tempo de fazer parte! Tem programa\u00e7\u00f5es para adolescentes, jovens, e para a igreja toda. Confira algumas oportunidades aqui:<\/p>\n<p>&nbsp;<\/p>\n<p><strong>5\u00aa Acampamento da Igreja Presbiteriana do Brasil em Caieiras<\/strong><\/p>\n<p>De 24\/02 a 28\/02, em Mairipor\u00e3 (SP). Voltado para pr\u00e9-adolescentes, adolescentes e jovens<br \/>\nInscri\u00e7\u00f5es <a href=\"http:\/\/mocidadeipcaieiras.wixsite.com\/acampamento2017\">aqui<\/a><\/p>\n<p>&nbsp;<\/p>\n<p><strong>Acampamento Spoiler!, da Zion Camp<\/strong><br \/>\nDe 25\/02 a 28\/02, no Pesqueiro e Pousada Progresso, em \u00c1guas da Prata (SP)<br \/>\nInscri\u00e7\u00f5es <a href=\"https:\/\/br.eventeri.com\/g\/acampamento-carnaval-2017-spoiler-evento\/8093903\">aqui<\/a><br \/>\n<!--more--><\/p>\n<p><strong>Acampamento #TamoJunto &#8211; Igreja Presbiteriana Independente de Maring\u00e1<\/strong><\/p>\n<p>De 25\/02 a 28\/02<\/p>\n<p>Inscri\u00e7\u00f5es <a href=\"http:\/\/ipimaringa.org.br\/acampamento-de-carnaval-2017-tamojunto\/\">aqui<\/a>.<\/p>\n<p>&nbsp;<\/p>\n<p><strong>Acampamento de Carnaval da Primeira Igreja Batista de Fortaleza<\/strong><\/p>\n<p>De 24\/02 a 28\/02, em Fortaleza (CE)<\/p>\n<p>Inscri\u00e7\u00f5es <a href=\"http:\/\/pibfortaleza.org.br\/?event=acampamento-de-carnaval-2017\">aqui<\/a>.<\/p>\n<p>&nbsp;<\/p>\n<p><strong>Acampamento de Carnaval \u201cSola Scriptura\u201d &#8211; Mocidade da Oitava Igreja<\/strong><\/p>\n<p>De 24\/02 a 28\/02, no S\u00edtio Jerusal\u00e9m, em Itabirito (MG)<\/p>\n<p>Inscri\u00e7\u00f5es <a href=\"https:\/\/www.oitavaigreja.org.br\/eventos\/sola-scriptura-acampamento-de-carnaval-da-mocidade-2017\/\">aqui<\/a><\/p>\n<p>&nbsp;<\/p>\n<p><strong>Acampamento de Ver\u00e3o da Gera\u00e7\u00e3o Conectada &#8211; \u201cTudo novo, de novo!\u201d<\/strong><\/p>\n<p>De 25\/02 a 28\/02, na Ch\u00e1cara Renovare, em Cascavel (PR)<\/p>\n<p>Inscri\u00e7\u00f5es <a href=\"http:\/\/geracaoconectada.com.br\/\">aqui<\/a><\/p>\n<p>&nbsp;<\/p>\n<p><strong>Retiro de carnaval da Igreja em Vit\u00f3ria<\/strong><\/p>\n<p>De 25\/02 a 28\/02, na Casa do Oleiro, em Viana (ES)<\/p>\n<p>Inscri\u00e7\u00f5es <a href=\"http:\/\/www.igrejaemvitoria.com.br\/event-items\/retiro-por-epoca-do-carnaval-2015\">aqui<\/a><\/p>\n<p>&nbsp;<\/p>\n<p><strong>Retiro da Fam\u00edlia \u2013 Acampamento Monte das Oliveiras \u2013 \u201cDeus Pai e sua Fam\u00edlia\u201d<\/strong><\/p>\n<p>De 25\/02 a 28\/02, em Embu-Gua\u00e7u (SP)<\/p>\n<p>Inscri\u00e7\u00f5es <a href=\"http:\/\/acampamontedasoliveiras.com.br\/produto\/carnaval-2017\/\">aqui<\/a><\/p>\n<p>&nbsp;<\/p>\n<p><strong>Semana Teens \u2013 Palavra da Vida<\/strong><\/p>\n<p>De 24\/02 a 28\/02, no Acampamento Palavra da Vida (PR)<\/p>\n<p>Inscri\u00e7\u00f5es <a href=\"https:\/\/acampamento.pvparana.com.br\/produto\/carnaval-2017-semana-teens\/\">aqui<\/a><\/p>\n<p>&nbsp;<\/p>\n<p><strong>XI Encontro Mission\u00e1rio Estudantil e Profissional<\/strong><\/p>\n<p>De 25\/02 a 28\/02, em Vi\u00e7osa (MG)<\/p>\n<p>Inscri\u00e7\u00f5es <a href=\"http:\/\/www.cem.org.br\/site\/cursos\/curta-duracao\/emep\/\">aqui<\/a><\/p>\n","protected":false},"excerpt":{"rendered":"<p>Dias de buscar mais conhecimento e intimidade com o Senhor enquanto estreita os la\u00e7os de comunh\u00e3o com os irm\u00e3os. J\u00e1 ouviu algu\u00e9m descrevendo assim o per\u00edodo de carnaval? Muitas igrejas aproveitam esses quatro ou cinco dias de feriad\u00e3o para promover programa\u00e7\u00f5es como acampamentos, retiros e congressos. Quem sabe essa n\u00e3o \u00e9 uma chance de tirar [&hellip;]<\/p>\n","protected":false},"author":19,"featured_media":0,"comment_status":"open","ping_status":"open","sticky":false,"template":"","format":"standard","meta":{"ngg_post_thumbnail":0,"footnotes":""},"categories":[172],"tags":[11411,24548,5485,5950],"class_list":["post-5697","post","type-post","status-publish","format-standard","hentry","category-agenda","tag-acampamento","tag-carnaval","tag-emep","tag-retiro"],"_links":{"self":[{"href":"https:\/\/ultimato.com.br\/sites\/jovem\/wp-json\/wp\/v2\/posts\/5697","targetHints":{"allow":["GET"]}}],"collection":[{"href":"https:\/\/ultimato.com.br\/sites\/jovem\/wp-json\/wp\/v2\/posts"}],"about":[{"href":"https:\/\/ultimato.com.br\/sites\/jovem\/wp-json\/wp\/v2\/types\/post"}],"author":[{"embeddable":true,"href":"https:\/\/ultimato.com.br\/sites\/jovem\/wp-json\/wp\/v2\/users\/19"}],"replies":[{"embeddable":true,"href":"https:\/\/ultimato.com.br\/sites\/jovem\/wp-json\/wp\/v2\/comments?post=5697"}],"version-history":[{"count":3,"href":"https:\/\/ultimato.com.br\/sites\/jovem\/wp-json\/wp\/v2\/posts\/5697\/revisions"}],"predecessor-version":[{"id":5702,"href":"https:\/\/ultimato.com.br\/sites\/jovem\/wp-json\/wp\/v2\/posts\/5697\/revisions\/5702"}],"wp:attachment":[{"href":"https:\/\/ultimato.com.br\/sites\/jovem\/wp-json\/wp\/v2\/media?parent=5697"}],"wp:term":[{"taxonomy":"category","embeddable":true,"href":"https:\/\/ultimato.com.br\/sites\/jovem\/wp-json\/wp\/v2\/categories?post=5697"},{"taxonomy":"post_tag","embeddable":true,"href":"https:\/\/ultimato.com.br\/sites\/jovem\/wp-json\/wp\/v2\/tags?post=5697"}],"curies":[{"name":"wp","href":"https:\/\/api.w.org\/{rel}","templated":true}]}}