{"id":5693,"date":"2017-02-13T11:00:46","date_gmt":"2017-02-13T14:00:46","guid":{"rendered":"http:\/\/ultimato.com.br\/sites\/jovem\/?p=5693"},"modified":"2017-02-13T11:00:46","modified_gmt":"2017-02-13T14:00:46","slug":"o-aprendizado-de-ser-grato","status":"publish","type":"post","link":"https:\/\/ultimato.com.br\/sites\/jovem\/2017\/02\/13\/o-aprendizado-de-ser-grato\/","title":{"rendered":"O aprendizado de ser grato"},"content":{"rendered":"<p><em><img loading=\"lazy\" decoding=\"async\" class=\"alignright size-medium wp-image-5618\" src=\"http:\/\/ultimato.com.br\/sites\/jovem\/files\/2017\/01\/Ult_Jovem_13_01_17_Caminhando-e1486994321609-225x300.jpg\" alt=\"\" width=\"225\" height=\"300\" srcset=\"https:\/\/ultimato.com.br\/sites\/jovem\/files\/2017\/01\/Ult_Jovem_13_01_17_Caminhando-e1486994321609-225x300.jpg 225w, https:\/\/ultimato.com.br\/sites\/jovem\/files\/2017\/01\/Ult_Jovem_13_01_17_Caminhando-e1486994321609-768x1024.jpg 768w, https:\/\/ultimato.com.br\/sites\/jovem\/files\/2017\/01\/Ult_Jovem_13_01_17_Caminhando-e1486994321609-113x150.jpg 113w\" sizes=\"auto, (max-width: 225px) 100vw, 225px\" \/>Por Jeverton Ledo<\/em><\/p>\n<p>A crian\u00e7a que descansa embalada nos bra\u00e7os calorosos do pai, o sorriso largo que rompe com a timidez de outrora, a rosa que perfuma o jardim, a vida que se encontra no madeiro vazio e nos enche de esperan\u00e7a e gratid\u00e3o.<\/p>\n<p>Sim, eu sou, e sei que voc\u00ea \u00e9&#8230;<\/p>\n<p>O agradecer permeia a jornada daquele que um dia estava s\u00f3 e foi confortado, do perdido que n\u00e3o apenas encontrou a luz no fim do t\u00fanel, mas acima de tudo se viu rompendo em um novo come\u00e7o.<\/p>\n<p>Est\u00e1 com o andarilho que perambulava sem rumo, e encontrou pouso e pousada, fincando os p\u00e9s em ch\u00e3o firme. Quantos motivos temos para lan\u00e7ar na folha em branco um largo e grande \u201cSim, eu sou grato!!\u201d O cora\u00e7\u00e3o tocado e transformado em amor sempre ter\u00e1 espa\u00e7o para agradecer.<\/p>\n<p>Ao escrever, me vem \u00e0 lembran\u00e7a a eterna gratid\u00e3o ao meu velho e saudoso papai, que com sua enorme paci\u00eancia me ensinou o real valor do viver. Lembro-me de sua alegria ao me ver ficar em p\u00e9 em minha velha prancha de madeira pela primeira vez. Houveram tantas outras vezes, e a alegria era sempre a mesma.<\/p>\n<p>A gratid\u00e3o percorre um caminho de m\u00e3o dupla. Hoje vida que ajuda, consola, inspira, ensina, repreende. No amanh\u00e3, outro lado de uma mesma moeda.<\/p>\n<p><img loading=\"lazy\" decoding=\"async\" class=\"alignleft size-medium wp-image-5681\" src=\"http:\/\/ultimato.com.br\/sites\/jovem\/files\/2017\/02\/selo_gratidao_02-300x223.jpg\" alt=\"\" width=\"300\" height=\"223\" srcset=\"https:\/\/ultimato.com.br\/sites\/jovem\/files\/2017\/02\/selo_gratidao_02-300x223.jpg 300w, https:\/\/ultimato.com.br\/sites\/jovem\/files\/2017\/02\/selo_gratidao_02-150x111.jpg 150w, https:\/\/ultimato.com.br\/sites\/jovem\/files\/2017\/02\/selo_gratidao_02.jpg 303w\" sizes=\"auto, (max-width: 300px) 100vw, 300px\" \/>Gratid\u00e3o \u00e9 um aprendizado? Essa pergunta \u00e9 respondida no interno de cada um de n\u00f3s, mas a resposta deve ser em todo tempo sempre a mesma. Agradecer \u00e9 uma atitude que enche nosso viver de significado e signific\u00e2ncia.<\/p>\n<p>No mais, olhe ao redor, perceba os pequenos detalhes frente a uma agitada e descontrolada corrida, que na maioria das vezes tira o foco do que realmente vale a pena.<\/p>\n<p>Ser grato \u00e9 ser capaz de, diante de dias n\u00e3o t\u00e3o bons, entender que tudo nos traz aprendizado e crescimento.<\/p>\n<p>E assim a vida \u00e9, como o rio que segue seu curso e desemboca em um oceano de novos desafios. Deixe o amanhecer chegar no romper de mais um dia, e seja grato pelo dia de hoje.<\/p>\n<p>&nbsp;<\/p>\n<ul>\n<li><strong> Jeverton \u201cMagr\u00e3o\u201d Ledo<\/strong> \u00e9 mission\u00e1rio e trabalha com juventude. Ele e a esposa est\u00e3o na B\u00e9lgica, onde v\u00e3o morar por um tempo.<\/li>\n<\/ul>\n","protected":false},"excerpt":{"rendered":"<p>Por Jeverton Ledo A crian\u00e7a que descansa embalada nos bra\u00e7os calorosos do pai, o sorriso largo que rompe com a timidez de outrora, a rosa que perfuma o jardim, a vida que se encontra no madeiro vazio e nos enche de esperan\u00e7a e gratid\u00e3o. Sim, eu sou, e sei que voc\u00ea \u00e9&#8230; O agradecer permeia [&hellip;]<\/p>\n","protected":false},"author":19,"featured_media":0,"comment_status":"open","ping_status":"open","sticky":false,"template":"","format":"standard","meta":{"ngg_post_thumbnail":0,"footnotes":""},"categories":[6054],"tags":[5593,26686],"class_list":["post-5693","post","type-post","status-publish","format-standard","hentry","category-textos","tag-gratidao","tag-jeverton-magrao-ledo"],"_links":{"self":[{"href":"https:\/\/ultimato.com.br\/sites\/jovem\/wp-json\/wp\/v2\/posts\/5693","targetHints":{"allow":["GET"]}}],"collection":[{"href":"https:\/\/ultimato.com.br\/sites\/jovem\/wp-json\/wp\/v2\/posts"}],"about":[{"href":"https:\/\/ultimato.com.br\/sites\/jovem\/wp-json\/wp\/v2\/types\/post"}],"author":[{"embeddable":true,"href":"https:\/\/ultimato.com.br\/sites\/jovem\/wp-json\/wp\/v2\/users\/19"}],"replies":[{"embeddable":true,"href":"https:\/\/ultimato.com.br\/sites\/jovem\/wp-json\/wp\/v2\/comments?post=5693"}],"version-history":[{"count":2,"href":"https:\/\/ultimato.com.br\/sites\/jovem\/wp-json\/wp\/v2\/posts\/5693\/revisions"}],"predecessor-version":[{"id":5695,"href":"https:\/\/ultimato.com.br\/sites\/jovem\/wp-json\/wp\/v2\/posts\/5693\/revisions\/5695"}],"wp:attachment":[{"href":"https:\/\/ultimato.com.br\/sites\/jovem\/wp-json\/wp\/v2\/media?parent=5693"}],"wp:term":[{"taxonomy":"category","embeddable":true,"href":"https:\/\/ultimato.com.br\/sites\/jovem\/wp-json\/wp\/v2\/categories?post=5693"},{"taxonomy":"post_tag","embeddable":true,"href":"https:\/\/ultimato.com.br\/sites\/jovem\/wp-json\/wp\/v2\/tags?post=5693"}],"curies":[{"name":"wp","href":"https:\/\/api.w.org\/{rel}","templated":true}]}}