{"id":568,"date":"2011-03-30T14:29:32","date_gmt":"2011-03-30T17:29:32","guid":{"rendered":"http:\/\/ultimato.com.br\/sites\/jovem\/?p=568"},"modified":"2011-03-31T08:51:17","modified_gmt":"2011-03-31T11:51:17","slug":"a-procura","status":"publish","type":"post","link":"https:\/\/ultimato.com.br\/sites\/jovem\/2011\/03\/30\/a-procura\/","title":{"rendered":"\u00c0 procura"},"content":{"rendered":"<p><a href=\"http:\/\/ultimato.com.br\/sites\/jovem\/files\/2011\/03\/a_procura.jpg\" class=\"lightview\" data-lightview-group=\"group-568\" data-lightview-options=\"skin: 'dark', controls: 'relative', padding: '10', shadow: { color: '#000000', opacity: 0.08, blur: 3 }\" data-lightview-title=\"true love searching\"><img loading=\"lazy\" decoding=\"async\" class=\"size-full wp-image-569 alignleft\" style=\"margin: 10px;\" title=\"true love searching\" src=\"http:\/\/ultimato.com.br\/sites\/jovem\/files\/2011\/03\/a_procura.jpg\" alt=\"\" width=\"346\" height=\"259\" srcset=\"https:\/\/ultimato.com.br\/sites\/jovem\/files\/2011\/03\/a_procura.jpg 480w, https:\/\/ultimato.com.br\/sites\/jovem\/files\/2011\/03\/a_procura-300x225.jpg 300w, https:\/\/ultimato.com.br\/sites\/jovem\/files\/2011\/03\/a_procura-150x112.jpg 150w\" sizes=\"auto, (max-width: 346px) 100vw, 346px\" \/><\/a>Quando crian\u00e7a sonha-se com muita coisa. Paro nesta frase. Lembro-me, ao escrever esse \u201cquando\u201d inicial, de Paulo e de sua ep\u00edstola aos cor\u00edntios: \u201cQuando eu era menino, falava como menino, sentia como menino, pensava como menino; quando cheguei a ser homem, desisti das coisas pr\u00f3prias de menino.\u201d Esses versos acompanham-me h\u00e1 alguns dias.<\/p>\n<p>Venho caminhando, no pensamento e tamb\u00e9m fisicamente falando, refletindo no ap\u00f3stolo e naquilo que em seu falar, sentir e pensar precisava ser esquecido.<!--more--> De fato, parece-me que h\u00e1 um esquecer \u2013 ou talvez seja melhor dizer um \u201cdesistir\u201d, para sermos mais fi\u00e9is ao disc\u00edpulo de Gamaliel \u2013 necess\u00e1rio ao amadurecimento. Diante de um mundo exigente \u2013 da urg\u00eancia imposta ao jovem de se aperfei\u00e7oar nos mais diversos campos do saber e, ao mesmo tempo, da experi\u00eancia que lhe \u00e9 cobrada em cada um deles -, \u00e9 preciso crescer e deixar um pouco de lado o universo infantil e suas fantasias.<\/p>\n<p>Mas o que Paulo tem a ver com tudo isso? \u2013 podemos nos perguntar. Pode parecer descontextualizado demais querer trazer o trecho de sua carta para a experi\u00eancia de um jovem contempor\u00e2neo. Penso que n\u00e3o. Ainda que as \u00e9pocas n\u00e3o coincidam, h\u00e1 sentimentos que continuam sendo universais, h\u00e1 momentos que s\u00e3o (ou ao menos precisariam ser) marcantes. O menino e o homem, por exemplo, separam-se na fala do ap\u00f3stolo. Duas fases distintas. Consigo visualizar os dois pontos, mas onde est\u00e1 a passagem entre eles? Que as fantasias e o universo infantil fiquem na gaveta, certo. Certo?<\/p>\n<p>Alfineta-me o pensamento, sem que eu mesma queira, a fala de Cristo: \u201cEm verdade vos digo: Quem n\u00e3o receber o reino de Deus como uma crian\u00e7a de maneira nenhuma entrar\u00e1 nele.\u201d Numa avalanche de quest\u00f5es, ent\u00e3o, continuo. Como ser\u00e1 isto: o reino \u00e9 para as crian\u00e7as e o mundo para os adultos? Sim, todos sabemos: o cora\u00e7\u00e3o \u00e9 que precisa ser de uma crian\u00e7a! Entrela\u00e7am-se, no entanto, e convenhamos, viv\u00eancia e sentimento. Para o jovem, a passagem entre os tais dois pontos ainda est\u00e1 sendo feita. Almeja-se a todo tempo o falado equil\u00edbrio entre o que se sonhou e o que se deve ser. Eis a grande tarefa: n\u00e3o deixar a crian\u00e7a brigar demais com o adulto e o adulto n\u00e3o chorar tanto por n\u00e3o ser mais crian\u00e7a.<\/p>\n<p>Quanto aos sonhos, o melhor \u00e9 submeter-se sempre \u00e0 soberana vontade do Rei, que os tem mais altos que os nossos, guardados consigo. Por vezes eles se encontram com os nossos deveres e tudo \u00e9 s\u00f3 uma quest\u00e3o de tempo. \u00c0s vezes, no meio do caminho, h\u00e1 uma pedra. Em outras, uma p\u00e9rola. Esperar deste texto uma resposta? Ele est\u00e1 \u00e0 procura, como bem se anunciou. \u00c9 ainda jovem&#8230; O bom mesmo \u00e9 andar com Jesus, conhecedor de todas as fases e tempos e, ao mesmo tempo, Deus te toda a eternidade.<\/p>\n<p>Mariana Furst tem 29 anos \u00e9 mestre em teoria liter\u00e1ria, professora de franc\u00eas e estuda no Centro Evang\u00e9lico de Miss\u00f5es<\/p>\n","protected":false},"excerpt":{"rendered":"<p>Quando crian\u00e7a sonha-se com muita coisa. Paro nesta frase. Lembro-me, ao escrever esse \u201cquando\u201d inicial, de Paulo e de sua ep\u00edstola aos cor\u00edntios: \u201cQuando eu era menino, falava como menino, sentia como menino, pensava como menino; quando cheguei a ser homem, desisti das coisas pr\u00f3prias de menino.\u201d Esses versos acompanham-me h\u00e1 alguns dias. Venho caminhando, [&hellip;]<\/p>\n","protected":false},"author":19,"featured_media":0,"comment_status":"open","ping_status":"open","sticky":false,"template":"","format":"standard","meta":{"ngg_post_thumbnail":0,"footnotes":""},"categories":[8039,6054],"tags":[],"class_list":["post-568","post","type-post","status-publish","format-standard","hentry","category-altas-devocionais","category-textos"],"_links":{"self":[{"href":"https:\/\/ultimato.com.br\/sites\/jovem\/wp-json\/wp\/v2\/posts\/568","targetHints":{"allow":["GET"]}}],"collection":[{"href":"https:\/\/ultimato.com.br\/sites\/jovem\/wp-json\/wp\/v2\/posts"}],"about":[{"href":"https:\/\/ultimato.com.br\/sites\/jovem\/wp-json\/wp\/v2\/types\/post"}],"author":[{"embeddable":true,"href":"https:\/\/ultimato.com.br\/sites\/jovem\/wp-json\/wp\/v2\/users\/19"}],"replies":[{"embeddable":true,"href":"https:\/\/ultimato.com.br\/sites\/jovem\/wp-json\/wp\/v2\/comments?post=568"}],"version-history":[{"count":4,"href":"https:\/\/ultimato.com.br\/sites\/jovem\/wp-json\/wp\/v2\/posts\/568\/revisions"}],"predecessor-version":[{"id":572,"href":"https:\/\/ultimato.com.br\/sites\/jovem\/wp-json\/wp\/v2\/posts\/568\/revisions\/572"}],"wp:attachment":[{"href":"https:\/\/ultimato.com.br\/sites\/jovem\/wp-json\/wp\/v2\/media?parent=568"}],"wp:term":[{"taxonomy":"category","embeddable":true,"href":"https:\/\/ultimato.com.br\/sites\/jovem\/wp-json\/wp\/v2\/categories?post=568"},{"taxonomy":"post_tag","embeddable":true,"href":"https:\/\/ultimato.com.br\/sites\/jovem\/wp-json\/wp\/v2\/tags?post=568"}],"curies":[{"name":"wp","href":"https:\/\/api.w.org\/{rel}","templated":true}]}}