{"id":5607,"date":"2017-01-09T16:09:47","date_gmt":"2017-01-09T19:09:47","guid":{"rendered":"http:\/\/ultimato.com.br\/sites\/jovem\/?p=5607"},"modified":"2017-01-09T16:09:47","modified_gmt":"2017-01-09T19:09:47","slug":"legado-de-lutero-em-foco-no-movimento-encontrao-de-2017","status":"publish","type":"post","link":"https:\/\/ultimato.com.br\/sites\/jovem\/2017\/01\/09\/legado-de-lutero-em-foco-no-movimento-encontrao-de-2017\/","title":{"rendered":"Legado de Lutero em foco no Movimento Encontr\u00e3o de 2017"},"content":{"rendered":"<p><img loading=\"lazy\" decoding=\"async\" class=\"alignright size-medium wp-image-5608\" src=\"http:\/\/ultimato.com.br\/sites\/jovem\/files\/2017\/01\/Ult_Jovem_09_01_17_encontr\u00e3o_logo-300x100.jpg\" alt=\"\" width=\"300\" height=\"100\" srcset=\"https:\/\/ultimato.com.br\/sites\/jovem\/files\/2017\/01\/Ult_Jovem_09_01_17_encontr\u00e3o_logo-300x100.jpg 300w, https:\/\/ultimato.com.br\/sites\/jovem\/files\/2017\/01\/Ult_Jovem_09_01_17_encontr\u00e3o_logo-768x256.jpg 768w, https:\/\/ultimato.com.br\/sites\/jovem\/files\/2017\/01\/Ult_Jovem_09_01_17_encontr\u00e3o_logo-1024x341.jpg 1024w, https:\/\/ultimato.com.br\/sites\/jovem\/files\/2017\/01\/Ult_Jovem_09_01_17_encontr\u00e3o_logo-150x50.jpg 150w, https:\/\/ultimato.com.br\/sites\/jovem\/files\/2017\/01\/Ult_Jovem_09_01_17_encontr\u00e3o_logo.jpg 1800w\" sizes=\"auto, (max-width: 300px) 100vw, 300px\" \/>Cinco anos depois da \u00faltima edi\u00e7\u00e3o, o Encontr\u00e3o vem a\u00ed de novo! Em 2017, comemorando os 500 anos da Reforma Protestante, o tema ser\u00e1 \u201cReformando para ser disc\u00edpulos, igrejas e cidad\u00e3os\u201d, com base em Romanos 12:1. O evento acontece entre 25 e 28 de fevereiro, no Parque de Exposi\u00e7\u00f5es de Ituporanga, em Cerro Negro, Santa Catarina.<\/p>\n<p>Um dos legados de Lutero, o sacerd\u00f3cio geral de todos os crentes, vai ser destacado no evento. Ariton Palm, diretor executivo do Movimento Encontr\u00e3o, diz que \u201cse a hist\u00f3ria registra a dificuldade de se praticar essa afirma\u00e7\u00e3o, quanto mais nos apaixonamos pelo conceito de igreja missional, mais reconhecemos a sua semelhan\u00e7a. Portanto, o Encontr\u00e3o Nacional 2017 promete em termos de desdobramentos.\u201d<\/p>\n<p>Sobre a hist\u00f3ria do Encontr\u00e3o, Airton explica com a forma\u00e7\u00e3o de pequenos grupos no contexto luterano, foi sendo necess\u00e1rio que se juntassem em um grande congresso, o Encontr\u00e3o, que foi crescendo, formando um Movimento maior. \u201cAs demandas posteriores de forma\u00e7\u00e3o e miss\u00e3o exigiram uma organiza\u00e7\u00e3o extra. No entanto, a influ\u00eancia teol\u00f3gica e pr\u00e1tica do Movimento Encontr\u00e3o avan\u00e7ou e se firmou\u201d, esclarece Airton.<!--more--><\/p>\n<p>Airton tamb\u00e9m contou que ultimamente o Movimento Encontr\u00e3o tem concentrado suas a\u00e7\u00f5es nas quest\u00f5es de planta\u00e7\u00e3o e revitaliza\u00e7\u00e3o de igrejas e da necess\u00e1ria reflex\u00e3o eclesiol\u00f3gica para isso. \u201cEst\u00e1 claro que, tanto a sociedade como as pessoas ser\u00e3o impactadas com uma comunidade revitalizada\u201d, destacou.<\/p>\n<p>Ricardo Agreste, Jeremias Pereira, Rodomar Ramlow e Maur\u00edcio Cunha s\u00e3o alguns dos nomes confirmados para o Encontr\u00e3o de 2017. Confira\u00a0mais informa\u00e7\u00f5es e fa\u00e7a sua inscri\u00e7\u00e3o <a href=\"http:\/\/me.org.br\/en2017\/\">aqui<\/a>.<\/p>\n","protected":false},"excerpt":{"rendered":"<p>Cinco anos depois da \u00faltima edi\u00e7\u00e3o, o Encontr\u00e3o vem a\u00ed de novo! Em 2017, comemorando os 500 anos da Reforma Protestante, o tema ser\u00e1 \u201cReformando para ser disc\u00edpulos, igrejas e cidad\u00e3os\u201d, com base em Romanos 12:1. O evento acontece entre 25 e 28 de fevereiro, no Parque de Exposi\u00e7\u00f5es de Ituporanga, em Cerro Negro, Santa [&hellip;]<\/p>\n","protected":false},"author":19,"featured_media":0,"comment_status":"open","ping_status":"open","sticky":false,"template":"","format":"standard","meta":{"ngg_post_thumbnail":0,"footnotes":""},"categories":[172],"tags":[31838,31837,5936],"class_list":["post-5607","post","type-post","status-publish","format-standard","hentry","category-agenda","tag-encontrao-2017","tag-movimento-encontrao","tag-reforma-protestante"],"_links":{"self":[{"href":"https:\/\/ultimato.com.br\/sites\/jovem\/wp-json\/wp\/v2\/posts\/5607","targetHints":{"allow":["GET"]}}],"collection":[{"href":"https:\/\/ultimato.com.br\/sites\/jovem\/wp-json\/wp\/v2\/posts"}],"about":[{"href":"https:\/\/ultimato.com.br\/sites\/jovem\/wp-json\/wp\/v2\/types\/post"}],"author":[{"embeddable":true,"href":"https:\/\/ultimato.com.br\/sites\/jovem\/wp-json\/wp\/v2\/users\/19"}],"replies":[{"embeddable":true,"href":"https:\/\/ultimato.com.br\/sites\/jovem\/wp-json\/wp\/v2\/comments?post=5607"}],"version-history":[{"count":2,"href":"https:\/\/ultimato.com.br\/sites\/jovem\/wp-json\/wp\/v2\/posts\/5607\/revisions"}],"predecessor-version":[{"id":5610,"href":"https:\/\/ultimato.com.br\/sites\/jovem\/wp-json\/wp\/v2\/posts\/5607\/revisions\/5610"}],"wp:attachment":[{"href":"https:\/\/ultimato.com.br\/sites\/jovem\/wp-json\/wp\/v2\/media?parent=5607"}],"wp:term":[{"taxonomy":"category","embeddable":true,"href":"https:\/\/ultimato.com.br\/sites\/jovem\/wp-json\/wp\/v2\/categories?post=5607"},{"taxonomy":"post_tag","embeddable":true,"href":"https:\/\/ultimato.com.br\/sites\/jovem\/wp-json\/wp\/v2\/tags?post=5607"}],"curies":[{"name":"wp","href":"https:\/\/api.w.org\/{rel}","templated":true}]}}