{"id":554,"date":"2011-03-28T15:13:22","date_gmt":"2011-03-28T18:13:22","guid":{"rendered":"http:\/\/ultimato.com.br\/sites\/jovem\/?p=554"},"modified":"2011-03-28T15:13:22","modified_gmt":"2011-03-28T18:13:22","slug":"mostra-cinema-e-fe-crista","status":"publish","type":"post","link":"https:\/\/ultimato.com.br\/sites\/jovem\/2011\/03\/28\/mostra-cinema-e-fe-crista\/","title":{"rendered":"Mostra Cinema e F\u00e9 Crist\u00e3"},"content":{"rendered":"<p><a href=\"http:\/\/ultimato.com.br\/sites\/jovem\/files\/2011\/03\/mostra-de-cinema-mackenzie.jpg\" class=\"lightview\" data-lightview-group=\"group-554\" data-lightview-options=\"skin: 'dark', controls: 'relative', padding: '10', shadow: { color: '#000000', opacity: 0.08, blur: 3 }\" data-lightview-title=\"mostra de cinema mackenzie\"><img loading=\"lazy\" decoding=\"async\" class=\"alignright size-full wp-image-565\" title=\"mostra de cinema mackenzie\" src=\"http:\/\/ultimato.com.br\/sites\/jovem\/files\/2011\/03\/mostra-de-cinema-mackenzie.jpg\" alt=\"\" width=\"211\" height=\"180\" srcset=\"https:\/\/ultimato.com.br\/sites\/jovem\/files\/2011\/03\/mostra-de-cinema-mackenzie.jpg 211w, https:\/\/ultimato.com.br\/sites\/jovem\/files\/2011\/03\/mostra-de-cinema-mackenzie-150x127.jpg 150w\" sizes=\"auto, (max-width: 211px) 100vw, 211px\" \/><\/a>A MOSTRA CINEMA E F\u00c9 CRIST\u00c3,  com curadoria de Fernando Berlezzi, faz parte do projeto Cine e V\u00eddeo CHM e utiliza da S\u00e9tima Arte para  promover uma reflex\u00e3o da postura da sociedade atual frente \u00e0s variadas hist\u00f3rias, \u00e0s diferentes narrativas visuais que nos s\u00e3o apresentadas e que acabam, de alguma forma, afetando nossas cren\u00e7as e nossa imagina\u00e7\u00e3o.<\/p>\n<p>Para saber mais sobre a mostra <a href=\"http:\/\/www.mackenzie.br\/noticias_materia.html?&amp;tx_ttnews[tt_news]=254&amp;cHash=4988edc963c7c20de10153623404ba49\" target=\"_blank\">clique aqui<\/a>.<\/p>\n","protected":false},"excerpt":{"rendered":"<p>A MOSTRA CINEMA E F\u00c9 CRIST\u00c3, com curadoria de Fernando Berlezzi, faz parte do projeto Cine e V\u00eddeo CHM e utiliza da S\u00e9tima Arte para promover uma reflex\u00e3o da postura da sociedade atual frente \u00e0s variadas hist\u00f3rias, \u00e0s diferentes narrativas visuais que nos s\u00e3o apresentadas e que acabam, de alguma forma, afetando nossas cren\u00e7as e [&hellip;]<\/p>\n","protected":false},"author":19,"featured_media":0,"comment_status":"open","ping_status":"open","sticky":false,"template":"","format":"standard","meta":{"ngg_post_thumbnail":0,"footnotes":""},"categories":[172],"tags":[],"class_list":["post-554","post","type-post","status-publish","format-standard","hentry","category-agenda"],"_links":{"self":[{"href":"https:\/\/ultimato.com.br\/sites\/jovem\/wp-json\/wp\/v2\/posts\/554","targetHints":{"allow":["GET"]}}],"collection":[{"href":"https:\/\/ultimato.com.br\/sites\/jovem\/wp-json\/wp\/v2\/posts"}],"about":[{"href":"https:\/\/ultimato.com.br\/sites\/jovem\/wp-json\/wp\/v2\/types\/post"}],"author":[{"embeddable":true,"href":"https:\/\/ultimato.com.br\/sites\/jovem\/wp-json\/wp\/v2\/users\/19"}],"replies":[{"embeddable":true,"href":"https:\/\/ultimato.com.br\/sites\/jovem\/wp-json\/wp\/v2\/comments?post=554"}],"version-history":[{"count":3,"href":"https:\/\/ultimato.com.br\/sites\/jovem\/wp-json\/wp\/v2\/posts\/554\/revisions"}],"predecessor-version":[{"id":567,"href":"https:\/\/ultimato.com.br\/sites\/jovem\/wp-json\/wp\/v2\/posts\/554\/revisions\/567"}],"wp:attachment":[{"href":"https:\/\/ultimato.com.br\/sites\/jovem\/wp-json\/wp\/v2\/media?parent=554"}],"wp:term":[{"taxonomy":"category","embeddable":true,"href":"https:\/\/ultimato.com.br\/sites\/jovem\/wp-json\/wp\/v2\/categories?post=554"},{"taxonomy":"post_tag","embeddable":true,"href":"https:\/\/ultimato.com.br\/sites\/jovem\/wp-json\/wp\/v2\/tags?post=554"}],"curies":[{"name":"wp","href":"https:\/\/api.w.org\/{rel}","templated":true}]}}