{"id":5458,"date":"2016-11-18T15:32:45","date_gmt":"2016-11-18T18:32:45","guid":{"rendered":"http:\/\/ultimato.com.br\/sites\/jovem\/?p=5458"},"modified":"2016-11-18T15:32:45","modified_gmt":"2016-11-18T18:32:45","slug":"boto-fe-silvestre-kuhlmann","status":"publish","type":"post","link":"https:\/\/ultimato.com.br\/sites\/jovem\/2016\/11\/18\/boto-fe-silvestre-kuhlmann\/","title":{"rendered":"Boto f\u00e9: Silvestre Kuhlmann"},"content":{"rendered":"<p><img loading=\"lazy\" decoding=\"async\" class=\"alignright size-medium wp-image-5460\" src=\"http:\/\/ultimato.com.br\/sites\/jovem\/files\/2016\/11\/silvestre-300x200.jpg\" alt=\"silvestre\" width=\"300\" height=\"200\" srcset=\"https:\/\/ultimato.com.br\/sites\/jovem\/files\/2016\/11\/silvestre-300x200.jpg 300w, https:\/\/ultimato.com.br\/sites\/jovem\/files\/2016\/11\/silvestre-150x100.jpg 150w, https:\/\/ultimato.com.br\/sites\/jovem\/files\/2016\/11\/silvestre.jpg 750w\" sizes=\"auto, (max-width: 300px) 100vw, 300px\" \/>Eu boto f\u00e9 no som de Silvestre Kuhlmann. Em termos de estilo, \u00e9 a cl\u00e1ssica MPB, que consegue envolver desde samba e bossa nova at\u00e9 forr\u00f3 e modas de viola.<\/p>\n<p>Em termos de forma, sua poesia \u00e9 \u00fanica, sempre atento \u00e0 m\u00e9trica, \u00e0s rimas diferenciadas e a jogos de palavras. Seus arranjos tamb\u00e9m s\u00e3o \u00fanicos, geralmente compostos de voz e viol\u00e3o, mas de vez em quando t\u00eam participa\u00e7\u00f5es especiais de outros instrumentos.<\/p>\n<p>Quanto \u00e0 mensagem, \u00e9 baseada nas Escrituras Sagradas, sendo reflex\u00f5es sobre isso e sua relev\u00e2ncia hoje.<\/p>\n<p>Minha can\u00e7\u00e3o favorita \u00e9 Composi\u00e7\u00e3o, pois ela fala sobre v\u00e1rias das rea\u00e7\u00f5es que podemos ter quando enfrentamos problemas. H\u00e1 sempre v\u00e1rias possibilidades de passar pelo sofrimento, mas sempre\u00a0a melhor de todas \u00e9 se &#8220;achego-me \u00c0quele que \u00e9 Santo \/ e em \u00eaxtase, cheio de encanto, \/ saio do ch\u00e3o, me levanto&#8221; e ent\u00e3o posso continuar a caminhar.<\/p>\n<p>Al\u00e9m disso, nessa m\u00fasica, Silvestre\u00a0fala n\u00e3o s\u00f3 sobre a\u00a0dificuldade da vida, mas\u00a0tamb\u00e9m sobre\u00a0o processo de fazer arte. Raramente \u00e9 algo inusitado, numa inspira\u00e7\u00e3o de 15 minutos na fila do p\u00e3o.<\/p>\n<p>Na maioria das vezes leva (bastante)\u00a0tempo, (muito) suor e (longo)\u00a0trabalho para conseguir escolher as pedras certas, tirar o limo delas e construir tudo de maneira que fa\u00e7a sentido.<\/p>\n<p><!--more-->Ent\u00e3o, quando finalmente a obra\u00a0fica pronta, posso dar uns passos pra tr\u00e1s, ver o quadro\u00a0geral,\u00a0perceber a beleza do que o Esp\u00edrito Santo inspirou a fazer e\u00a0s\u00f3 resta admitir que \u00e9 &#8220;um presente, um mimo&#8221;, pra usar das palavras do Silvestre mesmo.<\/p>\n<p>Silvestre tem um <a href=\"https:\/\/www.youtube.com\/channel\/UCcqw2fcLXTsLMAWJbJfTOlA\">canal no Youtube<\/a>, e l\u00e1 posta quase semanalmente um v\u00eddeo caseiro com algum poema ou alguma m\u00fasica sua, vale a pena conferir!<\/p>\n<p>Como ele j\u00e1 lan\u00e7ou muitos \u00e1lbuns (uns 12) e centenas de poesias, ficam algumas dicas:<\/p>\n<p>&#8211; Para os intelectuais de plant\u00e3o, o samba: <a href=\"https:\/\/www.youtube.com\/watch?v=bugdeLQPihk\">Cultos<\/a> (letra de Wol\u00f4)<\/p>\n<p>&#8211; Para os desanimados, o xote: <a href=\"https:\/\/www.youtube.com\/watch?v=9ehbkAVy6Z0\">Nem s\u00f3 de p\u00e3o<\/a><\/p>\n<p>&#8211; Para os cavaleiros solit\u00e1rios: <a href=\"https:\/\/www.youtube.com\/watch?v=lPBI0UDm9KU\">A pedra de amolar<\/a> (letra de Roberto Diamanso)<\/p>\n<p>&#8211; E para os que procuram letras criativas e bem humoradas: <a href=\"https:\/\/www.youtube.com\/watch?v=1fz9VcwIAps\">Samba do cachorro<\/a>\u00a0e <a href=\"https:\/\/www.youtube.com\/watch?v=QkUscaxfyyY\">Can\u00e7\u00e3o do gato<\/a><\/p>\n<p>&#8211;\u00a0E para os m\u00fasicos e poetas, o jazz, Composi\u00e7\u00e3o:<\/p>\n<p>&nbsp;<\/p>\n<p><iframe loading=\"lazy\" width=\"750\" height=\"422\" src=\"https:\/\/www.youtube.com\/embed\/rFN_A3chOHU?feature=oembed\" frameborder=\"0\" allowfullscreen><\/iframe><\/p>\n<p><strong><img loading=\"lazy\" decoding=\"async\" class=\"alignleft size-thumbnail wp-image-5459\" src=\"http:\/\/ultimato.com.br\/sites\/jovem\/files\/2016\/11\/Asaph-150x150.jpg\" alt=\"asaph\" width=\"150\" height=\"150\" srcset=\"https:\/\/ultimato.com.br\/sites\/jovem\/files\/2016\/11\/Asaph-150x150.jpg 150w, https:\/\/ultimato.com.br\/sites\/jovem\/files\/2016\/11\/Asaph-300x300.jpg 300w, https:\/\/ultimato.com.br\/sites\/jovem\/files\/2016\/11\/Asaph-768x768.jpg 768w, https:\/\/ultimato.com.br\/sites\/jovem\/files\/2016\/11\/Asaph-80x80.jpg 80w, https:\/\/ultimato.com.br\/sites\/jovem\/files\/2016\/11\/Asaph.jpg 960w\" sizes=\"auto, (max-width: 150px) 100vw, 150px\" \/>Asaph Jacinto<\/strong>, 24 anos, \u00e9 engenheiro de materiais, compositor e eterno abuense.<\/p>\n","protected":false},"excerpt":{"rendered":"<p>Eu boto f\u00e9 no som de Silvestre Kuhlmann. Em termos de estilo, \u00e9 a cl\u00e1ssica MPB, que consegue envolver desde samba e bossa nova at\u00e9 forr\u00f3 e modas de viola. Em termos de forma, sua poesia \u00e9 \u00fanica, sempre atento \u00e0 m\u00e9trica, \u00e0s rimas diferenciadas e a jogos de palavras. Seus arranjos tamb\u00e9m s\u00e3o \u00fanicos, [&hellip;]<\/p>\n","protected":false},"author":19,"featured_media":0,"comment_status":"open","ping_status":"open","sticky":false,"template":"","format":"standard","meta":{"ngg_post_thumbnail":0,"footnotes":""},"categories":[10182],"tags":[18330,12794],"class_list":["post-5458","post","type-post","status-publish","format-standard","hentry","category-boto-fe","tag-boto-fe-2","tag-silvestre-kuhlmann"],"_links":{"self":[{"href":"https:\/\/ultimato.com.br\/sites\/jovem\/wp-json\/wp\/v2\/posts\/5458","targetHints":{"allow":["GET"]}}],"collection":[{"href":"https:\/\/ultimato.com.br\/sites\/jovem\/wp-json\/wp\/v2\/posts"}],"about":[{"href":"https:\/\/ultimato.com.br\/sites\/jovem\/wp-json\/wp\/v2\/types\/post"}],"author":[{"embeddable":true,"href":"https:\/\/ultimato.com.br\/sites\/jovem\/wp-json\/wp\/v2\/users\/19"}],"replies":[{"embeddable":true,"href":"https:\/\/ultimato.com.br\/sites\/jovem\/wp-json\/wp\/v2\/comments?post=5458"}],"version-history":[{"count":1,"href":"https:\/\/ultimato.com.br\/sites\/jovem\/wp-json\/wp\/v2\/posts\/5458\/revisions"}],"predecessor-version":[{"id":5461,"href":"https:\/\/ultimato.com.br\/sites\/jovem\/wp-json\/wp\/v2\/posts\/5458\/revisions\/5461"}],"wp:attachment":[{"href":"https:\/\/ultimato.com.br\/sites\/jovem\/wp-json\/wp\/v2\/media?parent=5458"}],"wp:term":[{"taxonomy":"category","embeddable":true,"href":"https:\/\/ultimato.com.br\/sites\/jovem\/wp-json\/wp\/v2\/categories?post=5458"},{"taxonomy":"post_tag","embeddable":true,"href":"https:\/\/ultimato.com.br\/sites\/jovem\/wp-json\/wp\/v2\/tags?post=5458"}],"curies":[{"name":"wp","href":"https:\/\/api.w.org\/{rel}","templated":true}]}}