{"id":541,"date":"2011-03-17T16:30:59","date_gmt":"2011-03-17T19:30:59","guid":{"rendered":"http:\/\/ultimato.com.br\/sites\/jovem\/?p=541"},"modified":"2011-03-17T16:33:03","modified_gmt":"2011-03-17T19:33:03","slug":"ultimato-jovem-no-emep","status":"publish","type":"post","link":"https:\/\/ultimato.com.br\/sites\/jovem\/2011\/03\/17\/ultimato-jovem-no-emep\/","title":{"rendered":"Ultimato Jovem no EMEP"},"content":{"rendered":"<p style=\"text-align: center;\"><a href=\"http:\/\/ultimato.com.br\/sites\/jovem\/files\/2011\/03\/DSC2276.jpg\" class=\"lightview\" data-lightview-group=\"group-541\" data-lightview-options=\"skin: 'dark', controls: 'relative', padding: '10', shadow: { color: '#000000', opacity: 0.08, blur: 3 }\" data-lightview-title=\"_DSC2276\"><img loading=\"lazy\" decoding=\"async\" class=\"aligncenter size-full wp-image-542\" style=\"margin-top: 10px; margin-bottom: 10px;\" title=\"_DSC2276\" src=\"http:\/\/ultimato.com.br\/sites\/jovem\/files\/2011\/03\/DSC2276.jpg\" alt=\"\" width=\"384\" height=\"255\" srcset=\"https:\/\/ultimato.com.br\/sites\/jovem\/files\/2011\/03\/DSC2276.jpg 480w, https:\/\/ultimato.com.br\/sites\/jovem\/files\/2011\/03\/DSC2276-300x199.jpg 300w, https:\/\/ultimato.com.br\/sites\/jovem\/files\/2011\/03\/DSC2276-150x99.jpg 150w\" sizes=\"auto, (max-width: 384px) 100vw, 384px\" \/><\/a>Aconteceu, dos dias 5 a 8 de mar\u00e7o, o Encontro Mission\u00e1rio\u00a0Estudantil\u00a0e Porfissional (EMEP) no Centro Evang\u00e9lico de Miss\u00f5es (CEM), em Vi\u00e7osa, MG. O encontro contou com quase 100 participantes de diversos estados brasileiros.<\/p>\n<p>O #UltimatoJovem esteve por l\u00e1 cobrindo os principais momentos.<!--more--><\/p>\n<p><a href=\"http:\/\/ultimato.com.br\/sites\/jovem\/files\/2011\/03\/DSC2234.jpg\" class=\"lightview\" data-lightview-group=\"group-541\" data-lightview-options=\"skin: 'dark', controls: 'relative', padding: '10', shadow: { color: '#000000', opacity: 0.08, blur: 3 }\" data-lightview-title=\"_DSC2234\"><img loading=\"lazy\" decoding=\"async\" class=\"aligncenter size-full wp-image-543\" title=\"_DSC2234\" src=\"http:\/\/ultimato.com.br\/sites\/jovem\/files\/2011\/03\/DSC2234.jpg\" alt=\"\" width=\"320\" height=\"213\" srcset=\"https:\/\/ultimato.com.br\/sites\/jovem\/files\/2011\/03\/DSC2234.jpg 320w, https:\/\/ultimato.com.br\/sites\/jovem\/files\/2011\/03\/DSC2234-300x199.jpg 300w, https:\/\/ultimato.com.br\/sites\/jovem\/files\/2011\/03\/DSC2234-150x99.jpg 150w\" sizes=\"auto, (max-width: 320px) 100vw, 320px\" \/><\/a><\/p>\n<p><a href=\"http:\/\/ultimato.com.br\/sites\/jovem\/files\/2011\/03\/DSC2467.jpg\" class=\"lightview\" data-lightview-group=\"group-541\" data-lightview-options=\"skin: 'dark', controls: 'relative', padding: '10', shadow: { color: '#000000', opacity: 0.08, blur: 3 }\" data-lightview-title=\"_DSC2467\"><img loading=\"lazy\" decoding=\"async\" class=\"aligncenter size-full wp-image-544\" title=\"_DSC2467\" src=\"http:\/\/ultimato.com.br\/sites\/jovem\/files\/2011\/03\/DSC2467.jpg\" alt=\"\" width=\"320\" height=\"213\" srcset=\"https:\/\/ultimato.com.br\/sites\/jovem\/files\/2011\/03\/DSC2467.jpg 320w, https:\/\/ultimato.com.br\/sites\/jovem\/files\/2011\/03\/DSC2467-300x199.jpg 300w, https:\/\/ultimato.com.br\/sites\/jovem\/files\/2011\/03\/DSC2467-150x99.jpg 150w\" sizes=\"auto, (max-width: 320px) 100vw, 320px\" \/><\/a><\/p>\n<p>Durante o encontro os participantes tiveram a oportunidade de visitar a Editora Ultimato quando puderam conhecer sua hist\u00f3ria de funda\u00e7\u00e3o \u2014 e os fundadores \u2014, receberam kits especiais do nosso lan\u00e7amento <a href=\"http:\/\/http:\/\/ultimato.com.br\/sites\/discipulo-radical\/\">O Disc\u00edpulo Radical<\/a> e inauguraram o memorial 2009 da Ultimato. Este memorial festeja o ano das juventudes na Editora Ultimato \u2014\u00a02009 \u2014\u00a0e toda a aproxima\u00e7\u00e3o com os jovens desde ent\u00e3o.<\/p>\n<p><a href=\"http:\/\/ultimato.com.br\/sites\/jovem\/files\/2011\/03\/DSC2406.jpg\" class=\"lightview\" data-lightview-group=\"group-541\" data-lightview-options=\"skin: 'dark', controls: 'relative', padding: '10', shadow: { color: '#000000', opacity: 0.08, blur: 3 }\" data-lightview-title=\"_DSC2406\"><img loading=\"lazy\" decoding=\"async\" class=\"aligncenter size-full wp-image-545\" title=\"_DSC2406\" src=\"http:\/\/ultimato.com.br\/sites\/jovem\/files\/2011\/03\/DSC2406.jpg\" alt=\"\" width=\"320\" height=\"213\" srcset=\"https:\/\/ultimato.com.br\/sites\/jovem\/files\/2011\/03\/DSC2406.jpg 320w, https:\/\/ultimato.com.br\/sites\/jovem\/files\/2011\/03\/DSC2406-300x199.jpg 300w, https:\/\/ultimato.com.br\/sites\/jovem\/files\/2011\/03\/DSC2406-150x99.jpg 150w\" sizes=\"auto, (max-width: 320px) 100vw, 320px\" \/><\/a><\/p>\n<p><a href=\"http:\/\/ultimato.com.br\/sites\/jovem\/files\/2011\/03\/DSC2380.jpg\" class=\"lightview\" data-lightview-group=\"group-541\" data-lightview-options=\"skin: 'dark', controls: 'relative', padding: '10', shadow: { color: '#000000', opacity: 0.08, blur: 3 }\" data-lightview-title=\"_DSC2380\"><img loading=\"lazy\" decoding=\"async\" class=\"aligncenter size-full wp-image-546\" title=\"_DSC2380\" src=\"http:\/\/ultimato.com.br\/sites\/jovem\/files\/2011\/03\/DSC2380.jpg\" alt=\"\" width=\"320\" height=\"213\" srcset=\"https:\/\/ultimato.com.br\/sites\/jovem\/files\/2011\/03\/DSC2380.jpg 320w, https:\/\/ultimato.com.br\/sites\/jovem\/files\/2011\/03\/DSC2380-300x199.jpg 300w, https:\/\/ultimato.com.br\/sites\/jovem\/files\/2011\/03\/DSC2380-150x99.jpg 150w\" sizes=\"auto, (max-width: 320px) 100vw, 320px\" \/><\/a><\/p>\n<p><a href=\"http:\/\/ultimato.com.br\/sites\/jovem\/files\/2011\/03\/DSC2370.jpg\" class=\"lightview\" data-lightview-group=\"group-541\" data-lightview-options=\"skin: 'dark', controls: 'relative', padding: '10', shadow: { color: '#000000', opacity: 0.08, blur: 3 }\" data-lightview-title=\"_DSC2370\"><img loading=\"lazy\" decoding=\"async\" class=\"aligncenter size-full wp-image-547\" title=\"_DSC2370\" src=\"http:\/\/ultimato.com.br\/sites\/jovem\/files\/2011\/03\/DSC2370.jpg\" alt=\"\" width=\"320\" height=\"213\" srcset=\"https:\/\/ultimato.com.br\/sites\/jovem\/files\/2011\/03\/DSC2370.jpg 320w, https:\/\/ultimato.com.br\/sites\/jovem\/files\/2011\/03\/DSC2370-300x199.jpg 300w, https:\/\/ultimato.com.br\/sites\/jovem\/files\/2011\/03\/DSC2370-150x99.jpg 150w\" sizes=\"auto, (max-width: 320px) 100vw, 320px\" \/><\/a><\/p>\n","protected":false},"excerpt":{"rendered":"<p>Aconteceu, dos dias 5 a 8 de mar\u00e7o, o Encontro Mission\u00e1rio\u00a0Estudantil\u00a0e Porfissional (EMEP) no Centro Evang\u00e9lico de Miss\u00f5es (CEM), em Vi\u00e7osa, MG. O encontro contou com quase 100 participantes de diversos estados brasileiros. O #UltimatoJovem esteve por l\u00e1 cobrindo os principais momentos.<\/p>\n","protected":false},"author":19,"featured_media":0,"comment_status":"open","ping_status":"open","sticky":false,"template":"","format":"standard","meta":{"ngg_post_thumbnail":0,"footnotes":""},"categories":[7],"tags":[],"class_list":["post-541","post","type-post","status-publish","format-standard","hentry","category-noticias"],"_links":{"self":[{"href":"https:\/\/ultimato.com.br\/sites\/jovem\/wp-json\/wp\/v2\/posts\/541","targetHints":{"allow":["GET"]}}],"collection":[{"href":"https:\/\/ultimato.com.br\/sites\/jovem\/wp-json\/wp\/v2\/posts"}],"about":[{"href":"https:\/\/ultimato.com.br\/sites\/jovem\/wp-json\/wp\/v2\/types\/post"}],"author":[{"embeddable":true,"href":"https:\/\/ultimato.com.br\/sites\/jovem\/wp-json\/wp\/v2\/users\/19"}],"replies":[{"embeddable":true,"href":"https:\/\/ultimato.com.br\/sites\/jovem\/wp-json\/wp\/v2\/comments?post=541"}],"version-history":[{"count":3,"href":"https:\/\/ultimato.com.br\/sites\/jovem\/wp-json\/wp\/v2\/posts\/541\/revisions"}],"predecessor-version":[{"id":549,"href":"https:\/\/ultimato.com.br\/sites\/jovem\/wp-json\/wp\/v2\/posts\/541\/revisions\/549"}],"wp:attachment":[{"href":"https:\/\/ultimato.com.br\/sites\/jovem\/wp-json\/wp\/v2\/media?parent=541"}],"wp:term":[{"taxonomy":"category","embeddable":true,"href":"https:\/\/ultimato.com.br\/sites\/jovem\/wp-json\/wp\/v2\/categories?post=541"},{"taxonomy":"post_tag","embeddable":true,"href":"https:\/\/ultimato.com.br\/sites\/jovem\/wp-json\/wp\/v2\/tags?post=541"}],"curies":[{"name":"wp","href":"https:\/\/api.w.org\/{rel}","templated":true}]}}