{"id":535,"date":"2011-03-14T15:49:33","date_gmt":"2011-03-14T18:49:33","guid":{"rendered":"http:\/\/ultimato.com.br\/sites\/jovem\/?p=535"},"modified":"2011-03-14T15:53:03","modified_gmt":"2011-03-14T18:53:03","slug":"voce-ja-perdoou-hoje","status":"publish","type":"post","link":"https:\/\/ultimato.com.br\/sites\/jovem\/2011\/03\/14\/voce-ja-perdoou-hoje\/","title":{"rendered":"Voc\u00ea j\u00e1 perdoou hoje?"},"content":{"rendered":"<p><span style=\"color: #008080;\">Por fim, este pequeno texto sobre perd\u00e3o. Lembrem-se de dar uma olhada na edi\u00e7\u00e3o 329 da revista Ultimato. Est\u00e1 imperd\u00edvel!<\/span><\/p>\n<p><span style=\"color: #008080;\"><a href=\"http:\/\/ultimato.com.br\/sites\/jovem\/files\/2011\/03\/rel\u00f3gio.jpg\"><img loading=\"lazy\" decoding=\"async\" class=\"alignleft size-full wp-image-536\" title=\"rel\u00f3gio\" src=\"http:\/\/ultimato.com.br\/sites\/jovem\/files\/2011\/03\/rel\u00f3gio.jpg\" alt=\"\" width=\"256\" height=\"171\" srcset=\"https:\/\/ultimato.com.br\/sites\/jovem\/files\/2011\/03\/rel\u00f3gio.jpg 320w, https:\/\/ultimato.com.br\/sites\/jovem\/files\/2011\/03\/rel\u00f3gio-300x200.jpg 300w, https:\/\/ultimato.com.br\/sites\/jovem\/files\/2011\/03\/rel\u00f3gio-150x100.jpg 150w\" sizes=\"auto, (max-width: 256px) 100vw, 256px\" \/><\/a><\/span><\/p>\n<p>Somos seres relacionais. Levamos a vida de uma forma din\u00e2mica, cheia de emo\u00e7\u00f5es, sentimentos, frustra\u00e7\u00f5es, anseios, ang\u00fastias, que por vezes nos causam quebras diante das quais s\u00f3 o perd\u00e3o pode nos manter caminhando e abertos para os relacionamentos.<\/p>\n<p>Voc\u00ea j\u00e1 foi ofendido por algu\u00e9m? Humilhado? J\u00e1 foram indiferente \u00e0 sua situa\u00e7\u00e3o? Ajudou muito algu\u00e9m, sem receber gratid\u00e3o?Todos n\u00f3s j\u00e1 passamos por isso em algum momento nessa caminhada. <!--more-->Mas reflita, lembre-se de que em outros momentos estamos do outro lado, e somos n\u00f3s que abandonamos a sensibilidade, a compaix\u00e3o e a pr\u00e1tica do perd\u00e3o.<\/p>\n<p>Na maioria das vezes queremos receber perd\u00e3o, mas e quando cabe a n\u00f3s perdoar? \u00c9 aqui que percebo que o exerc\u00edcio pr\u00e1tico torna-se mais dif\u00edcil.<\/p>\n<p>Conhecemos o perfil de um homem que ao caminhar com o Mestre jurou fidelidade, encarou-o olho no olho e confessou que morreria em seu lugar se assim fosse preciso, e que jamais o abandonaria na jornada da vida. Pedro era algu\u00e9m como eu e voc\u00ea, humano, mas que experimentou a remiss\u00e3o.  Pedro recebeu uma nova chance, continuou sua jornada. O perd\u00e3o nos torna mais humanos ou, como diz o dicion\u00e1rio, mais humanit\u00e1rios. Ao receber perd\u00e3o, n\u00f3s, assim como Pedro, devemos continuar nossa jornada, certos de que o desejo de Deus \u00e9 que nos tornemos a cada dia mais parecidos com Cristo.<\/p>\n<p>Feita esta reflex\u00e3o, pergunte-se: \u201cN\u00e3o \u00e9 hora de perdoar?\u201d<\/p>\n<p><strong>Jeverton \u201cMagr\u00e3o\u201d Ledo<\/strong> \u00e9 autor de \u201cMinha Escolha Profissional \u2014 o que Deus tem a ver com isso?\u201d (Editora Vida). jeverton.ledo@gmail.com<\/p>\n","protected":false},"excerpt":{"rendered":"<p>Por fim, este pequeno texto sobre perd\u00e3o. Lembrem-se de dar uma olhada na edi\u00e7\u00e3o 329 da revista Ultimato. Est\u00e1 imperd\u00edvel! Somos seres relacionais. Levamos a vida de uma forma din\u00e2mica, cheia de emo\u00e7\u00f5es, sentimentos, frustra\u00e7\u00f5es, anseios, ang\u00fastias, que por vezes nos causam quebras diante das quais s\u00f3 o perd\u00e3o pode nos manter caminhando e abertos [&hellip;]<\/p>\n","protected":false},"author":19,"featured_media":0,"comment_status":"open","ping_status":"open","sticky":false,"template":"","format":"standard","meta":{"ngg_post_thumbnail":0,"footnotes":""},"categories":[5151],"tags":[],"class_list":["post-535","post","type-post","status-publish","format-standard","hentry","category-outros-papos"],"_links":{"self":[{"href":"https:\/\/ultimato.com.br\/sites\/jovem\/wp-json\/wp\/v2\/posts\/535","targetHints":{"allow":["GET"]}}],"collection":[{"href":"https:\/\/ultimato.com.br\/sites\/jovem\/wp-json\/wp\/v2\/posts"}],"about":[{"href":"https:\/\/ultimato.com.br\/sites\/jovem\/wp-json\/wp\/v2\/types\/post"}],"author":[{"embeddable":true,"href":"https:\/\/ultimato.com.br\/sites\/jovem\/wp-json\/wp\/v2\/users\/19"}],"replies":[{"embeddable":true,"href":"https:\/\/ultimato.com.br\/sites\/jovem\/wp-json\/wp\/v2\/comments?post=535"}],"version-history":[{"count":4,"href":"https:\/\/ultimato.com.br\/sites\/jovem\/wp-json\/wp\/v2\/posts\/535\/revisions"}],"predecessor-version":[{"id":539,"href":"https:\/\/ultimato.com.br\/sites\/jovem\/wp-json\/wp\/v2\/posts\/535\/revisions\/539"}],"wp:attachment":[{"href":"https:\/\/ultimato.com.br\/sites\/jovem\/wp-json\/wp\/v2\/media?parent=535"}],"wp:term":[{"taxonomy":"category","embeddable":true,"href":"https:\/\/ultimato.com.br\/sites\/jovem\/wp-json\/wp\/v2\/categories?post=535"},{"taxonomy":"post_tag","embeddable":true,"href":"https:\/\/ultimato.com.br\/sites\/jovem\/wp-json\/wp\/v2\/tags?post=535"}],"curies":[{"name":"wp","href":"https:\/\/api.w.org\/{rel}","templated":true}]}}