{"id":5219,"date":"2016-08-04T15:42:22","date_gmt":"2016-08-04T18:42:22","guid":{"rendered":"http:\/\/ultimato.com.br\/sites\/jovem\/?p=5219"},"modified":"2016-08-04T15:42:22","modified_gmt":"2016-08-04T18:42:22","slug":"acompanhe-o-elj2016-com-a-ultimato","status":"publish","type":"post","link":"https:\/\/ultimato.com.br\/sites\/jovem\/2016\/08\/04\/acompanhe-o-elj2016-com-a-ultimato\/","title":{"rendered":"Acompanhe o Encontro de L\u00edderes Jovens de Lausanne 2016 com a Ultimato"},"content":{"rendered":"<p><a href=\"http:\/\/ultimato.com.br\/sites\/jovem\/files\/2016\/08\/juntos_grande_historia.jpg\" class=\"lightview\" data-lightview-group=\"group-5219\" data-lightview-options=\"skin: 'dark', controls: 'relative', padding: '10', shadow: { color: '#000000', opacity: 0.08, blur: 3 }\"><img loading=\"lazy\" decoding=\"async\" class=\"aligncenter wp-image-5220 size-medium\" src=\"http:\/\/ultimato.com.br\/sites\/jovem\/files\/2016\/08\/juntos_grande_historia-300x154.jpg\" alt=\"juntos_grande_historia\" width=\"300\" height=\"154\" srcset=\"https:\/\/ultimato.com.br\/sites\/jovem\/files\/2016\/08\/juntos_grande_historia-300x154.jpg 300w, https:\/\/ultimato.com.br\/sites\/jovem\/files\/2016\/08\/juntos_grande_historia-150x77.jpg 150w, https:\/\/ultimato.com.br\/sites\/jovem\/files\/2016\/08\/juntos_grande_historia.jpg 640w\" sizes=\"auto, (max-width: 300px) 100vw, 300px\" \/><\/a><\/p>\n<p>Teve in\u00edcio ontem, em Jacarta, Indon\u00e9sia, o Encontro de L\u00edderes Jovens de Lausanne 2016 (ELJ2016). S\u00e3o cerca de mil l\u00edderes jovens crist\u00e3os de 150 pa\u00edses de todas as 12 regi\u00f5es do mundo reunidos para o terceiro encontro convocado pelo Movimento de Lausanne, que ocorre uma vez a cada gera\u00e7\u00e3o.<\/p>\n<p>O encontro segue por uma semana, e os participantes ir\u00e3o ouvir e compartilhar sobre a \u201cGrande Hist\u00f3ria\u201d de Deus no mundo, al\u00e9m de conectarem suas pr\u00f3prias hist\u00f3rias com a do Evangelho. O Movimento Lausanne descreve assim o tema do ELJ2016:<\/p>\n<p>\u201cVamos ouvir novamente essa hist\u00f3ria, percorrendo a Cria\u00e7\u00e3o, a Queda, Israel, Jesus, a Igreja e a Nova Cria\u00e7\u00e3o. Sendo a comunidade de Deus, essa \u00e9 nossa hist\u00f3ria. Ela nos \u00e9 dada para que j\u00e1 n\u00e3o sejamos crian\u00e7as aflitas, desorientadas por hist\u00f3rias conflitantes em tempos complexos. A miss\u00e3o de Deus realmente \u00e9 a chave para desvendar a grande narrativa da B\u00edblia.<\/p>\n<p>Como cooperadores no reino, somos chamados para criar, nos arrepender, aben\u00e7oar, amar, reconciliar e adorar. O ELJ2016 foi estruturado em torno desses modos de participa\u00e7\u00e3o ativa. Cada elemento do programa contribui para esse fim\u201d.<\/p>\n<p>Liss\u00e2nder Dias, editor do Portal Ultimato, est\u00e1 no ELJ2016 como um dos convidados. Acompanhe seus relatos no Blog da Ultimato atrav\u00e9s da categoria <a href=\"http:\/\/ultimato.com.br\/sites\/blogdaultimato\/categoria\/especial-encontro-de-lideres-jovens-de-lausanne\/\" target=\"_blank\">Especial Encontro de L\u00edderes Jovens de Lausanne<\/a>. Siga nosso perfil no <a href=\"https:\/\/www.instagram.com\/editoraultimato\/\" target=\"_blank\">Instagram<\/a>, para curtir as fotos. Inspire-se e tamb\u00e9m mobilize-se e conecte-se em prol da miss\u00e3o global!<\/p>\n","protected":false},"excerpt":{"rendered":"<p>Teve in\u00edcio ontem, em Jacarta, Indon\u00e9sia, o Encontro de L\u00edderes Jovens de Lausanne 2016 (ELJ2016). S\u00e3o cerca de mil l\u00edderes jovens crist\u00e3os de 150 pa\u00edses de todas as 12 regi\u00f5es do mundo reunidos para o terceiro encontro convocado pelo Movimento de Lausanne, que ocorre uma vez a cada gera\u00e7\u00e3o. O encontro segue por uma semana, [&hellip;]<\/p>\n","protected":false},"author":24,"featured_media":0,"comment_status":"open","ping_status":"open","sticky":false,"template":"","format":"standard","meta":{"ngg_post_thumbnail":0,"footnotes":""},"categories":[9],"tags":[],"class_list":["post-5219","post","type-post","status-publish","format-standard","hentry","category-sem-categoria"],"_links":{"self":[{"href":"https:\/\/ultimato.com.br\/sites\/jovem\/wp-json\/wp\/v2\/posts\/5219","targetHints":{"allow":["GET"]}}],"collection":[{"href":"https:\/\/ultimato.com.br\/sites\/jovem\/wp-json\/wp\/v2\/posts"}],"about":[{"href":"https:\/\/ultimato.com.br\/sites\/jovem\/wp-json\/wp\/v2\/types\/post"}],"author":[{"embeddable":true,"href":"https:\/\/ultimato.com.br\/sites\/jovem\/wp-json\/wp\/v2\/users\/24"}],"replies":[{"embeddable":true,"href":"https:\/\/ultimato.com.br\/sites\/jovem\/wp-json\/wp\/v2\/comments?post=5219"}],"version-history":[{"count":5,"href":"https:\/\/ultimato.com.br\/sites\/jovem\/wp-json\/wp\/v2\/posts\/5219\/revisions"}],"predecessor-version":[{"id":5225,"href":"https:\/\/ultimato.com.br\/sites\/jovem\/wp-json\/wp\/v2\/posts\/5219\/revisions\/5225"}],"wp:attachment":[{"href":"https:\/\/ultimato.com.br\/sites\/jovem\/wp-json\/wp\/v2\/media?parent=5219"}],"wp:term":[{"taxonomy":"category","embeddable":true,"href":"https:\/\/ultimato.com.br\/sites\/jovem\/wp-json\/wp\/v2\/categories?post=5219"},{"taxonomy":"post_tag","embeddable":true,"href":"https:\/\/ultimato.com.br\/sites\/jovem\/wp-json\/wp\/v2\/tags?post=5219"}],"curies":[{"name":"wp","href":"https:\/\/api.w.org\/{rel}","templated":true}]}}