{"id":5214,"date":"2016-08-01T10:09:20","date_gmt":"2016-08-01T13:09:20","guid":{"rendered":"http:\/\/ultimato.com.br\/sites\/jovem\/?p=5214"},"modified":"2016-08-01T10:09:20","modified_gmt":"2016-08-01T13:09:20","slug":"vocacao-missao-e-descanso","status":"publish","type":"post","link":"https:\/\/ultimato.com.br\/sites\/jovem\/2016\/08\/01\/vocacao-missao-e-descanso\/","title":{"rendered":"Voca\u00e7\u00e3o, miss\u00e3o e descanso"},"content":{"rendered":"<p><em><img loading=\"lazy\" decoding=\"async\" class=\"alignright size-full wp-image-5215\" src=\"http:\/\/ultimato.com.br\/sites\/jovem\/files\/2016\/08\/Ult_Jovem_01_08_16-descanso_Peq.jpg\" alt=\"Ult_Jovem_01_08_16-descanso_Peq\" width=\"370\" height=\"258\" srcset=\"https:\/\/ultimato.com.br\/sites\/jovem\/files\/2016\/08\/Ult_Jovem_01_08_16-descanso_Peq.jpg 370w, https:\/\/ultimato.com.br\/sites\/jovem\/files\/2016\/08\/Ult_Jovem_01_08_16-descanso_Peq-300x209.jpg 300w, https:\/\/ultimato.com.br\/sites\/jovem\/files\/2016\/08\/Ult_Jovem_01_08_16-descanso_Peq-150x105.jpg 150w\" sizes=\"auto, (max-width: 370px) 100vw, 370px\" \/>Por Ana Cl\u00e1udia Luz<\/em><\/p>\n<p>A vida \u00e9 sagrada, a roupa n\u00e3o \u2013 \u201cOlhem os l\u00edrios do campo e os p\u00e1ssaros do c\u00e9u (\u2026) por acaso n\u00e3o valeis mais do que os p\u00e1ssaros?\u201d.\u00a0O trabalho tem valor em si mesmo\u00a0(servir) e n\u00e3o em sua imediata recompensa \u2013 \u201crogai ao senhor da seara para que envie trabalhadores\u201d \u2013 vejam que n\u00e3o orou por \u201csementes\u201d, pois os campos j\u00e1 estavam brancos.\u00a0A Palavra \u00e9 o centro<strong>\u00a0<\/strong>e n\u00e3o o ventre \u2013 \u201cpor que n\u00e3o s\u00f3 de p\u00e3o vive o homem\u201d.\u00a0A voca\u00e7\u00e3o para que fomos chamados, seja ela qual for, deve ser maior do que qualquer posi\u00e7\u00e3o que o mundo e suas institui\u00e7\u00f5es possam ou queiram nos dar\u00a0\u2013 \u201cas raposas tem covis, as aves tem seus ninhos, mas o Filho do Homem n\u00e3o tem onde repousar a cabe\u00e7a (\u2026) quem quiser vir ap\u00f3s mim\u00a0negue-se a si mesmo\u201d.<\/p>\n<p>Ao contr\u00e1rio do que possa parecer, n\u00e3o estou pregando por nenhum voto de pobreza ou qualquer tipo de vida mon\u00e1stica em completo isolamento,\u00a0mas me questionando quais t\u00eam sido as fontes da nossa alegria, do nosso contentamento, da nossa esperan\u00e7a, e qual tem sido o centro da nossa mensagem e viv\u00eancia.<!--more--><\/p>\n<p>No evangelho escrito por Mateus, de onde tirei todas essas refer\u00eancias, Jesus confronta a f\u00e9 dos disc\u00edpulos com a realidade ao seu redor: crian\u00e7as morrendo, homens possu\u00eddos por esp\u00edritos maus, religiosos sem compaix\u00e3o, cegos e leprosos necessitando a cura, tempestades ao mar e gentios que demonstram uma f\u00e9 nunca vista em Jerusal\u00e9m. Diante de toda essa realidade, Jesus repreende seus disc\u00edpulos e sua gera\u00e7\u00e3o tomada pelo medo e incertezas chamando-os de \u201chomens de pouca f\u00e9\u201d, de \u201cmeninos que se assentam em pra\u00e7as\u201d esperando sempre que algo novo os surpreenda ou os motive.<\/p>\n<p>Para mim, nestes dias, o evangelho de Mateus tem soado como um apelo do Esp\u00edrito Santo para olhar para Jesus \u2013 \u201cVinde a mim, aprendei de mim, a ser humilde e sincero, e ent\u00e3o encontrareis descanso\u201d, em outras palavras \u201ce ent\u00e3o voc\u00ea encontrar\u00e1 o seu lugar de descanso\u201d. Jesus reclinou a sua cabe\u00e7a na cruz; sua miss\u00e3o era o lugar do seu descanso \u2013 \u201cest\u00e1 tudo consumado\u201d. A alegria e o sentido de Jesus estava em realizar a vontade do Pai. Qual \u00e9 a vontade do Pai, sen\u00e3o que todos encontremos o Caminho?<\/p>\n<p>Eu n\u00e3o poderia ser o que quisesse, sem antes me render completamente a boa, perfeita e agrad\u00e1vel vontade do Pai para a minha vida. Agostinho falava \u201cinquieto est\u00e1 o meu cora\u00e7\u00e3o at\u00e9 que encontre em Ti o meu descanso\u201d.<\/p>\n<p>Mateus discorre adiante em seu livro \u201cbasta ao disc\u00edpulo ser como seu mestre e o servo igual ao seu Senhor\u201d.<\/p>\n<p><strong>\u2022 Ana Cl\u00e1udia Luz<\/strong>, 37 anos, \u00e9 mission\u00e1ria, jornalista e documentarista. Est\u00e1 de malas prontas para a Espanha, onde trabalhar\u00e1 como volunt\u00e1ria em uma organiza\u00e7\u00e3o crist\u00e3 que luta contra o tr\u00e1fico humano. Se voc\u00ea quer ajudar a Ana Cl\u00e1udia nesta viagem, entre em contato conosco (juventudes@ultimato.com.br).<\/p>\n","protected":false},"excerpt":{"rendered":"<p>Por Ana Cl\u00e1udia Luz A vida \u00e9 sagrada, a roupa n\u00e3o \u2013 \u201cOlhem os l\u00edrios do campo e os p\u00e1ssaros do c\u00e9u (\u2026) por acaso n\u00e3o valeis mais do que os p\u00e1ssaros?\u201d.\u00a0O trabalho tem valor em si mesmo\u00a0(servir) e n\u00e3o em sua imediata recompensa \u2013 \u201crogai ao senhor da seara para que envie trabalhadores\u201d \u2013 [&hellip;]<\/p>\n","protected":false},"author":19,"featured_media":0,"comment_status":"open","ping_status":"open","sticky":false,"template":"","format":"standard","meta":{"ngg_post_thumbnail":0,"footnotes":""},"categories":[6054],"tags":[],"class_list":["post-5214","post","type-post","status-publish","format-standard","hentry","category-textos"],"_links":{"self":[{"href":"https:\/\/ultimato.com.br\/sites\/jovem\/wp-json\/wp\/v2\/posts\/5214","targetHints":{"allow":["GET"]}}],"collection":[{"href":"https:\/\/ultimato.com.br\/sites\/jovem\/wp-json\/wp\/v2\/posts"}],"about":[{"href":"https:\/\/ultimato.com.br\/sites\/jovem\/wp-json\/wp\/v2\/types\/post"}],"author":[{"embeddable":true,"href":"https:\/\/ultimato.com.br\/sites\/jovem\/wp-json\/wp\/v2\/users\/19"}],"replies":[{"embeddable":true,"href":"https:\/\/ultimato.com.br\/sites\/jovem\/wp-json\/wp\/v2\/comments?post=5214"}],"version-history":[{"count":3,"href":"https:\/\/ultimato.com.br\/sites\/jovem\/wp-json\/wp\/v2\/posts\/5214\/revisions"}],"predecessor-version":[{"id":5218,"href":"https:\/\/ultimato.com.br\/sites\/jovem\/wp-json\/wp\/v2\/posts\/5214\/revisions\/5218"}],"wp:attachment":[{"href":"https:\/\/ultimato.com.br\/sites\/jovem\/wp-json\/wp\/v2\/media?parent=5214"}],"wp:term":[{"taxonomy":"category","embeddable":true,"href":"https:\/\/ultimato.com.br\/sites\/jovem\/wp-json\/wp\/v2\/categories?post=5214"},{"taxonomy":"post_tag","embeddable":true,"href":"https:\/\/ultimato.com.br\/sites\/jovem\/wp-json\/wp\/v2\/tags?post=5214"}],"curies":[{"name":"wp","href":"https:\/\/api.w.org\/{rel}","templated":true}]}}