{"id":5204,"date":"2016-07-26T10:04:33","date_gmt":"2016-07-26T13:04:33","guid":{"rendered":"http:\/\/ultimato.com.br\/sites\/jovem\/?p=5204"},"modified":"2016-07-26T10:40:47","modified_gmt":"2016-07-26T13:40:47","slug":"por-jovens-lideres-cristaos-em-um-mundo-em-crise","status":"publish","type":"post","link":"https:\/\/ultimato.com.br\/sites\/jovem\/2016\/07\/26\/por-jovens-lideres-cristaos-em-um-mundo-em-crise\/","title":{"rendered":"Por jovens l\u00edderes crist\u00e3os em um mundo em crise"},"content":{"rendered":"<p>Em um mundo em crise \u00e9 preciso termos l\u00edderes crist\u00e3os comprometidos com o Evangelho, com a Igreja e com a sociedade. Precisamos investir em jovens l\u00edderes que tenham f\u00e9 crist\u00e3 sincera e humilde e coragem para assumir o papel de conectar pessoas e esfor\u00e7os em favor do reino de Deus.<\/p>\n<p>Vai acontecer na pr\u00f3xima semana (3 a 10 de agosto) na Indon\u00e9sia o <a href=\"https:\/\/www.lausanne.org\/pt-br\/encontros-pt-br\/elj-pt-br\/encontro-de-lideres-jovens-2016\"><strong>Encontro de L\u00edderes <\/strong><strong>Jovens do Movimento Lausanne<\/strong><\/a>. Mais de mil pessoas de 140 pa\u00edses estar\u00e3o l\u00e1. O Brasil tamb\u00e9m estar\u00e1 l\u00e1. Dezenas de jovens l\u00edderes brasileiros j\u00e1 embarcaram ou est\u00e3o arrumando as malas para ir. Alguns deles, ainda n\u00e3o completaram seu sustento para a viagem. Que tal ajudar?<\/p>\n<p>Veja o v\u00eddeo abaixo e confira em seguida os dados para doa\u00e7\u00f5es.<\/p>\n<p><iframe loading=\"lazy\" src=\"https:\/\/www.youtube.com\/embed\/8FXZUrkwEf0\" width=\"560\" height=\"315\" frameborder=\"0\" allowfullscreen=\"allowfullscreen\"><\/iframe><\/p>\n<p>Para fazer uma doa\u00e7\u00e3o, clique <a href=\"http:\/\/www.republicaemlinha.com.br\/\">aqui<\/a>.<\/p>\n<p><strong>Ultimato tamb\u00e9m estar\u00e1 l\u00e1. Faremos a cobertura do EJL em nosso Portal e em nossas redes sociais. Acompanhe!<\/strong><\/p>\n<p>&nbsp;<\/p>\n","protected":false},"excerpt":{"rendered":"<p>Em um mundo em crise \u00e9 preciso termos l\u00edderes crist\u00e3os comprometidos com o Evangelho, com a Igreja e com a sociedade. Precisamos investir em jovens l\u00edderes que tenham f\u00e9 crist\u00e3 sincera e humilde e coragem para assumir o papel de conectar pessoas e esfor\u00e7os em favor do reino de Deus. Vai acontecer na pr\u00f3xima semana [&hellip;]<\/p>\n","protected":false},"author":19,"featured_media":0,"comment_status":"open","ping_status":"open","sticky":false,"template":"","format":"standard","meta":{"ngg_post_thumbnail":0,"footnotes":""},"categories":[5152],"tags":[18331,8227],"class_list":["post-5204","post","type-post","status-publish","format-standard","hentry","category-altas-indicacoes","tag-altas-indicacoes-2","tag-lausanne"],"_links":{"self":[{"href":"https:\/\/ultimato.com.br\/sites\/jovem\/wp-json\/wp\/v2\/posts\/5204","targetHints":{"allow":["GET"]}}],"collection":[{"href":"https:\/\/ultimato.com.br\/sites\/jovem\/wp-json\/wp\/v2\/posts"}],"about":[{"href":"https:\/\/ultimato.com.br\/sites\/jovem\/wp-json\/wp\/v2\/types\/post"}],"author":[{"embeddable":true,"href":"https:\/\/ultimato.com.br\/sites\/jovem\/wp-json\/wp\/v2\/users\/19"}],"replies":[{"embeddable":true,"href":"https:\/\/ultimato.com.br\/sites\/jovem\/wp-json\/wp\/v2\/comments?post=5204"}],"version-history":[{"count":4,"href":"https:\/\/ultimato.com.br\/sites\/jovem\/wp-json\/wp\/v2\/posts\/5204\/revisions"}],"predecessor-version":[{"id":5212,"href":"https:\/\/ultimato.com.br\/sites\/jovem\/wp-json\/wp\/v2\/posts\/5204\/revisions\/5212"}],"wp:attachment":[{"href":"https:\/\/ultimato.com.br\/sites\/jovem\/wp-json\/wp\/v2\/media?parent=5204"}],"wp:term":[{"taxonomy":"category","embeddable":true,"href":"https:\/\/ultimato.com.br\/sites\/jovem\/wp-json\/wp\/v2\/categories?post=5204"},{"taxonomy":"post_tag","embeddable":true,"href":"https:\/\/ultimato.com.br\/sites\/jovem\/wp-json\/wp\/v2\/tags?post=5204"}],"curies":[{"name":"wp","href":"https:\/\/api.w.org\/{rel}","templated":true}]}}