{"id":5124,"date":"2016-06-22T09:47:25","date_gmt":"2016-06-22T12:47:25","guid":{"rendered":"http:\/\/ultimato.com.br\/sites\/jovem\/?p=5124"},"modified":"2016-06-23T08:44:39","modified_gmt":"2016-06-23T11:44:39","slug":"o-meu-lugar-no-mundo","status":"publish","type":"post","link":"https:\/\/ultimato.com.br\/sites\/jovem\/2016\/06\/22\/o-meu-lugar-no-mundo\/","title":{"rendered":"O Meu Lugar no Mundo"},"content":{"rendered":"<p>&nbsp;<\/p>\n<p><img loading=\"lazy\" decoding=\"async\" class=\"alignright wp-image-5125\" src=\"http:\/\/ultimato.com.br\/sites\/jovem\/files\/2016\/06\/UltJovem_22_06_16_selo_meulugarnomundo-01-e1466599580857.jpg\" alt=\"UltJovem_22_06_16_selo_meulugarnomundo-01\" width=\"400\" height=\"374\" \/>N\u00e3o, n\u00e3o foi o seriado \u201cMalha\u00e7\u00e3o\u201d que inventou esta frase. De fato, esta \u00e9 uma senten\u00e7a que todos desejamos pronunciar e completar: \u201co meu lugar no mundo \u00e9&#8230;\u201d. Para o crist\u00e3o, \u00e9 mais do que realiza\u00e7\u00e3o pessoal; \u00e9 encontrar-se nos planos de Deus. E isso faz toda a diferen\u00e7a em nossa caminhada.<\/p>\n<p>Por isso, a Ultimato vai inaugurar na pr\u00f3xima edi\u00e7\u00e3o da revista um selo editorial chamado \u201cO Meu Lugar no Mundo\u201d, que trar\u00e1 depoimentos de crist\u00e3os (jovens e adultos) sobre a jornada vocacional de cada um, suas dificuldades, suas vit\u00f3rias. Para come\u00e7ar, selecionamos quatro depoimentos de jovens e publicamos em um \u201cEspecial\u201d na revista que entrar\u00e1 em circula\u00e7\u00e3o em julho. Este \u00e9 o <a href=\"http:\/\/ultimato.com.br\/sites\/blogdaultimato\/categoria\/ultimas-de-ca\/o-meu-lugar-no-mundo\/\">link<\/a> para conferir todos os depoimentos em breve. (Voc\u00ea j\u00e1 vai encontrar l\u00e1 alguns conte\u00fados sobre voca\u00e7\u00e3o).<\/p>\n<p>Quer participar? <a href=\"mailto:ultimatoonline@ultimato.com.br\">Envie-nos<\/a> tamb\u00e9m seu testemunho. Responda: <strong>qual o seu lugar no mundo?<\/strong><\/p>\n<p>&nbsp;<\/p>\n<p>&nbsp;<\/p>\n","protected":false},"excerpt":{"rendered":"<p>&nbsp; N\u00e3o, n\u00e3o foi o seriado \u201cMalha\u00e7\u00e3o\u201d que inventou esta frase. De fato, esta \u00e9 uma senten\u00e7a que todos desejamos pronunciar e completar: \u201co meu lugar no mundo \u00e9&#8230;\u201d. Para o crist\u00e3o, \u00e9 mais do que realiza\u00e7\u00e3o pessoal; \u00e9 encontrar-se nos planos de Deus. E isso faz toda a diferen\u00e7a em nossa caminhada. Por isso, [&hellip;]<\/p>\n","protected":false},"author":19,"featured_media":0,"comment_status":"open","ping_status":"open","sticky":false,"template":"","format":"standard","meta":{"ngg_post_thumbnail":0,"footnotes":""},"categories":[5152],"tags":[30642,5952,16533],"class_list":["post-5124","post","type-post","status-publish","format-standard","hentry","category-altas-indicacoes","tag-o-meu-lugar-no-mundo","tag-revista","tag-vocacao"],"_links":{"self":[{"href":"https:\/\/ultimato.com.br\/sites\/jovem\/wp-json\/wp\/v2\/posts\/5124","targetHints":{"allow":["GET"]}}],"collection":[{"href":"https:\/\/ultimato.com.br\/sites\/jovem\/wp-json\/wp\/v2\/posts"}],"about":[{"href":"https:\/\/ultimato.com.br\/sites\/jovem\/wp-json\/wp\/v2\/types\/post"}],"author":[{"embeddable":true,"href":"https:\/\/ultimato.com.br\/sites\/jovem\/wp-json\/wp\/v2\/users\/19"}],"replies":[{"embeddable":true,"href":"https:\/\/ultimato.com.br\/sites\/jovem\/wp-json\/wp\/v2\/comments?post=5124"}],"version-history":[{"count":2,"href":"https:\/\/ultimato.com.br\/sites\/jovem\/wp-json\/wp\/v2\/posts\/5124\/revisions"}],"predecessor-version":[{"id":5128,"href":"https:\/\/ultimato.com.br\/sites\/jovem\/wp-json\/wp\/v2\/posts\/5124\/revisions\/5128"}],"wp:attachment":[{"href":"https:\/\/ultimato.com.br\/sites\/jovem\/wp-json\/wp\/v2\/media?parent=5124"}],"wp:term":[{"taxonomy":"category","embeddable":true,"href":"https:\/\/ultimato.com.br\/sites\/jovem\/wp-json\/wp\/v2\/categories?post=5124"},{"taxonomy":"post_tag","embeddable":true,"href":"https:\/\/ultimato.com.br\/sites\/jovem\/wp-json\/wp\/v2\/tags?post=5124"}],"curies":[{"name":"wp","href":"https:\/\/api.w.org\/{rel}","templated":true}]}}