{"id":505,"date":"2011-02-28T14:42:28","date_gmt":"2011-02-28T17:42:28","guid":{"rendered":"http:\/\/ultimato.com.br\/sites\/jovem\/?p=505"},"modified":"2011-03-01T14:38:54","modified_gmt":"2011-03-01T17:38:54","slug":"duas-orelhas-e-uma-boca","status":"publish","type":"post","link":"https:\/\/ultimato.com.br\/sites\/jovem\/2011\/02\/28\/duas-orelhas-e-uma-boca\/","title":{"rendered":"Duas orelhas e uma boca"},"content":{"rendered":"<p><em><a href=\"http:\/\/ultimato.com.br\/sites\/jovem\/files\/2011\/02\/tresmacacos.png\" class=\"lightview\" data-lightview-group=\"group-505\" data-lightview-options=\"skin: 'dark', controls: 'relative', padding: '10', shadow: { color: '#000000', opacity: 0.08, blur: 3 }\" data-lightview-title=\"tresmacacos\"><img loading=\"lazy\" decoding=\"async\" class=\"aligncenter size-full wp-image-506\" title=\"tresmacacos\" src=\"http:\/\/ultimato.com.br\/sites\/jovem\/files\/2011\/02\/tresmacacos.png\" alt=\"\" width=\"320\" height=\"170\" srcset=\"https:\/\/ultimato.com.br\/sites\/jovem\/files\/2011\/02\/tresmacacos.png 320w, https:\/\/ultimato.com.br\/sites\/jovem\/files\/2011\/02\/tresmacacos-300x159.png 300w, https:\/\/ultimato.com.br\/sites\/jovem\/files\/2011\/02\/tresmacacos-150x79.png 150w\" sizes=\"auto, (max-width: 320px) 100vw, 320px\" \/><\/a>&#8220;O que controla a sua boca preserva a vida, mas quem fala demais traz sobre si a ru\u00edna&#8221; (Pv 13.3).<\/em><\/p>\n<p>Enquanto assistia \u00e0 uma palestra, ele tuitava &#8220;isso aqui est\u00e1 t\u00e3o chato&#8221;. O outro, desabafando, reclamava do chefe, dos colegas e de seu trabalho. A outra dizia que se espantava consigo mesma por estar tomando mais um porre em plena ter\u00e7a-feira. Uma ainda confessava as car\u00eancias afetivas que a consumiam. Uma amiga minha resumiu bem esse cen\u00e1rio dizendo: &#8220;Metaforizando: J\u00e1 perceberam que o Facebook \u00e9 um div\u00e3 e os psicanalistas somos n\u00f3s?&#8221;<!--more--><\/p>\n<p>Nossa gera\u00e7\u00e3o tem concentrado muita aten\u00e7\u00e3o nas redes sociais. Facebook, Twitter, Orkut e cong\u00eaneres s\u00e3o os suportes utilizados para que as narrativas do eu se manifestem. &#8220;No que voc\u00ea est\u00e1 pensando agora?&#8221;, &#8220;O que est\u00e1 acontecendo?&#8221;, &#8220;Qual \u00e9 a frase do seu perfil?&#8221;: essas perguntas t\u00eam nos provocado e temos respondido a elas. Sem d\u00favida, individualismo e subjetividade nunca estiveram t\u00e3o evidentes.<\/p>\n<p>Voc\u00ea pode opinar sobre tudo e todos. Voc\u00ea pode elaborar o discurso sobre si. Voc\u00ea est\u00e1 em evid\u00eancia. Voc\u00ea tem espa\u00e7o. Onde ficam os outros? E cad\u00ea aquela l\u00f3gica, que a vov\u00f3 ensinava, do &#8220;meu ouvido n\u00e3o \u00e9 penico&#8221;? No exerc\u00edcio de ser e conviver, o eu precisa se dar conta do outro e do mundo, pois ele n\u00e3o subsiste sozinho e, se assim tenta ser, acaba por se anular.<\/p>\n<p>Temos falado muito. Ser\u00e1 que esquecemos do que, quando crian\u00e7as, ouv\u00edamos com frequ\u00eancia: temos duas orelhas e uma boca? Ser\u00e1 que a internet tem reproduzido o comportamento t\u00edpico humano do pouco ouvir e do muito falar? O que temos falado nas redes sociais?<\/p>\n<p>O s\u00e1bio Salom\u00e3o &#8211; aviso, ele n\u00e3o tem Twitter, Facebook e nem Orkut que seja oficial &#8211; j\u00e1 advertia que controlar a boca preserva a vida. Ser\u00e1 mesmo que as redes sociais s\u00e3o o melhor lugar para expressar o meu humor, as minhas d\u00favidas pessoais e percep\u00e7\u00f5es que tenho sobre os outros? Essa verborragia \u00e9 v\u00e1lida pra qu\u00ea?<\/p>\n<p>Para que a pulga fique atr\u00e1s da orelha, vale a pena pensar que Jesus Cristo disse que &#8220;a boca fala do que est\u00e1 cheio o cora\u00e7\u00e3o&#8221; (Mt 12.34b). Que tal dar uma olhada para o meu cora\u00e7\u00e3o hoje? Mas n\u00e3o preciso tuitar o que achei, n\u00e9!?<\/p>\n<p>Edson Munck Jr. tem 24 anos \u00e9 professor e jornalista e mora em Juiz de Fora &#8211; MG.<\/p>\n","protected":false},"excerpt":{"rendered":"<p>&#8220;O que controla a sua boca preserva a vida, mas quem fala demais traz sobre si a ru\u00edna&#8221; (Pv 13.3). Enquanto assistia \u00e0 uma palestra, ele tuitava &#8220;isso aqui est\u00e1 t\u00e3o chato&#8221;. O outro, desabafando, reclamava do chefe, dos colegas e de seu trabalho. A outra dizia que se espantava consigo mesma por estar tomando [&hellip;]<\/p>\n","protected":false},"author":2,"featured_media":0,"comment_status":"open","ping_status":"open","sticky":false,"template":"","format":"standard","meta":{"ngg_post_thumbnail":0,"footnotes":""},"categories":[6054],"tags":[],"class_list":["post-505","post","type-post","status-publish","format-standard","hentry","category-textos"],"_links":{"self":[{"href":"https:\/\/ultimato.com.br\/sites\/jovem\/wp-json\/wp\/v2\/posts\/505","targetHints":{"allow":["GET"]}}],"collection":[{"href":"https:\/\/ultimato.com.br\/sites\/jovem\/wp-json\/wp\/v2\/posts"}],"about":[{"href":"https:\/\/ultimato.com.br\/sites\/jovem\/wp-json\/wp\/v2\/types\/post"}],"author":[{"embeddable":true,"href":"https:\/\/ultimato.com.br\/sites\/jovem\/wp-json\/wp\/v2\/users\/2"}],"replies":[{"embeddable":true,"href":"https:\/\/ultimato.com.br\/sites\/jovem\/wp-json\/wp\/v2\/comments?post=505"}],"version-history":[{"count":6,"href":"https:\/\/ultimato.com.br\/sites\/jovem\/wp-json\/wp\/v2\/posts\/505\/revisions"}],"predecessor-version":[{"id":509,"href":"https:\/\/ultimato.com.br\/sites\/jovem\/wp-json\/wp\/v2\/posts\/505\/revisions\/509"}],"wp:attachment":[{"href":"https:\/\/ultimato.com.br\/sites\/jovem\/wp-json\/wp\/v2\/media?parent=505"}],"wp:term":[{"taxonomy":"category","embeddable":true,"href":"https:\/\/ultimato.com.br\/sites\/jovem\/wp-json\/wp\/v2\/categories?post=505"},{"taxonomy":"post_tag","embeddable":true,"href":"https:\/\/ultimato.com.br\/sites\/jovem\/wp-json\/wp\/v2\/tags?post=505"}],"curies":[{"name":"wp","href":"https:\/\/api.w.org\/{rel}","templated":true}]}}