{"id":5045,"date":"2016-05-17T15:16:08","date_gmt":"2016-05-17T18:16:08","guid":{"rendered":"http:\/\/ultimato.com.br\/sites\/jovem\/?p=5045"},"modified":"2016-05-17T15:16:08","modified_gmt":"2016-05-17T18:16:08","slug":"eu-boto-fe-na-banda-itagon","status":"publish","type":"post","link":"https:\/\/ultimato.com.br\/sites\/jovem\/2016\/05\/17\/eu-boto-fe-na-banda-itagon\/","title":{"rendered":"Eu boto f\u00e9 na Banda Itagon"},"content":{"rendered":"<p><img loading=\"lazy\" decoding=\"async\" class=\"aligncenter size-full wp-image-5046\" src=\"http:\/\/ultimato.com.br\/sites\/jovem\/files\/2016\/05\/Boto_fe_Itagon.jpg\" alt=\"Boto_fe_Itagon\" width=\"500\" height=\"315\" srcset=\"https:\/\/ultimato.com.br\/sites\/jovem\/files\/2016\/05\/Boto_fe_Itagon.jpg 500w, https:\/\/ultimato.com.br\/sites\/jovem\/files\/2016\/05\/Boto_fe_Itagon-300x189.jpg 300w, https:\/\/ultimato.com.br\/sites\/jovem\/files\/2016\/05\/Boto_fe_Itagon-150x95.jpg 150w\" sizes=\"auto, (max-width: 500px) 100vw, 500px\" \/><\/p>\n<p>&nbsp;<\/p>\n<p><em>Por Andr\u00e9 Tostes<\/em><\/p>\n<p>&nbsp;<\/p>\n<div id=\"attachment_5047\" style=\"width: 160px\" class=\"wp-caption alignleft\"><img loading=\"lazy\" decoding=\"async\" aria-describedby=\"caption-attachment-5047\" class=\"size-full wp-image-5047\" src=\"http:\/\/ultimato.com.br\/sites\/jovem\/files\/2016\/05\/Boto_Fe_Foto_Andre_Tostes_peq.jpg\" alt=\" Andr\u00e9 Tostes, 25 anos, \u00e9 mission\u00e1rio da Miss\u00e3o Antioquia e integrante da Equipe Executiva do Movimento Vocare.\" width=\"150\" height=\"166\" srcset=\"https:\/\/ultimato.com.br\/sites\/jovem\/files\/2016\/05\/Boto_Fe_Foto_Andre_Tostes_peq.jpg 150w, https:\/\/ultimato.com.br\/sites\/jovem\/files\/2016\/05\/Boto_Fe_Foto_Andre_Tostes_peq-136x150.jpg 136w\" sizes=\"auto, (max-width: 150px) 100vw, 150px\" \/><p id=\"caption-attachment-5047\" class=\"wp-caption-text\"><br \/>Andr\u00e9 Tostes, 25 anos, \u00e9 mission\u00e1rio da Miss\u00e3o Antioquia<\/p><\/div>\n<p>Eu boto f\u00e9 na <strong>Banda Itagon<\/strong> porque\u00a0\u00e9 uma banda brasileira que traz a express\u00e3o da brasilidade no seu som! Eu vibro com m\u00fasica boa e letra bem pensada sendo feita por jovens brasileiros. Encontro isso quando escuto os meninos do Itagon tocarem.<\/p>\n<p>A banda foi formada em 2013 com diversos estilos musicais. Tem raiz crist\u00e3 e busca propagar a verdade atrav\u00e9s de uma linguagem criativa.<\/p>\n<p>A p\u00e1gina deles no <a href=\"https:\/\/www.facebook.com\/itagonoficial\/\">Facebook<\/a> diz que s\u00e3o uma banda &#8220;focada no p\u00fablico jovem por suas letras reflexivas e po\u00e9ticas, com um som original e diversificado, a banda quer se firmar no cen\u00e1rio atual propagando a verdade que acredita&#8221;.<\/p>\n<p>Voc\u00ea pode ouvir o som deles no seguinte <a href=\"https:\/\/soundcloud.com\/itagon\">link<\/a>.<\/p>\n<p>Aproveite!<\/p>\n<p>&nbsp;<\/p>\n","protected":false},"excerpt":{"rendered":"<p>&nbsp; Por Andr\u00e9 Tostes &nbsp; Eu boto f\u00e9 na Banda Itagon porque\u00a0\u00e9 uma banda brasileira que traz a express\u00e3o da brasilidade no seu som! Eu vibro com m\u00fasica boa e letra bem pensada sendo feita por jovens brasileiros. Encontro isso quando escuto os meninos do Itagon tocarem. A banda foi formada em 2013 com diversos [&hellip;]<\/p>\n","protected":false},"author":19,"featured_media":0,"comment_status":"open","ping_status":"open","sticky":false,"template":"","format":"standard","meta":{"ngg_post_thumbnail":0,"footnotes":""},"categories":[10182],"tags":[18330,51,18],"class_list":["post-5045","post","type-post","status-publish","format-standard","hentry","category-boto-fe","tag-boto-fe-2","tag-cultura","tag-musica"],"_links":{"self":[{"href":"https:\/\/ultimato.com.br\/sites\/jovem\/wp-json\/wp\/v2\/posts\/5045","targetHints":{"allow":["GET"]}}],"collection":[{"href":"https:\/\/ultimato.com.br\/sites\/jovem\/wp-json\/wp\/v2\/posts"}],"about":[{"href":"https:\/\/ultimato.com.br\/sites\/jovem\/wp-json\/wp\/v2\/types\/post"}],"author":[{"embeddable":true,"href":"https:\/\/ultimato.com.br\/sites\/jovem\/wp-json\/wp\/v2\/users\/19"}],"replies":[{"embeddable":true,"href":"https:\/\/ultimato.com.br\/sites\/jovem\/wp-json\/wp\/v2\/comments?post=5045"}],"version-history":[{"count":4,"href":"https:\/\/ultimato.com.br\/sites\/jovem\/wp-json\/wp\/v2\/posts\/5045\/revisions"}],"predecessor-version":[{"id":5051,"href":"https:\/\/ultimato.com.br\/sites\/jovem\/wp-json\/wp\/v2\/posts\/5045\/revisions\/5051"}],"wp:attachment":[{"href":"https:\/\/ultimato.com.br\/sites\/jovem\/wp-json\/wp\/v2\/media?parent=5045"}],"wp:term":[{"taxonomy":"category","embeddable":true,"href":"https:\/\/ultimato.com.br\/sites\/jovem\/wp-json\/wp\/v2\/categories?post=5045"},{"taxonomy":"post_tag","embeddable":true,"href":"https:\/\/ultimato.com.br\/sites\/jovem\/wp-json\/wp\/v2\/tags?post=5045"}],"curies":[{"name":"wp","href":"https:\/\/api.w.org\/{rel}","templated":true}]}}