{"id":4930,"date":"2016-04-23T00:24:14","date_gmt":"2016-04-23T03:24:14","guid":{"rendered":"http:\/\/ultimato.com.br\/sites\/jovem\/?p=4930"},"modified":"2016-04-23T00:28:32","modified_gmt":"2016-04-23T03:28:32","slug":"oficinas-vocare2016-um-mundo-que-precisa-de-jesus","status":"publish","type":"post","link":"https:\/\/ultimato.com.br\/sites\/jovem\/2016\/04\/23\/oficinas-vocare2016-um-mundo-que-precisa-de-jesus\/","title":{"rendered":"Oficinas Vocare2016: Um mundo que precisa de Jesus"},"content":{"rendered":"<p><span style=\"font-weight: 400;\">Por <em>Camila Nogueira<\/em><\/span><\/p>\n<p><span style=\"font-weight: 400;\">Durante a tarde dessa sexta-feira (22), segundo dia de programa\u00e7\u00e3o do Vocare2016, em Maring\u00e1 (PR), os participantes puderam escolher e participar de oficinas especiais e variadas, com temas relacionados \u00e0 miss\u00e3o e voca\u00e7\u00e3o, que buscaram intrigar e impactar os jovens congressistas. <\/span><\/p>\n<p><span style=\"font-weight: 400;\">Um dos arcos das Oficinas foi chamado de \u201cGlobal\u201d, e ofereceu temas sobre miss\u00e3o transcultural, relatos sobre pa\u00edses e culturas totalmente diferentes, al\u00e9m de desafios e dificuldades da vida de mission\u00e1rios que seguem esse campo. Nesse arco, sete oficinas foram oferecidas aos participantes.<\/span><\/p>\n<p><span style=\"font-weight: 400;\">Na Oficina \u201c\u00c1frica: Minha hist\u00f3ria, minha vida\u201d, Ana Elisa Messias Nunes contou algumas de suas experi\u00eancias como mission\u00e1ria da MIAF (Miss\u00e3o para o Interior da \u00c1frica). Ana contou sobre seu chamado mission\u00e1rio, sentido aos 13 anos de idade, e como soube desde o come\u00e7o para onde deveria ir. \u201cEu sentia uma grande paix\u00e3o pela \u00c1frica. E tinha muito amor no meu cora\u00e7\u00e3o pelas mulheres mu\u00e7ulmanas e africanas\u201d, revelou.<\/span><\/p>\n<p><span style=\"font-weight: 400;\">A jovem mission\u00e1ria tamb\u00e9m alertou para a necessidade de se ouvir com aten\u00e7\u00e3o o que Deus est\u00e1 falando sobre o chamado. \u201cMuitas vezes a gente ouve s\u00f3 a nossa voz, para onde n\u00f3s queremos ir, o que n\u00f3s queremos fazer, e n\u00e3o ficamos atentos ao que o Senhor de fato tem para n\u00f3s\u201d, afirmou. Entre fotos e lembran\u00e7as, Ana Elisa compartilhou suas experi\u00eancias e tamb\u00e9m encorajou e fortaleceu os jovens presentes sobre o chamado mission\u00e1rio.<\/span><\/p>\n<p><span style=\"font-weight: 400;\">Na sala ao lado era poss\u00edvel ter uma experi\u00eancia diferente. Andr\u00e9 e Mayra, da Miss\u00e3o Compassiva, realizaram uma pequena encena\u00e7\u00e3o, para que os participantes sentissem o clima do tema \u201cLevando o ref\u00fagio sempre presente\u201d, que envolveu experi\u00eancias com refugiados de pa\u00edses em guerra e atingidos por cat\u00e1strofes. <\/span><\/p>\n<p><span style=\"font-weight: 400;\">Ao simular uma situa\u00e7\u00e3o de persegui\u00e7\u00e3o, eles mostraram aos jovens como \u00e9 a sensa\u00e7\u00e3o de estar nesses pa\u00edses, e de ser uma pessoa que busca ref\u00fagio. \u201cD\u00e1 um sentimento de impot\u00eancia\u201d, relatou um dos participantes. Andr\u00e9 e Mayra dividiram experi\u00eancias e contaram o quanto Deus age atrav\u00e9s de mission\u00e1rios que se disp\u00f5e a ajudar esses grupos, atrav\u00e9s de programas como o LAR (Levando Ajuda ao Refugiado).<\/span><\/p>\n<p><span style=\"font-weight: 400;\">Na oficina \u201cDesromantiza\u00e7\u00e3o da vida mission\u00e1ria \u2013 Realidade Nua e Crua\u201d, Tonica e Marcia Torres, da AMTB \u2013 CIM (Cuidado Integral do Mission\u00e1rio da Associa\u00e7\u00e3o de Miss\u00f5es Transculturais Brasileiras) n\u00e3o perderam tempo e levaram a realidade da vida de miss\u00e3o aos jovens interessados. \u201cExistem diferen\u00e7as sociais, culturais, de religi\u00e3o, de idiomas, de alimenta\u00e7\u00e3o e tantas outras. Al\u00e9m de dificuldades pelas quais voc\u00ea poder\u00e1 passar, como a pobreza, que \u00e0s vezes n\u00e3o est\u00e1 s\u00f3 no campo, mas na vida do mission\u00e1rio tamb\u00e9m\u201d, relataram.<\/span><\/p>\n<p><span style=\"font-weight: 400;\">Marcos Amado, da Martuero, dividiu experi\u00eancias e opini\u00f5es na oficina \u201cJihad Crist\u00e3? Nossa miss\u00e3o e o desafio do radicalismo isl\u00e2mico\u201d sobre a dif\u00edcil evangeliza\u00e7\u00e3o nas \u00e1reas e pa\u00edses de religi\u00e3o isl\u00e2mica. Os jovens participantes ouviam com aten\u00e7\u00e3o os relatos de Marcos e as orienta\u00e7\u00f5es para que se consiga alcan\u00e7ar essas pessoas.<\/span><\/p>\n<p><span style=\"font-weight: 400;\">Marcos falou sobre umas das dificuldades de se lidar com essa cultura, que n\u00e3o existe por causa deles, mas por causa do \u201coutro lado\u201d. \u201cA Igreja e o povo brasileiro foram aceitando e comprando essa imagem que a m\u00eddia exp\u00f5e, de que os mu\u00e7ulmanos s\u00e3o todos iguais, perigosos e terroristas. As pessoas acham que todos os \u00e1rabes s\u00e3o iguais\u201d, afirmou.<\/span><\/p>\n<p><span style=\"font-weight: 400;\">E a\u00ed? Ficou interessado? Amanh\u00e3 (23) voc\u00ea pode conferir mais detalhes sobre os outros temas de miss\u00e3o transcultural aqui no Ultimato Jovem.<\/span><\/p>\n<p>&nbsp;<\/p>\n<p><strong>\u2022 Camila Nogueira<\/strong> \u00e9 estudante de\u00a0Jornalismo e integra a equipe de comunica\u00e7\u00e3o da Ultimato no Vocare 2016.<\/p>\n","protected":false},"excerpt":{"rendered":"<p>Por Camila Nogueira Durante a tarde dessa sexta-feira (22), segundo dia de programa\u00e7\u00e3o do Vocare2016, em Maring\u00e1 (PR), os participantes puderam escolher e participar de oficinas especiais e variadas, com temas relacionados \u00e0 miss\u00e3o e voca\u00e7\u00e3o, que buscaram intrigar e impactar os jovens congressistas. Um dos arcos das Oficinas foi chamado de \u201cGlobal\u201d, e ofereceu [&hellip;]<\/p>\n","protected":false},"author":19,"featured_media":0,"comment_status":"open","ping_status":"open","sticky":false,"template":"","format":"standard","meta":{"ngg_post_thumbnail":0,"footnotes":""},"categories":[9,22241],"tags":[27963],"class_list":["post-4930","post","type-post","status-publish","format-standard","hentry","category-sem-categoria","category-vocare","tag-vocare-2016"],"_links":{"self":[{"href":"https:\/\/ultimato.com.br\/sites\/jovem\/wp-json\/wp\/v2\/posts\/4930","targetHints":{"allow":["GET"]}}],"collection":[{"href":"https:\/\/ultimato.com.br\/sites\/jovem\/wp-json\/wp\/v2\/posts"}],"about":[{"href":"https:\/\/ultimato.com.br\/sites\/jovem\/wp-json\/wp\/v2\/types\/post"}],"author":[{"embeddable":true,"href":"https:\/\/ultimato.com.br\/sites\/jovem\/wp-json\/wp\/v2\/users\/19"}],"replies":[{"embeddable":true,"href":"https:\/\/ultimato.com.br\/sites\/jovem\/wp-json\/wp\/v2\/comments?post=4930"}],"version-history":[{"count":2,"href":"https:\/\/ultimato.com.br\/sites\/jovem\/wp-json\/wp\/v2\/posts\/4930\/revisions"}],"predecessor-version":[{"id":4934,"href":"https:\/\/ultimato.com.br\/sites\/jovem\/wp-json\/wp\/v2\/posts\/4930\/revisions\/4934"}],"wp:attachment":[{"href":"https:\/\/ultimato.com.br\/sites\/jovem\/wp-json\/wp\/v2\/media?parent=4930"}],"wp:term":[{"taxonomy":"category","embeddable":true,"href":"https:\/\/ultimato.com.br\/sites\/jovem\/wp-json\/wp\/v2\/categories?post=4930"},{"taxonomy":"post_tag","embeddable":true,"href":"https:\/\/ultimato.com.br\/sites\/jovem\/wp-json\/wp\/v2\/tags?post=4930"}],"curies":[{"name":"wp","href":"https:\/\/api.w.org\/{rel}","templated":true}]}}