{"id":4839,"date":"2016-04-04T16:29:24","date_gmt":"2016-04-04T19:29:24","guid":{"rendered":"http:\/\/ultimato.com.br\/sites\/jovem\/?p=4839"},"modified":"2016-05-06T11:13:19","modified_gmt":"2016-05-06T14:13:19","slug":"a-alternativa-do-evangelho-entrevista-completa-com-matheus-aleixo","status":"publish","type":"post","link":"https:\/\/ultimato.com.br\/sites\/jovem\/2016\/04\/04\/a-alternativa-do-evangelho-entrevista-completa-com-matheus-aleixo\/","title":{"rendered":"A alternativa do Evangelho (entrevista completa com Matheus Loures)"},"content":{"rendered":"<p>Matheus Loures tem 29 anos e \u00e9 natural de Belo Horizonte, MG. \u00c9 casado com Chrystiane e desde 2010 mora em Alto Para\u00edso de Goi\u00e1s, uma das cidades mais esot\u00e9ricas do pa\u00eds. L\u00e1 ele tem vivido o evangelho entre uma comunidade alternativa e desenvolvido um lindo trabalho por meio da Comunidade Seiva, onde \u00e9 pastor. Formado em comunica\u00e7\u00e3o social, atua tamb\u00e9m como radialista e produtor cultural.<\/p>\n<p><strong>Matheus, como foi o seu chamado ministerial?<\/strong><\/p>\n<p>O chamado mission\u00e1rio surgiu quando ainda era membro da Igreja Batista Central, em Belo Horizonte. Numa escola para l\u00edderes tive contato com os livros \u201cContrabandista de Deus\u201d, \u201cPor esta Cruz te Matarei\u201d e \u201cPode falar Senhor. Estou ouvindo\u201d. Com estas leituras, conclu\u00ed: \u201cTa\u00ed um estilo de vida que vale a pena ser vivido\u201d.<\/p>\n<p><strong>Como surgiu a ideia de fazer uma igreja em Alto Para\u00edso?<\/strong><\/p>\n<p>Quando me tornei membro da Caverna de Adul\u00e3o, em 2004, tive um sonho com Alto Para\u00edso mesmo sem conhecer o local. No sonho ouvi de alguns hippies que a igreja daquele lugar n\u00e3o cumpria com sua. Um ano mais tarde, quando prepar\u00e1vamos o primeiro evangelismo no local, o nosso saudoso pastor F\u00e1bio (<em>in memorian<\/em>) repetiu exatamente as mesmas palavras do cara do meu sonho. Ent\u00e3o, para deixar clara a sua vontade, Deus levou um casal de rastaf\u00e1ris a pedir pela nossa mudan\u00e7a para a cidade a fim de ensinarmos mais da Palavra \u00e0 um grupo rastas, que j\u00e1 tinham nas Escrituras sua \u00fanica regra de f\u00e9 e pr\u00e1tica.<\/p>\n<p><strong>Como a comunidade local (n\u00e3o crist\u00e3) enxerga a igreja?<\/strong><\/p>\n<p>Entre o p\u00fablico mais nativo, de cultura t\u00edpica do interior do nordeste goiano, existe uma tend\u00eancia ao preconceito, pelo fato de termos vindo de fora e pelo visual diferente. J\u00e1 entre os alternativos, depois de alguns anos eles acabaram convencidos de que n\u00e3o nos encaixamos nesse estere\u00f3tipo de algumas igrejas. Ent\u00e3o nos enxergam positivamente, s\u00e3o abertos. O atrito se d\u00e1 quando se deparam com nossa firmeza na cren\u00e7a das verdades b\u00edblicas. A partir da\u00ed a tend\u00eancia \u00e9 a pessoa espanar (sair fora) ou acabar se convertendo.<\/p>\n<p><strong>O que mais facilita e o que mais dificulta a prega\u00e7\u00e3o do evangelho no meio de comunidades alternativas?<\/strong><\/p>\n<p>O que mais facilita \u00e9 voc\u00ea andar junto com eles e aproveitar os pontos de contato, que s\u00e3o a arte, a beleza da natureza, a bondade e a valoriza\u00e7\u00e3o da dimens\u00e3o comunit\u00e1ria. O que mais dificulta \u00e9 ter uma atitude de superioridade a respeito das cren\u00e7as deles ou preconceito com aspectos meramente culturais.<\/p>\n<p><strong>Como contextualizar o evangelho sem cair no sincretismo?<\/strong><\/p>\n<p>Tim Keller, no livro \u201cIgreja Centrada\u201d, oferece um \u00f3timo conselho: devemos evitar o extremo da \u201csuperadapta\u00e7\u00e3o\u201d fazendo com que a cultura seja apenas valorizada e evitar o extremo da \u201csubadapta\u00e7\u00e3o\u201d, sendo a cultura apenas desafiada. Temos de andar nesse equil\u00edbrio do valorizar\/desafiar, ou \u201cperfurar\u201d e \u201cexplodir\u201d. Keller orienta \u201cToda cultura \u00e9 misto de verdades, meias verdades e nega\u00e7\u00f5es direta \u00e0 verdade\u201d. Cabe \u00e0 gente ter discernimento atrav\u00e9s de uma boa base b\u00edblica e cosmovis\u00e3o crist\u00e3.<\/p>\n<p><strong>Se algu\u00e9m se sente chamado para este minist\u00e9rio, o que precisa ter em mente?<\/strong><\/p>\n<p>Tem que ter em mente que precisa de muito temor e sede de Deus, al\u00e9m de ser \u201cculturalmente flex\u00edvel\u201d e biblicamente embasado. Tamb\u00e9m \u00e9 muito importante estudar a cultura, os s\u00edmbolos e cren\u00e7as que formam o caleidosc\u00f3pio esot\u00e9rico.<\/p>\n<p><strong>Quais projetos t\u00eam dado certo na comunidade Seiva? Qual o maior desafio que ela enfrenta?<\/strong><\/p>\n<p>Tem sido muito positivo os projetos na \u00e1rea cultural (art\u00edstica) e social, sobretudo na \u00e1rea de tratamento da depend\u00eancia qu\u00edmica, liderado pelo Cristian Ferreira, que tamb\u00e9m \u00e9 pastor da Seiva. Talvez o maior desafio seja a rotatividade dos membros.<\/p>\n<p><strong>De que forma o Evangelho est\u00e1 transformando a vida dos alternativos crist\u00e3os?<\/strong><\/p>\n<p>\u00c9 maravilhoso ver pessoas que n\u00e3o acreditavam em um Deus pessoal, descobrirem o que \u00e9 ser filho de Deus. Pessoas que achavam que a salva\u00e7\u00e3o era merit\u00f3ria, hoje experimentam a leveza da gra\u00e7a. Pessoas perdidas no narcisismo espiritual da m\u00e1xima \u201ca verdade est\u00e1 dentro e n\u00e3o fora de voc\u00ea\u201d, agora descobriram que o segredo da vida \u00e9 morrer para si por amor a Cristo.<\/p>\n<p><strong>H\u00e1 preconceito por parte da igreja brasileira quanto a comunidades alternativas? O que deve ser feito para mudar a vis\u00e3o da igreja?<\/strong><\/p>\n<p>Existe bastante, infelizmente. Acho que a simples aproxima\u00e7\u00e3o do alternativo e do tradicional j\u00e1 quebra preconceitos. Outro ponto fundamental \u00e9 ensinarmos mais sobre contextualiza\u00e7\u00e3o do evangelho para as igrejas que tem pouco acesso a um bom material teol\u00f3gico.<\/p>\n<p><strong>Voc\u00ea &#8216;defende&#8217; o estilo de vida alternativo?<\/strong><\/p>\n<p>Nem defendo, nem ataco. Ele \u00e9 apenas uma das v\u00e1rias formas que podemos viver. Eu defendo a diversidade cultural, nos limites das Escrituras. A Seiva tamb\u00e9m n\u00e3o \u00e9 uma igreja para alternativos e sim para toda a diversidade cultural de Alto Para\u00edso.<\/p>\n<p><strong>Quais s\u00e3o os pontos positivos e negativos de constituir fam\u00edlia em uma comunidade alternativa?<\/strong><\/p>\n<p>Existe mais o movimento alternativo em si, do que comunidades, pois essas come\u00e7am e terminam com muita velocidade. Nas poucas comunidades, existe de positivo um \u201cesp\u00edrito\u201d de coopera\u00e7\u00e3o, capaz de construir e conquistar coisas que seriam dif\u00edceis para as fam\u00edlias sozinhas. De negativo, eu destaco a tend\u00eancia da falta de limite entre individualidade e coletividade. Alguns, inclusive, defendem que a responsabilidade pelas crian\u00e7as n\u00e3o \u00e9 dos pais biol\u00f3gicos e sim de toda a comunidade.<\/p>\n<p><strong>Voc\u00ea acredita\/sente que existe uma &#8216;energia espiritual&#8217; mais percept\u00edvel na comunidade alternativa do que no meio urbano tradicional?\u00a0Se sim, de que forma isso \u00e9 percebido?<\/strong><\/p>\n<p>N\u00e3o. Existe muita influ\u00eancia do movimento rom\u00e2ntico nisso. Eu j\u00e1 acreditei, mas Tim Keller me convenceu de que na cidade tamb\u00e9m existe muito desenvolvimento da gra\u00e7a comum, que nos interiores n\u00e3o \u00e9 poss\u00edvel. Entretanto, \u00e9 ineg\u00e1vel que estar em meio \u00e0 natureza \u00e9 muito inspirador para a pr\u00e1tica da espiritualidade crist\u00e3. Ver um belo por do sol, o voo de um casal de araras ou a for\u00e7a de uma cachoeira, nos remete a revela\u00e7\u00e3o geral de Romanos 1. No Salmo 23, os pastos verdejantes e as \u00e1guas tranquilas se tornam um cen\u00e1rio que convida \u00e0 devo\u00e7\u00e3o. N\u00f3s protestantes, infelizmente, nos tornamos fracos em refletir sobre como o ambiente que nos envolve pode inspirar a espiritualidade. Temos uma tend\u00eancia \u00e0 pobreza est\u00e9tica. No meio alternativo \u00e9 muito importante fazer esta conex\u00e3o do \u201cbelo\u201d com o Criador.<\/p>\n<p><strong>Como se manter \u201cpuro\u201d num ambiente t\u00e3o liberal?<\/strong><\/p>\n<p>Temendo a Deus, conhecendo a B\u00edblia, mantendo comunh\u00e3o na igreja e aprendendo com o que Ele j\u00e1 fez na hist\u00f3ria.<\/p>\n<p><strong>Por ser um ambiente onde a subjetividade e o esoterismo exercem grande influencia, como \u00e9 recebida a exclusividade do cristianismo?<\/strong><\/p>\n<p>\u00c9 recebida como uma atitude de superioridade, arrog\u00e2ncia. Sempre dizem \u201cmas com tanta op\u00e7\u00e3o religiosa, como voc\u00eas ousam acreditar que s\u00f3 a de voc\u00eas \u00e9 certa\u201d. N\u00e3o tem como fugir desde atrito, a\u00ed \u00e9 a hora de ser fiel e confiar no Esp\u00edrito que d\u00e1 sabedoria para agir da melhor forma. E muitas vezes a certeza do que se cr\u00ea se trona atraente pra quem, ao tentar sintetizar tudo, acaba sendo superficial.<\/p>\n<p>***<\/p>\n<p>Veja na galeria a seguir, um registro do movimento alternativo em S\u00e3o Thom\u00e9 das Letras e em Alto Para\u00edso de Goi\u00e1s, sob o olhar de Matheus Loures.<\/p>\n<!-- Flickr Justified Gallery Wordpress Plugin by Miro Mannino -->\n<div id=\"flickrGal0\" class=\"justified-gallery\" ><a href=\"https:\/\/www.flickr.com\/photos\/132320186@N08\/26245250074\/in\/set-72157667947807566\/lightbox\" target=\"_blank\" title=\"L\u00f3tus: centro de viv\u00eancias e terapias hol\u00edsticas\"><img decoding=\"async\" alt=\"L\u00f3tus: centro de viv\u00eancias e terapias hol\u00edsticas\" src=\"https:\/\/farm8.static.flickr.com\/7148\/26245250074_93cf62774d_m.jpg\" data-safe-src=\"https:\/\/farm8.static.flickr.com\/7148\/26245250074_93cf62774d_m.jpg\" \/><div class=\"caption\"><div class=\"photo-title\">L\u00f3tus: centro de viv\u00eancias e terapias hol\u00edsticas<\/div><\/div><\/a><a href=\"https:\/\/www.flickr.com\/photos\/132320186@N08\/26245134934\/in\/set-72157667947807566\/lightbox\" target=\"_blank\" title=\"Encontro do Movimento Alternativo\/Fam\u00edlia Arco-\u00cdris\"><img decoding=\"async\" alt=\"Encontro do Movimento Alternativo\/Fam\u00edlia Arco-\u00cdris\" src=\"https:\/\/farm8.static.flickr.com\/7786\/26245134934_f67aa7be1a_m.jpg\" data-safe-src=\"https:\/\/farm8.static.flickr.com\/7786\/26245134934_f67aa7be1a_m.jpg\" \/><div class=\"caption\"><div class=\"photo-title\">Encontro do Movimento Alternativo\/Fam\u00edlia Arco-\u00cdris<\/div><\/div><\/a><a href=\"https:\/\/www.flickr.com\/photos\/132320186@N08\/26783176601\/in\/set-72157667947807566\/lightbox\" target=\"_blank\" title=\"Hippies de S\u00e3o Thom\u00e9\"><img decoding=\"async\" alt=\"Hippies de S\u00e3o Thom\u00e9\" src=\"https:\/\/farm8.static.flickr.com\/7316\/26783176601_ae49fa0531_m.jpg\" data-safe-src=\"https:\/\/farm8.static.flickr.com\/7316\/26783176601_ae49fa0531_m.jpg\" \/><div class=\"caption\"><div class=\"photo-title\">Hippies de S\u00e3o Thom\u00e9<\/div><\/div><\/a><a href=\"https:\/\/www.flickr.com\/photos\/132320186@N08\/26783225571\/in\/set-72157667947807566\/lightbox\" target=\"_blank\" title=\"Centro de viv\u00eancias e terapias musicais\"><img decoding=\"async\" alt=\"Centro de viv\u00eancias e terapias musicais\" src=\"https:\/\/farm8.static.flickr.com\/7194\/26783225571_6a0fab0ef8_m.jpg\" data-safe-src=\"https:\/\/farm8.static.flickr.com\/7194\/26783225571_6a0fab0ef8_m.jpg\" \/><div class=\"caption\"><div class=\"photo-title\">Centro de viv\u00eancias e terapias musicais<\/div><\/div><\/a><a href=\"https:\/\/www.flickr.com\/photos\/132320186@N08\/26577690830\/in\/set-72157667947807566\/lightbox\" target=\"_blank\" title=\"Encontro do Movimento Alternativo\/Fam\u00edlia Arco-\u00cdris\"><img decoding=\"async\" alt=\"Encontro do Movimento Alternativo\/Fam\u00edlia Arco-\u00cdris\" src=\"https:\/\/farm8.static.flickr.com\/7779\/26577690830_497c5a2661_m.jpg\" data-safe-src=\"https:\/\/farm8.static.flickr.com\/7779\/26577690830_497c5a2661_m.jpg\" \/><div class=\"caption\"><div class=\"photo-title\">Encontro do Movimento Alternativo\/Fam\u00edlia Arco-\u00cdris<\/div><\/div><\/a><a href=\"https:\/\/www.flickr.com\/photos\/132320186@N08\/26245165594\/in\/set-72157667947807566\/lightbox\" target=\"_blank\" title=\"Alternativo de Alto Para\u00edso e sua filha\"><img decoding=\"async\" alt=\"Alternativo de Alto Para\u00edso e sua filha\" src=\"https:\/\/farm8.static.flickr.com\/7418\/26245165594_4a76f1ef0d_m.jpg\" data-safe-src=\"https:\/\/farm8.static.flickr.com\/7418\/26245165594_4a76f1ef0d_m.jpg\" \/><div class=\"caption\"><div class=\"photo-title\">Alternativo de Alto Para\u00edso e sua filha<\/div><\/div><\/a><a href=\"https:\/\/www.flickr.com\/photos\/132320186@N08\/26577749360\/in\/set-72157667947807566\/lightbox\" target=\"_blank\" title=\"Encontro do Movimento Alternativo\/Fam\u00edlia Arco-\u00cdris\"><img decoding=\"async\" alt=\"Encontro do Movimento Alternativo\/Fam\u00edlia Arco-\u00cdris\" src=\"https:\/\/farm8.static.flickr.com\/7584\/26577749360_01a838e3d8_m.jpg\" data-safe-src=\"https:\/\/farm8.static.flickr.com\/7584\/26577749360_01a838e3d8_m.jpg\" \/><div class=\"caption\"><div class=\"photo-title\">Encontro do Movimento Alternativo\/Fam\u00edlia Arco-\u00cdris<\/div><\/div><\/a><a href=\"https:\/\/www.flickr.com\/photos\/132320186@N08\/26850576875\/in\/set-72157667947807566\/lightbox\" target=\"_blank\" title=\"Comunidade 12 tribos de Israel, em Curitiba\"><img decoding=\"async\" alt=\"Comunidade 12 tribos de Israel, em Curitiba\" src=\"https:\/\/farm8.static.flickr.com\/7393\/26850576875_fe26b509fb_m.jpg\" data-safe-src=\"https:\/\/farm8.static.flickr.com\/7393\/26850576875_fe26b509fb_m.jpg\" \/><div class=\"caption\"><div class=\"photo-title\">Comunidade 12 tribos de Israel, em Curitiba<\/div><\/div><\/a><a href=\"https:\/\/www.flickr.com\/photos\/132320186@N08\/26850556305\/in\/set-72157667947807566\/lightbox\" target=\"_blank\" title=\"Praticando de le parkour em S\u00e3o Thom\u00e9 das Letras\"><img decoding=\"async\" alt=\"Praticando de le parkour em S\u00e3o Thom\u00e9 das Letras\" src=\"https:\/\/farm8.static.flickr.com\/7523\/26850556305_df78830909_m.jpg\" data-safe-src=\"https:\/\/farm8.static.flickr.com\/7523\/26850556305_df78830909_m.jpg\" \/><div class=\"caption\"><div class=\"photo-title\">Praticando de le parkour em S\u00e3o Thom\u00e9 das Letras<\/div><\/div><\/a><a href=\"https:\/\/www.flickr.com\/photos\/132320186@N08\/26783110661\/in\/set-72157667947807566\/lightbox\" target=\"_blank\" title=\"Artista circense tocando acordeom na zona rural de Alto Para\u00edso\"><img decoding=\"async\" alt=\"Artista circense tocando acordeom na zona rural de Alto Para\u00edso\" src=\"https:\/\/farm8.static.flickr.com\/7390\/26783110661_2e6c48ddf6_m.jpg\" data-safe-src=\"https:\/\/farm8.static.flickr.com\/7390\/26783110661_2e6c48ddf6_m.jpg\" \/><div class=\"caption\"><div class=\"photo-title\">Artista circense tocando acordeom na zona rural de Alto Para\u00edso<\/div><\/div><\/a><a href=\"https:\/\/www.flickr.com\/photos\/132320186@N08\/26246152113\/in\/set-72157667947807566\/lightbox\" target=\"_blank\" title=\"Hippie BR\"><img decoding=\"async\" alt=\"Hippie BR\" src=\"https:\/\/farm8.static.flickr.com\/7600\/26246152113_eeb508b2d3_m.jpg\" data-safe-src=\"https:\/\/farm8.static.flickr.com\/7600\/26246152113_eeb508b2d3_m.jpg\" \/><div class=\"caption\"><div class=\"photo-title\">Hippie BR<\/div><\/div><\/a><a href=\"https:\/\/www.flickr.com\/photos\/132320186@N08\/26783146731\/in\/set-72157667947807566\/lightbox\" target=\"_blank\" title=\"Casal de rastas\"><img decoding=\"async\" alt=\"Casal de rastas\" src=\"https:\/\/farm8.static.flickr.com\/7072\/26783146731_950b9873cd_m.jpg\" data-safe-src=\"https:\/\/farm8.static.flickr.com\/7072\/26783146731_950b9873cd_m.jpg\" \/><div class=\"caption\"><div class=\"photo-title\">Casal de rastas<\/div><\/div><\/a><a href=\"https:\/\/www.flickr.com\/photos\/132320186@N08\/26756752132\/in\/set-72157667947807566\/lightbox\" target=\"_blank\" title=\"Hippie e seu filho\"><img decoding=\"async\" alt=\"Hippie e seu filho\" src=\"https:\/\/farm8.static.flickr.com\/7413\/26756752132_7f6d2f9e02_m.jpg\" data-safe-src=\"https:\/\/farm8.static.flickr.com\/7413\/26756752132_7f6d2f9e02_m.jpg\" \/><div class=\"caption\"><div class=\"photo-title\">Hippie e seu filho<\/div><\/div><\/a><a href=\"https:\/\/www.flickr.com\/photos\/132320186@N08\/26577742850\/in\/set-72157667947807566\/lightbox\" target=\"_blank\" title=\"Fam\u00edlia de mission\u00e1rios\"><img decoding=\"async\" alt=\"Fam\u00edlia de mission\u00e1rios\" src=\"https:\/\/farm8.static.flickr.com\/7200\/26577742850_790d21fe19_m.jpg\" data-safe-src=\"https:\/\/farm8.static.flickr.com\/7200\/26577742850_790d21fe19_m.jpg\" \/><div class=\"caption\"><div class=\"photo-title\">Fam\u00edlia de mission\u00e1rios<\/div><\/div><\/a><a href=\"https:\/\/www.flickr.com\/photos\/132320186@N08\/26783166601\/in\/set-72157667947807566\/lightbox\" target=\"_blank\" title=\"Encontro de alternativos em Belo Horizonte\"><img decoding=\"async\" alt=\"Encontro de alternativos em Belo Horizonte\" src=\"https:\/\/farm8.static.flickr.com\/7483\/26783166601_6f436c6a59_m.jpg\" data-safe-src=\"https:\/\/farm8.static.flickr.com\/7483\/26783166601_6f436c6a59_m.jpg\" \/><div class=\"caption\"><div class=\"photo-title\">Encontro de alternativos em Belo Horizonte<\/div><\/div><\/a><a href=\"https:\/\/www.flickr.com\/photos\/132320186@N08\/26850660785\/in\/set-72157667947807566\/lightbox\" target=\"_blank\" title=\"Encontro de alternativos em Belo Horizonte\"><img decoding=\"async\" alt=\"Encontro de alternativos em Belo Horizonte\" src=\"https:\/\/farm8.static.flickr.com\/7036\/26850660785_4f976903be_m.jpg\" data-safe-src=\"https:\/\/farm8.static.flickr.com\/7036\/26850660785_4f976903be_m.jpg\" \/><div class=\"caption\"><div class=\"photo-title\">Encontro de alternativos em Belo Horizonte<\/div><\/div><\/a><a href=\"https:\/\/www.flickr.com\/photos\/132320186@N08\/26783192291\/in\/set-72157667947807566\/lightbox\" target=\"_blank\" title=\"Chilena vendendo pizzas vegetarianas\"><img decoding=\"async\" alt=\"Chilena vendendo pizzas vegetarianas\" src=\"https:\/\/farm8.static.flickr.com\/7090\/26783192291_9e8c05136c_m.jpg\" data-safe-src=\"https:\/\/farm8.static.flickr.com\/7090\/26783192291_9e8c05136c_m.jpg\" \/><div class=\"caption\"><div class=\"photo-title\">Chilena vendendo pizzas vegetarianas<\/div><\/div><\/a><a href=\"https:\/\/www.flickr.com\/photos\/132320186@N08\/26816682786\/in\/set-72157667947807566\/lightbox\" target=\"_blank\" title=\"M\u00fasico uruguaio\"><img decoding=\"async\" alt=\"M\u00fasico uruguaio\" src=\"https:\/\/farm8.static.flickr.com\/7372\/26816682786_4967e8bf73_m.jpg\" data-safe-src=\"https:\/\/farm8.static.flickr.com\/7372\/26816682786_4967e8bf73_m.jpg\" \/><div class=\"caption\"><div class=\"photo-title\">M\u00fasico uruguaio<\/div><\/div><\/a><a href=\"https:\/\/www.flickr.com\/photos\/132320186@N08\/26756822492\/in\/set-72157667947807566\/lightbox\" target=\"_blank\" title=\"Alternativo de S\u00e3o Thom\u00e9 das Letras\"><img decoding=\"async\" alt=\"Alternativo de S\u00e3o Thom\u00e9 das Letras\" src=\"https:\/\/farm8.static.flickr.com\/7147\/26756822492_7649bf430e_m.jpg\" data-safe-src=\"https:\/\/farm8.static.flickr.com\/7147\/26756822492_7649bf430e_m.jpg\" \/><div class=\"caption\"><div class=\"photo-title\">Alternativo de S\u00e3o Thom\u00e9 das Letras<\/div><\/div><\/a><a href=\"https:\/\/www.flickr.com\/photos\/132320186@N08\/26245240344\/in\/set-72157667947807566\/lightbox\" target=\"_blank\" title=\"Casa de adobe na comunidade Flor de Ouro, em Alto Para\u00edso de Goi\u00e1s\"><img decoding=\"async\" alt=\"Casa de adobe na comunidade Flor de Ouro, em Alto Para\u00edso de Goi\u00e1s\" src=\"https:\/\/farm8.static.flickr.com\/7170\/26245240344_b64bd52919_m.jpg\" data-safe-src=\"https:\/\/farm8.static.flickr.com\/7170\/26245240344_b64bd52919_m.jpg\" \/><div class=\"caption\"><div class=\"photo-title\">Casa de adobe na comunidade Flor de Ouro, em Alto Para\u00edso de Goi\u00e1s<\/div><\/div><\/a><\/div>\n","protected":false},"excerpt":{"rendered":"<p>Matheus Loures tem 29 anos e \u00e9 natural de Belo Horizonte, MG. \u00c9 casado com Chrystiane e desde 2010 mora em Alto Para\u00edso de Goi\u00e1s, uma das cidades mais esot\u00e9ricas do pa\u00eds. L\u00e1 ele tem vivido o evangelho entre uma comunidade alternativa e desenvolvido um lindo trabalho por meio da Comunidade Seiva, onde \u00e9 pastor. [&hellip;]<\/p>\n","protected":false},"author":19,"featured_media":0,"comment_status":"open","ping_status":"open","sticky":false,"template":"","format":"standard","meta":{"ngg_post_thumbnail":0,"footnotes":""},"categories":[5151],"tags":[30316,5195,30318,30314,98,30317,30313,30315,29861],"class_list":["post-4839","post","type-post","status-publish","format-standard","hentry","category-outros-papos","tag-alto-paraiso-de-goias","tag-altos-papos","tag-comunidade-seiva","tag-comunidades-alternativas","tag-evangelizacao","tag-matheus-loures","tag-movimento-alternativo","tag-sao-thome-das-letras","tag-ultimato-360"],"_links":{"self":[{"href":"https:\/\/ultimato.com.br\/sites\/jovem\/wp-json\/wp\/v2\/posts\/4839","targetHints":{"allow":["GET"]}}],"collection":[{"href":"https:\/\/ultimato.com.br\/sites\/jovem\/wp-json\/wp\/v2\/posts"}],"about":[{"href":"https:\/\/ultimato.com.br\/sites\/jovem\/wp-json\/wp\/v2\/types\/post"}],"author":[{"embeddable":true,"href":"https:\/\/ultimato.com.br\/sites\/jovem\/wp-json\/wp\/v2\/users\/19"}],"replies":[{"embeddable":true,"href":"https:\/\/ultimato.com.br\/sites\/jovem\/wp-json\/wp\/v2\/comments?post=4839"}],"version-history":[{"count":5,"href":"https:\/\/ultimato.com.br\/sites\/jovem\/wp-json\/wp\/v2\/posts\/4839\/revisions"}],"predecessor-version":[{"id":5029,"href":"https:\/\/ultimato.com.br\/sites\/jovem\/wp-json\/wp\/v2\/posts\/4839\/revisions\/5029"}],"wp:attachment":[{"href":"https:\/\/ultimato.com.br\/sites\/jovem\/wp-json\/wp\/v2\/media?parent=4839"}],"wp:term":[{"taxonomy":"category","embeddable":true,"href":"https:\/\/ultimato.com.br\/sites\/jovem\/wp-json\/wp\/v2\/categories?post=4839"},{"taxonomy":"post_tag","embeddable":true,"href":"https:\/\/ultimato.com.br\/sites\/jovem\/wp-json\/wp\/v2\/tags?post=4839"}],"curies":[{"name":"wp","href":"https:\/\/api.w.org\/{rel}","templated":true}]}}