{"id":4811,"date":"2016-03-25T00:30:14","date_gmt":"2016-03-25T03:30:14","guid":{"rendered":"http:\/\/ultimato.com.br\/sites\/jovem\/?p=4811"},"modified":"2016-03-24T11:44:37","modified_gmt":"2016-03-24T14:44:37","slug":"o-que-carrega-um-apaixonado-pela-vida","status":"publish","type":"post","link":"https:\/\/ultimato.com.br\/sites\/jovem\/2016\/03\/25\/o-que-carrega-um-apaixonado-pela-vida\/","title":{"rendered":"O que carrega um apaixonado pela vida?"},"content":{"rendered":"<p><em><img loading=\"lazy\" decoding=\"async\" class=\"alignright size-full wp-image-4812\" src=\"http:\/\/ultimato.com.br\/sites\/jovem\/files\/2016\/03\/UltJovem_25_03_16_navegar.jpg\" alt=\"UltJovem_25_03_16_navegar\" width=\"367\" height=\"245\" srcset=\"https:\/\/ultimato.com.br\/sites\/jovem\/files\/2016\/03\/UltJovem_25_03_16_navegar.jpg 367w, https:\/\/ultimato.com.br\/sites\/jovem\/files\/2016\/03\/UltJovem_25_03_16_navegar-300x200.jpg 300w, https:\/\/ultimato.com.br\/sites\/jovem\/files\/2016\/03\/UltJovem_25_03_16_navegar-150x100.jpg 150w\" sizes=\"auto, (max-width: 367px) 100vw, 367px\" \/>Por Jeverton Ledo<\/em><\/p>\n<p>A m\u00fasica ao fundo me despertou. Quando me percebi estava sentado, ao redor meu espa\u00e7o: o velho \u00f3culos, algumas anota\u00e7\u00f5es, meu super her\u00f3i favorito e eu.<\/p>\n<p>Senti a necessidade de vasculhar minha velha mochila surrada pelos anos, e cheia de velhas e boas recorda\u00e7\u00f5es. Afinal, o que carrega um apaixonado pela vida?<\/p>\n<p>Sim, ali estavam bem vivas as amizades constru\u00eddas, as cartas e bilhetes quase que apagados pelo tempo. Hist\u00f3rias, seus aprendizados, as trocas de experi\u00eancia e a constata\u00e7\u00e3o que valeu a pena.<\/p>\n<p>Sim, eu faria tudo de novo, mas viveria mais intensamente cada momento, celebraria com mais gratid\u00e3o, ganharia mais tempo com meu velho pai e sua sabedoria, daria o devido valor ao que realmente importa na vida. Afinal, hoje compreendo melhor o que \u00e9 prioridade.<\/p>\n<p>Ali, sentado, me vi refletido no espelho da alma, enxerguei o cansa\u00e7o dos dias vividos, a idade que avan\u00e7a, encarei o processo progressivo de uma enfermidade companheira insepar\u00e1vel, respirei, equilibrei as emo\u00e7\u00f5es e agradeci. Agradecer \u00e9 entender que cada momento carrega em si um prop\u00f3sito, que deixa suas li\u00e7\u00f5es e nos motiva a seguir trilhando, e desbravando mares.<!--more--><\/p>\n<p>Para um homem do mar, navegar \u00e9 preciso. Encarando a realidade de que alguns velhos sonhos \u2013 ou se preferir, desejos \u2013 n\u00e3o mais se realizar\u00e3o.<\/p>\n<p>A compreens\u00e3o mais clara da din\u00e2mica do viver me livra do fantasma da frustra\u00e7\u00e3o.<\/p>\n<p>O velho barco est\u00e1 ali, ancorado recebendo seu devido descanso. Afinal, enfrentamos at\u00e9 aqui muitas viagens, navegamos calmarias e tempestades. Me pergunto: \u201cEssa embarca\u00e7\u00e3o aguentar\u00e1 novas viagens?\u201d. A esperan\u00e7a de alcan\u00e7ar o porto seguro sinaliza que a jornada n\u00e3o se encerra aqui.<\/p>\n<p>Quantos portos ainda podemos alcan\u00e7ar antes que chegue o fim?<\/p>\n<p>Vou lan\u00e7ar o casco descascado em alto mar, agora com pintura nova, comprarei remos novos, i\u00e7arei as velas e tenho certeza que o vento soprar\u00e1 a favor. \u00c0 bordo novos sonhos, novas rotas, a velha mochila. Essa ainda tem espa\u00e7o para guardar novos cap\u00edtulos de uma jornada que s\u00f3 terminar\u00e1 quando esse barco ancorar em seu destino final.<\/p>\n<p><strong>\u2022 Jeverton \u201cMagr\u00e3o\u201d Ledo<\/strong> \u00e9 mission\u00e1rio e trabalha com juventude. Ele e a esposa est\u00e3o na B\u00e9lgica, onde v\u00e3o morar por um tempo.<\/p>\n","protected":false},"excerpt":{"rendered":"<p>Por Jeverton Ledo A m\u00fasica ao fundo me despertou. Quando me percebi estava sentado, ao redor meu espa\u00e7o: o velho \u00f3culos, algumas anota\u00e7\u00f5es, meu super her\u00f3i favorito e eu. Senti a necessidade de vasculhar minha velha mochila surrada pelos anos, e cheia de velhas e boas recorda\u00e7\u00f5es. Afinal, o que carrega um apaixonado pela vida? [&hellip;]<\/p>\n","protected":false},"author":19,"featured_media":0,"comment_status":"open","ping_status":"open","sticky":false,"template":"","format":"standard","meta":{"ngg_post_thumbnail":0,"footnotes":""},"categories":[6054],"tags":[5266,26686,29855,29854,29857,111,6095],"class_list":["post-4811","post","type-post","status-publish","format-standard","hentry","category-textos","tag-barco","tag-jeverton-magrao-ledo","tag-mochila","tag-navegar","tag-porto","tag-reflexao","tag-vida"],"_links":{"self":[{"href":"https:\/\/ultimato.com.br\/sites\/jovem\/wp-json\/wp\/v2\/posts\/4811","targetHints":{"allow":["GET"]}}],"collection":[{"href":"https:\/\/ultimato.com.br\/sites\/jovem\/wp-json\/wp\/v2\/posts"}],"about":[{"href":"https:\/\/ultimato.com.br\/sites\/jovem\/wp-json\/wp\/v2\/types\/post"}],"author":[{"embeddable":true,"href":"https:\/\/ultimato.com.br\/sites\/jovem\/wp-json\/wp\/v2\/users\/19"}],"replies":[{"embeddable":true,"href":"https:\/\/ultimato.com.br\/sites\/jovem\/wp-json\/wp\/v2\/comments?post=4811"}],"version-history":[{"count":2,"href":"https:\/\/ultimato.com.br\/sites\/jovem\/wp-json\/wp\/v2\/posts\/4811\/revisions"}],"predecessor-version":[{"id":4814,"href":"https:\/\/ultimato.com.br\/sites\/jovem\/wp-json\/wp\/v2\/posts\/4811\/revisions\/4814"}],"wp:attachment":[{"href":"https:\/\/ultimato.com.br\/sites\/jovem\/wp-json\/wp\/v2\/media?parent=4811"}],"wp:term":[{"taxonomy":"category","embeddable":true,"href":"https:\/\/ultimato.com.br\/sites\/jovem\/wp-json\/wp\/v2\/categories?post=4811"},{"taxonomy":"post_tag","embeddable":true,"href":"https:\/\/ultimato.com.br\/sites\/jovem\/wp-json\/wp\/v2\/tags?post=4811"}],"curies":[{"name":"wp","href":"https:\/\/api.w.org\/{rel}","templated":true}]}}