{"id":4780,"date":"2016-03-16T09:30:52","date_gmt":"2016-03-16T12:30:52","guid":{"rendered":"http:\/\/ultimato.com.br\/sites\/jovem\/?p=4780"},"modified":"2016-03-16T09:46:20","modified_gmt":"2016-03-16T12:46:20","slug":"aos-cem-mas-sem-bengalas","status":"publish","type":"post","link":"https:\/\/ultimato.com.br\/sites\/jovem\/2016\/03\/16\/aos-cem-mas-sem-bengalas\/","title":{"rendered":"Aos cem, mas sem bengalas"},"content":{"rendered":"<div id=\"attachment_4781\" style=\"width: 560px\" class=\"wp-caption aligncenter\"><img loading=\"lazy\" decoding=\"async\" aria-describedby=\"caption-attachment-4781\" class=\"size-full wp-image-4781\" src=\"http:\/\/ultimato.com.br\/sites\/jovem\/files\/2016\/03\/UltJovem_16_03_16_Baloes.jpg\" alt=\"Lisa\/Freeimages.com\" width=\"550\" height=\"413\" srcset=\"https:\/\/ultimato.com.br\/sites\/jovem\/files\/2016\/03\/UltJovem_16_03_16_Baloes.jpg 550w, https:\/\/ultimato.com.br\/sites\/jovem\/files\/2016\/03\/UltJovem_16_03_16_Baloes-300x225.jpg 300w, https:\/\/ultimato.com.br\/sites\/jovem\/files\/2016\/03\/UltJovem_16_03_16_Baloes-150x113.jpg 150w\" sizes=\"auto, (max-width: 550px) 100vw, 550px\" \/><p id=\"caption-attachment-4781\" class=\"wp-caption-text\">Lisa\/Freeimages.com<\/p><\/div>\n<p>&nbsp;<\/p>\n<p>Nesta semana o <a href=\"http:\/\/www.ultimato.com.br\/boletins\/\" target=\"_blank\">boletim <strong>Ultimato Jovem<\/strong><\/a> chega \u00e0 marca de 100 edi\u00e7\u00f5es. Nos alegramos com isso, porque \u00e9 uma iniciativa gratuita que conta com muitos colaboradores. O boletim \u00e9 como uma \u201cvitrine\u201d do que publicamos no blog. Ent\u00e3o vale a pena lembrar como a ideia come\u00e7ou:<\/p>\n<blockquote><p>Ser um espa\u00e7o para publicarmos textos e outros trecos feitos por jovens, para jovens ou sobre jovens, tendo sempre em mente a intergeracionalidade.<\/p><\/blockquote>\n<p>De jovem para jovem, mas tamb\u00e9m de jovem para gente de outras idades.<\/p>\n<p>Isso que \u00e9 bonito! O di\u00e1logo entre gera\u00e7\u00f5es, sem menosprezar nenhuma delas.<\/p>\n<p>O boletim <strong>Ultimato Jovem<\/strong> tamb\u00e9m tem um desafio de valorizar e encorajar os jovens crist\u00e3os a produzirem arte. Para isso, publicarmos em cada edi\u00e7\u00e3o do boletim imagens (ilustra\u00e7\u00f5es, desenhos ou fotografias) feitas por jovens. Nos surpreendemos com a riqueza art\u00edstica que encontramos por a\u00ed.<\/p>\n<p>Agradecemos tamb\u00e9m a tantos jovens escritores que nos enviam seus textos para serem publicados no blog. Percebemos como Deus tem falado com estes jovens. O blog \u00e9 uma amostra disso.<\/p>\n<p>Que Deus continue dando \u00e2nimo \u00e0 nossa juventude para que fa\u00e7a diferen\u00e7a no tempo que chamamos hoje.<\/p>\n<p><strong>Em tempo:<br \/>\n<\/strong>Ultimato quer dialogar cada vez mais com a juventude evang\u00e9lica. Uma oportunidade \u00e9 voc\u00ea nos encontrar pessoalmente no <a href=\"http:\/\/www.vocare.org.br\/\">Vocare 2016<\/a>. Estaremos l\u00e1 com um estante e com muita disposi\u00e7\u00e3o para trocarmos ideias.<\/p>\n<p>Se voc\u00ea tem at\u00e9 29 anos e quer aproveitar um pre\u00e7o super especial, fa\u00e7a a sua Assinatura Jovem e ganhe tamb\u00e9m um monte de vantagens. <a href=\"http:\/\/www.ultimato.com.br\/revista\/assinatura-jovem\" target=\"_blank\">Assine agora!<\/a><\/p>\n","protected":false},"excerpt":{"rendered":"<p>&nbsp; Nesta semana o boletim Ultimato Jovem chega \u00e0 marca de 100 edi\u00e7\u00f5es. Nos alegramos com isso, porque \u00e9 uma iniciativa gratuita que conta com muitos colaboradores. O boletim \u00e9 como uma \u201cvitrine\u201d do que publicamos no blog. Ent\u00e3o vale a pena lembrar como a ideia come\u00e7ou: Ser um espa\u00e7o para publicarmos textos e outros [&hellip;]<\/p>\n","protected":false},"author":19,"featured_media":0,"comment_status":"open","ping_status":"open","sticky":false,"template":"","format":"standard","meta":{"ngg_post_thumbnail":0,"footnotes":""},"categories":[7],"tags":[29845,154],"class_list":["post-4780","post","type-post","status-publish","format-standard","hentry","category-noticias","tag-boletim-ultimato-jovem","tag-ultimato"],"_links":{"self":[{"href":"https:\/\/ultimato.com.br\/sites\/jovem\/wp-json\/wp\/v2\/posts\/4780","targetHints":{"allow":["GET"]}}],"collection":[{"href":"https:\/\/ultimato.com.br\/sites\/jovem\/wp-json\/wp\/v2\/posts"}],"about":[{"href":"https:\/\/ultimato.com.br\/sites\/jovem\/wp-json\/wp\/v2\/types\/post"}],"author":[{"embeddable":true,"href":"https:\/\/ultimato.com.br\/sites\/jovem\/wp-json\/wp\/v2\/users\/19"}],"replies":[{"embeddable":true,"href":"https:\/\/ultimato.com.br\/sites\/jovem\/wp-json\/wp\/v2\/comments?post=4780"}],"version-history":[{"count":4,"href":"https:\/\/ultimato.com.br\/sites\/jovem\/wp-json\/wp\/v2\/posts\/4780\/revisions"}],"predecessor-version":[{"id":4785,"href":"https:\/\/ultimato.com.br\/sites\/jovem\/wp-json\/wp\/v2\/posts\/4780\/revisions\/4785"}],"wp:attachment":[{"href":"https:\/\/ultimato.com.br\/sites\/jovem\/wp-json\/wp\/v2\/media?parent=4780"}],"wp:term":[{"taxonomy":"category","embeddable":true,"href":"https:\/\/ultimato.com.br\/sites\/jovem\/wp-json\/wp\/v2\/categories?post=4780"},{"taxonomy":"post_tag","embeddable":true,"href":"https:\/\/ultimato.com.br\/sites\/jovem\/wp-json\/wp\/v2\/tags?post=4780"}],"curies":[{"name":"wp","href":"https:\/\/api.w.org\/{rel}","templated":true}]}}