{"id":459,"date":"2011-02-09T15:11:57","date_gmt":"2011-02-09T18:11:57","guid":{"rendered":"http:\/\/ultimato.com.br\/sites\/jovem\/?p=459"},"modified":"2011-02-09T15:21:53","modified_gmt":"2011-02-09T18:21:53","slug":"steiger-international","status":"publish","type":"post","link":"https:\/\/ultimato.com.br\/sites\/jovem\/2011\/02\/09\/steiger-international\/","title":{"rendered":"Steiger International"},"content":{"rendered":"<p><a href=\"http:\/\/ultimato.com.br\/sites\/jovem\/files\/2011\/02\/steiger1.jpg\" class=\"lightview\" data-lightview-group=\"group-459\" data-lightview-options=\"skin: 'dark', controls: 'relative', padding: '10', shadow: { color: '#000000', opacity: 0.08, blur: 3 }\" data-lightview-title=\"steiger1\"><img loading=\"lazy\" decoding=\"async\" class=\"alignright size-full wp-image-460\" title=\"steiger1\" src=\"http:\/\/ultimato.com.br\/sites\/jovem\/files\/2011\/02\/steiger1.jpg\" alt=\"\" width=\"310\" height=\"215\" srcset=\"https:\/\/ultimato.com.br\/sites\/jovem\/files\/2011\/02\/steiger1.jpg 310w, https:\/\/ultimato.com.br\/sites\/jovem\/files\/2011\/02\/steiger1-300x208.jpg 300w, https:\/\/ultimato.com.br\/sites\/jovem\/files\/2011\/02\/steiger1-150x104.jpg 150w\" sizes=\"auto, (max-width: 310px) 100vw, 310px\" \/><\/a>Steiger Internacional se dedica a alcan\u00e7ar jovens secularizados, apontando-os\u00a0para um relacionamento com Jesus Cristo e ajudando-os a cumprir com o\u00a0chamado de Deus para suas vidas.<\/p>\n<p>Come\u00e7ando com uma igreja\u00a0para os punks e anarquistas de\u00a0Amsterdam no in\u00edcio dos anos 80,\u00a0a Steiger Internacional tem se\u00a0dedicado a alcan\u00e7ar a cultura\u00a0jovem em centros urbanos por\u00a0todo o mundo, plantando igrejas\u00a0e levantando artistas evangelistasque impactem os campos da\u00a0arte e da m\u00eddia.<!--more--><\/p>\n<p>A juventude global secularizada forma o maior grupo de pessoas n\u00e3o alcan\u00e7adas\u00a0do mundo. Esse grupo se identifica atrav\u00e9s de valores, s\u00edmbolos e\u00a0r\u00f3tulos comuns formados pela vazia ind\u00fastria do entretenimento, cultura pop e\u00a0estrat\u00e9gias econ\u00f4micas que destroem toda uma gera\u00e7\u00e3o. Isso, associado \u00e0\u00a0quebra da estrutura e dos valores familiares, abre caminho para a raiva, o\u00a0desespero, a falta de esperan\u00e7a e a apatia. Deus nos deu um cora\u00e7\u00e3o aflito\u00a0por esses jovens.<\/p>\n<p>A Steiger leva o Evangelho fora da igreja para as ruas e pontos de encontro\u00a0onde Miss\u00f5es mais convencionais n\u00e3o podem ir, incluindo a cultura jovem\u00a0isl\u00e2mica, bares terroristas, vilarejos exot\u00e9ricos, bord\u00e9is, pontos de drogas,\u00a0festivais de m\u00fasica punk e g\u00f3tica, bares sat\u00e2nicas e encontros New Age.<\/p>\n<p>Procuramos levar o amor de Jesus aos jovens atrav\u00e9s do nosso envolvimento\u00a0ativo na cultura de hoje. Como a m\u00fasica e a arte se transformaram na\u00a0linguagem da cultura jovem global, muito do trabalho da Steiger utiliza esses\u00a0m\u00e9todos para transmitir o Evangelho. Hoje a Steiger tem equipes mission\u00e1rias\u00a0estabelecidas nos Estados Unidos, Nova Zel\u00e2ndia, Inglaterra, Pol\u00f4nia, Brasil e\u00a0Alemanha. Tamb\u00e9m temos parceria com minist\u00e9rios na Austr\u00e1lia, Turquia,\u00a0Pol\u00f4nia, Cingapura e no L\u00edbano.<\/p>\n<p><a href=\"http:\/\/ultimato.com.br\/sites\/jovem\/files\/2011\/02\/steiger2.jpg\" class=\"lightview\" data-lightview-group=\"group-459\" data-lightview-options=\"skin: 'dark', controls: 'relative', padding: '10', shadow: { color: '#000000', opacity: 0.08, blur: 3 }\" data-lightview-title=\"steiger2\"><img loading=\"lazy\" decoding=\"async\" class=\"alignright size-full wp-image-461\" title=\"steiger2\" src=\"http:\/\/ultimato.com.br\/sites\/jovem\/files\/2011\/02\/steiger2.jpg\" alt=\"\" width=\"310\" height=\"233\" srcset=\"https:\/\/ultimato.com.br\/sites\/jovem\/files\/2011\/02\/steiger2.jpg 310w, https:\/\/ultimato.com.br\/sites\/jovem\/files\/2011\/02\/steiger2-300x225.jpg 300w, https:\/\/ultimato.com.br\/sites\/jovem\/files\/2011\/02\/steiger2-150x112.jpg 150w\" sizes=\"auto, (max-width: 310px) 100vw, 310px\" \/><\/a><\/p>\n<p>Steiger Brasil &#8211; foco em quatro projetos:<\/p>\n<p>\u2022 Steiger Office SP: Capacitando e enviando mission\u00e1rios brasileiros \u00e0 cultura jovem global<\/p>\n<p>\u2022 No Longer Music Brasil: Um espet\u00e1culo criativo e dram\u00e1tico voltado ao p\u00fablico n\u00e3o religioso que<\/p>\n<p>mostra a crucifica\u00e7\u00e3o e a ressurrei\u00e7\u00e3o de Jesus<\/p>\n<p>\u2022 Steiger TV: Produ\u00e7\u00e3o de filmes mostrando o poder de Deus dentro e fora da igreja<\/p>\n<p>\u2022 F\u00f3rum Manifeste: debatendo e incentivando a comunica\u00e7\u00e3o do evangelho atrav\u00e9s das arte<\/p>\n<p>Para saber mais sobre este minist\u00e9rio <a href=\"http:\/\/www.steiger.org\/2008\/index.php?option=com_content&amp;view=article&amp;id=69&amp;Itemid=89\" target=\"_blank\">acesse a p\u00e1gina Steiger Brasil<\/a> ou escreva para brasil@steiger.org.<\/p>\n<p>.<\/p>\n<p>.<\/p>\n<p><span style=\"color: #008080;\"><strong>** A prop\u00f3sito, alguns t\u00edtulos publicados pela Editora Ultimato:<\/strong><\/span><\/p>\n<p><span style=\"color: #008080;\"><strong><a href=\"http:\/\/www.ultimato.com.br\/loja\/produtos\/chamado-radical\" target=\"_blank\"><em>Chamado Radical<\/em><\/a>, de Br\u00e1ulia Ribeiro<\/strong><\/span><\/p>\n<p><span style=\"color: #008080;\"><strong><em><a href=\"http:\/\/www.ultimato.com.br\/loja\/produtos\/eu-um-missionario\" target=\"_blank\">Eu, um mission\u00e1rio?<\/a><\/em>, de Tonica Van deer Meer<\/strong><\/span><\/p>\n<p><span style=\"color: #008080;\"><strong><em><a href=\"http:\/\/www.ultimato.com.br\/loja\/produtos\/fe-crista-e-cultura-contemporanea\" target=\"_blank\">F\u00e9 crist\u00e3 e cultura contepor\u00e2nea<\/a><\/em>, v\u00e1rios autores<\/strong><\/span><\/p>\n","protected":false},"excerpt":{"rendered":"<p>Steiger Internacional se dedica a alcan\u00e7ar jovens secularizados, apontando-os\u00a0para um relacionamento com Jesus Cristo e ajudando-os a cumprir com o\u00a0chamado de Deus para suas vidas. Come\u00e7ando com uma igreja\u00a0para os punks e anarquistas de\u00a0Amsterdam no in\u00edcio dos anos 80,\u00a0a Steiger Internacional tem se\u00a0dedicado a alcan\u00e7ar a cultura\u00a0jovem em centros urbanos por\u00a0todo o mundo, plantando igrejas\u00a0e [&hellip;]<\/p>\n","protected":false},"author":19,"featured_media":0,"comment_status":"open","ping_status":"open","sticky":false,"template":"","format":"standard","meta":{"ngg_post_thumbnail":0,"footnotes":""},"categories":[5152],"tags":[],"class_list":["post-459","post","type-post","status-publish","format-standard","hentry","category-altas-indicacoes"],"_links":{"self":[{"href":"https:\/\/ultimato.com.br\/sites\/jovem\/wp-json\/wp\/v2\/posts\/459","targetHints":{"allow":["GET"]}}],"collection":[{"href":"https:\/\/ultimato.com.br\/sites\/jovem\/wp-json\/wp\/v2\/posts"}],"about":[{"href":"https:\/\/ultimato.com.br\/sites\/jovem\/wp-json\/wp\/v2\/types\/post"}],"author":[{"embeddable":true,"href":"https:\/\/ultimato.com.br\/sites\/jovem\/wp-json\/wp\/v2\/users\/19"}],"replies":[{"embeddable":true,"href":"https:\/\/ultimato.com.br\/sites\/jovem\/wp-json\/wp\/v2\/comments?post=459"}],"version-history":[{"count":4,"href":"https:\/\/ultimato.com.br\/sites\/jovem\/wp-json\/wp\/v2\/posts\/459\/revisions"}],"predecessor-version":[{"id":464,"href":"https:\/\/ultimato.com.br\/sites\/jovem\/wp-json\/wp\/v2\/posts\/459\/revisions\/464"}],"wp:attachment":[{"href":"https:\/\/ultimato.com.br\/sites\/jovem\/wp-json\/wp\/v2\/media?parent=459"}],"wp:term":[{"taxonomy":"category","embeddable":true,"href":"https:\/\/ultimato.com.br\/sites\/jovem\/wp-json\/wp\/v2\/categories?post=459"},{"taxonomy":"post_tag","embeddable":true,"href":"https:\/\/ultimato.com.br\/sites\/jovem\/wp-json\/wp\/v2\/tags?post=459"}],"curies":[{"name":"wp","href":"https:\/\/api.w.org\/{rel}","templated":true}]}}