{"id":4564,"date":"2015-11-30T08:03:29","date_gmt":"2015-11-30T11:03:29","guid":{"rendered":"http:\/\/ultimato.com.br\/sites\/jovem\/?p=4564"},"modified":"2015-11-30T08:03:29","modified_gmt":"2015-11-30T11:03:29","slug":"anna-molly-uma-noiva-sobrenatural","status":"publish","type":"post","link":"https:\/\/ultimato.com.br\/sites\/jovem\/2015\/11\/30\/anna-molly-uma-noiva-sobrenatural\/","title":{"rendered":"Anna Molly: uma noiva sobrenatural"},"content":{"rendered":"<p><strong><a href=\"http:\/\/ultimato.com.br\/sites\/jovem\/files\/2015\/11\/Ult_Jovem_30_11_15_AnnaMoly.jpg\" class=\"lightview\" data-lightview-group=\"group-4564\" data-lightview-options=\"skin: 'dark', controls: 'relative', padding: '10', shadow: { color: '#000000', opacity: 0.08, blur: 3 }\"><img loading=\"lazy\" decoding=\"async\" class=\"alignright size-medium wp-image-4565\" src=\"http:\/\/ultimato.com.br\/sites\/jovem\/files\/2015\/11\/Ult_Jovem_30_11_15_AnnaMoly-300x300.jpg\" alt=\"Ult_Jovem_30_11_15_AnnaMoly\" width=\"300\" height=\"300\" srcset=\"https:\/\/ultimato.com.br\/sites\/jovem\/files\/2015\/11\/Ult_Jovem_30_11_15_AnnaMoly-300x300.jpg 300w, https:\/\/ultimato.com.br\/sites\/jovem\/files\/2015\/11\/Ult_Jovem_30_11_15_AnnaMoly-150x150.jpg 150w, https:\/\/ultimato.com.br\/sites\/jovem\/files\/2015\/11\/Ult_Jovem_30_11_15_AnnaMoly-80x80.jpg 80w, https:\/\/ultimato.com.br\/sites\/jovem\/files\/2015\/11\/Ult_Jovem_30_11_15_AnnaMoly.jpg 352w\" sizes=\"auto, (max-width: 300px) 100vw, 300px\" \/><\/a><\/strong><\/p>\n<p><em>Por Vinnicius Almeida<\/em><\/p>\n<p>Curto muito Incubus! J\u00e1 disse e reafirmo ser uma das minhas bandas favoritas, daquelas que explodiram no boom do s\u00e9culo 21, quando o mundo ainda n\u00e3o acabou\u2026<\/p>\n<p>Apesar da crise (que crise? Diriam alguns), a ideia n\u00e3o \u00e9 falar sobre m\u00fasica. Na verdade e em verdade, buscava inspira\u00e7\u00e3o para escrever um texto sobre os 498 anos de Reforma Protestante.<\/p>\n<p>Num ritmo intenso de leituras, provas e trabalhos teol\u00f3gicos, pensei em algo mais leve. Sem teologia nem filosofia (como se isso fosse poss\u00edvel). At\u00e9 que iniciei a playlist e comecei a viajar no trecho da m\u00fasica Anna Molly:<\/p>\n<blockquote><p>Uma nuvem encobre e silencia minha felicidade<br \/>\nMil navios n\u00e3o poderiam me tirar da ang\u00fastia<br \/>\nQueria que voc\u00ea estivesse aqui, eu sou um sat\u00e9lite ferido<br \/>\nPreciso que voc\u00ea me fa\u00e7a sentir bem agora.<\/p><\/blockquote>\n<p>\u00c9 quase um Salmo 143. Embora isso dependa muito de quem l\u00ea e como v\u00ea a cultura\u2026<\/p>\n<p>No clip, a querida Anna Molly est\u00e1 aparente morta. Lamentos e tormentos s\u00e3o apreendidos na poesia, que chama por seu nome desesperadamente. A mo\u00e7a chega a ser comparada com a companhia capaz de ser a fonte contra a solid\u00e3o. Sua aus\u00eancia \u00e9 como uma nuvem que encobre a felicidade.<!--more--><\/p>\n<p><strong><em>Anna Molly, annomally\u2026 <\/em><\/strong><\/p>\n<p><em>\u201cAnna Molly, Anomalia! Eu estou chamando seu nome no ar! Nenhum dos outros nomes, pode jamais comparar\u2026\u201d<\/em><\/p>\n<p>E essa parte \u00e9 incr\u00edvel (assista o v\u00eddeo):<\/p>\n<p>Anna Molly \u00e9 a anomalia! De uma forma sobrenatural, a jovem est\u00e1 viva!<\/p>\n<blockquote><p>Espere, h\u00e1 uma luz, h\u00e1 um inc\u00eandio<br \/>\nDesfragmentando o s\u00f3t\u00e3o (Anomalia!)<br \/>\nFatalidade, ou algo melhor,<br \/>\neu n\u00e3o poderia me preocupar menos.<br \/>\nApenas fique comigo um momento.<\/p><\/blockquote>\n<p>Claro! Anna Molly \u00e9 a Igreja de nosso tempo! Isso! Apenas se feita\u00a0uma escuta ativa Teo-referente. Heran\u00e7a pura e simples do ethos da Reforma Protestante. Os reformadores dedicaram um esfor\u00e7o total para resgatar o real significado de ser crist\u00e3o \u00e0 luz das Escrituras, gerando assim, impactos na vida individual, comunit\u00e1ria e societ\u00e1ria.<\/p>\n<p>Tudo bem diferente de <em>Parecer<\/em>.<\/p>\n<p>H\u00e1 quem ou\u00e7a m\u00fasica \u201cevang\u00e9lica\u201d<br \/>\nVote na bancada \u201cevang\u00e9lica\u201d<br \/>\nConsuma \u201cmoda evang\u00e9lica\u201d<br \/>\nDesconhe\u00e7a o Evangelho!<\/p>\n<p>\u00c9 por essas e tantas outras que n\u00e3o abro m\u00e3o do termo Evang\u00e9lico.<\/p>\n<p>\u201cEvang\u00e9licos s\u00e3o aut\u00eanticos cat\u00f3licos!\u201d \u2013 Diria Dom Robinson Cavalcanti.<\/p>\n<p>Carecemos de um resgate sem\u00e2ntico e hermen\u00eautico para o retorno de uma espiritualidade aut\u00eantica que possibilite ser (ontologia) e viver (pr\u00e1xis) integralmente de modo evangelical, apre(e)ndendo com as hist\u00f3rias passadas, confiando no futuro casamento que a Deus pertence.<\/p>\n<p>A Igreja \u00e9 a noiva! Anna Molly n\u00e3o est\u00e1 morta! Por mais aparente que isso seja\u2026<\/p>\n<p>Mas, os reformadores amaram a Igreja de Cristo!<\/p>\n<p>A Igreja \u00e9 projetada diretamente do cora\u00e7\u00e3o trinit\u00e1rio: Pai, Filho e Esp\u00edrito Santo est\u00e3o \u00e0 sua espera e ao mesmo tempo, trabalham por ela\u2026<\/p>\n<p>Na morte e ressurrei\u00e7\u00e3o do Cristo, a noiva surge pra cantar sua salva\u00e7\u00e3o, santificar, curar, denunciar, expulsar e transformar tudo aquilo que n\u00e3o tem proced\u00eancia divina. Nela, est\u00e1 o perfume da alegria e esperan\u00e7a, tem o sabor da presen\u00e7a do Reino de Deus que come\u00e7a aqui e agora.<\/p>\n<p>A noiva recebe o sopro do Esp\u00edrito Santo e \u00e9 escolhida para alcan\u00e7ar, aben\u00e7oar, beijar e abra\u00e7ar o mundo sem rima e sem rumo\u2026 Mesmo havendo uma s\u00e9rie de problemas humanos na institui\u00e7\u00e3o, o conceito do <em>corpus mixtum, <\/em>de Agostinho, ou ainda, na linguagem b\u00edblica de Jesus, sobre o trigo e o joio, j\u00e1 sab\u00edamos que nela haveria \u201cfalsos profetas\u201d e um \u201cfalso evangelho\u201d.<\/p>\n<p>Contudo,\u00a0os reformadores s\u00e3o aqueles que fizeram lembrar a vida e a beleza da Igreja! Quando tudo parecia estar perdido, inundado na corrup\u00e7\u00e3o, no legalismo e na manipula\u00e7\u00e3o religiosa, beirando sinais de morte\u2026 \u201cAnna Molly, annomally\u201d<\/p>\n<p>\u201cAnna Molly, annomally\u201d \u2013 Nosso foco \u00e9 viver crendo e exercendo f\u00e9, com a Gra\u00e7a, em Cristo, pela cruz, praticando a B\u00edblia, na Miss\u00e3o di\u00e1ria\u2026 At\u00e9 que cheguem as bodas!<\/p>\n<p>\u201cecclesia semper reformanda et semper reformanda est\u201d.<\/p>\n<p>Amo a Igreja!<br \/>\n2015, Reforma Protestante, 31 de outubro.<\/p>\n<p>Soli Deo Gloria.<\/p>\n<p><em>Texto publicado originalmente no <a href=\"https:\/\/vinniciusalmeida.wordpress.com\/2015\/10\/31\/teste\/\">blog Caminhada Figurada<\/a>.<\/em><\/p>\n<p><strong>\u2022 Vinn\u00edcius Almeida<\/strong>, \u00e9 assistente social, estuda Religi\u00e3o e Cultura pelo UNIFAI e Teologia na Universidade Presbiteriana Mackenzie. Segue Jesus, o Cristo, caminha na f\u00e9 e anda de skate. Publica no Blog <a href=\"http:\/\/vinniciusalmeida.wordpress.com\/\">Caminhada Figurada<\/a>.<\/p>\n","protected":false},"excerpt":{"rendered":"<p>Por Vinnicius Almeida Curto muito Incubus! J\u00e1 disse e reafirmo ser uma das minhas bandas favoritas, daquelas que explodiram no boom do s\u00e9culo 21, quando o mundo ainda n\u00e3o acabou\u2026 Apesar da crise (que crise? Diriam alguns), a ideia n\u00e3o \u00e9 falar sobre m\u00fasica. Na verdade e em verdade, buscava inspira\u00e7\u00e3o para escrever um texto [&hellip;]<\/p>\n","protected":false},"author":19,"featured_media":0,"comment_status":"open","ping_status":"open","sticky":false,"template":"","format":"standard","meta":{"ngg_post_thumbnail":0,"footnotes":""},"categories":[6054],"tags":[27974,27976,18,27975],"class_list":["post-4564","post","type-post","status-publish","format-standard","hentry","category-textos","tag-anna-molly","tag-incubus","tag-musica","tag-vinicius-almeida"],"_links":{"self":[{"href":"https:\/\/ultimato.com.br\/sites\/jovem\/wp-json\/wp\/v2\/posts\/4564","targetHints":{"allow":["GET"]}}],"collection":[{"href":"https:\/\/ultimato.com.br\/sites\/jovem\/wp-json\/wp\/v2\/posts"}],"about":[{"href":"https:\/\/ultimato.com.br\/sites\/jovem\/wp-json\/wp\/v2\/types\/post"}],"author":[{"embeddable":true,"href":"https:\/\/ultimato.com.br\/sites\/jovem\/wp-json\/wp\/v2\/users\/19"}],"replies":[{"embeddable":true,"href":"https:\/\/ultimato.com.br\/sites\/jovem\/wp-json\/wp\/v2\/comments?post=4564"}],"version-history":[{"count":2,"href":"https:\/\/ultimato.com.br\/sites\/jovem\/wp-json\/wp\/v2\/posts\/4564\/revisions"}],"predecessor-version":[{"id":4567,"href":"https:\/\/ultimato.com.br\/sites\/jovem\/wp-json\/wp\/v2\/posts\/4564\/revisions\/4567"}],"wp:attachment":[{"href":"https:\/\/ultimato.com.br\/sites\/jovem\/wp-json\/wp\/v2\/media?parent=4564"}],"wp:term":[{"taxonomy":"category","embeddable":true,"href":"https:\/\/ultimato.com.br\/sites\/jovem\/wp-json\/wp\/v2\/categories?post=4564"},{"taxonomy":"post_tag","embeddable":true,"href":"https:\/\/ultimato.com.br\/sites\/jovem\/wp-json\/wp\/v2\/tags?post=4564"}],"curies":[{"name":"wp","href":"https:\/\/api.w.org\/{rel}","templated":true}]}}