{"id":452,"date":"2011-02-04T14:53:43","date_gmt":"2011-02-04T17:53:43","guid":{"rendered":"http:\/\/ultimato.com.br\/sites\/jovem\/?p=452"},"modified":"2011-02-04T14:53:43","modified_gmt":"2011-02-04T17:53:43","slug":"o-protagonismo-jovem-na-biblia","status":"publish","type":"post","link":"https:\/\/ultimato.com.br\/sites\/jovem\/2011\/02\/04\/o-protagonismo-jovem-na-biblia\/","title":{"rendered":"O protagonismo jovem na B\u00edblia"},"content":{"rendered":"<p><a href=\"http:\/\/ultimato.com.br\/sites\/jovem\/files\/2011\/02\/dirigindo.jpg\" class=\"lightview\" data-lightview-group=\"group-452\" data-lightview-options=\"skin: 'dark', controls: 'relative', padding: '10', shadow: { color: '#000000', opacity: 0.08, blur: 3 }\" data-lightview-title=\"dirigindo\"><img loading=\"lazy\" decoding=\"async\" class=\"alignleft size-medium wp-image-453\" title=\"dirigindo\" src=\"http:\/\/ultimato.com.br\/sites\/jovem\/files\/2011\/02\/dirigindo-300x225.jpg\" alt=\"\" width=\"300\" height=\"225\" srcset=\"https:\/\/ultimato.com.br\/sites\/jovem\/files\/2011\/02\/dirigindo-300x225.jpg 300w, https:\/\/ultimato.com.br\/sites\/jovem\/files\/2011\/02\/dirigindo-150x112.jpg 150w, https:\/\/ultimato.com.br\/sites\/jovem\/files\/2011\/02\/dirigindo.jpg 320w\" sizes=\"auto, (max-width: 300px) 100vw, 300px\" \/><\/a>\u00c9 necess\u00e1rio discutir o protagonismo do jovem, sua participa\u00e7\u00e3o ativa e construtiva na escola, na sociedade, na pol\u00edtica e tamb\u00e9m na igreja. Torna-se relevante o tema uma vez que h\u00e1 aparente apatia por parte dos jovens quanto ao seu papel nas transforma\u00e7\u00f5es sociais no mundo moderno.<\/p>\n<p>As Escrituras n\u00e3o negam o potencial que existe na juventude, pelo contr\u00e1rio, elas afirmam que os jovens t\u00eam muito para contribuir na solu\u00e7\u00e3o de problemas reais. Ao real\u00e7ar a mocidade com qualidades como for\u00e7a (Pv 20:29), vis\u00e3o (Jl 2:28) e deslumbramento (Sl 71:17), todas \u00fateis na a\u00e7\u00e3o transformacional, valoriza essa fase da vida e aponta para celebra\u00e7\u00e3o dela como algo bom e vindo de Deus.<!--more--><\/p>\n<p>Podemos refletir sobre Samuel, Davi e Tim\u00f3teo, personagens b\u00edblicos que na juventude foram instrumentos de Deus para a transforma\u00e7\u00e3o cultural e promo\u00e7\u00e3o do bem. Samuel, um jovem profeta que liderou o povo de Israel para se livrar da opress\u00e3o dos filisteus, nacionalmente reconhecido como profeta do Senhor, protagonista que p\u00f4s fim a corrup\u00e7\u00e3o do sacerd\u00f3cio (I Sm 1-7). Davi, um jovem tamb\u00e9m vocacionado para liderar Israel, foi conhecido como um homem segundo o cora\u00e7\u00e3o de Deus, protagonista do reinado mais pr\u00f3spero e influente que Israel j\u00e1 teve (I Sm 16). Tim\u00f3teo, um jovem vocacionado para pastorear a Igreja de Jesus, foi pastor da igreja de \u00c9feso e protagonista na renova\u00e7\u00e3o de lideran\u00e7a da igreja primitiva (I e II Tm).<\/p>\n<p>Ao rever a hist\u00f3ria de cada um desses, uma caracter\u00edstica em comum e que chama muito aten\u00e7\u00e3o \u00e9 que todos eles tinham um tutor, um conselheiro que acompanhava o desenvolvimento deles, a quem prestavam conta e se sujeitavam. Samuel tinha o experiente sacerdote Eli, Davi tinha o pr\u00f3prio profeta Samuel, j\u00e1 anci\u00e3o, e Tim\u00f3teo cresceu aos p\u00e9s do ap\u00f3stolo Paulo.<\/p>\n<p>Estes personagens n\u00e3o desprezaram a mocidade deles (I Tm 4:12). Lembraram do Criador nos dias da juventude (Ec 12:1), revestiram-se de humildade, ouviram o conselho dos mais velhos e sujeitaram-se a eles (I Pe 5:5). Foi assim que aprenderam a serem s\u00e1bios e a viverem com disciplina e sensatez, fazendo o que \u00e9 justo, direito e correto. Na inexperi\u00eancia adquiriram prud\u00eancia; na disciplina, o conhecimento e o bom senso (Pv 1:2-4).<\/p>\n<p>A B\u00edblia tamb\u00e9m n\u00e3o deixa de contar a hist\u00f3ria de jovens que se tornaram protagonistas do mal. Chama a aten\u00e7\u00e3o o caso do rei Robo\u00e3o, neto do rei Davi. Robo\u00e3o n\u00e3o seguiu os passos de seu av\u00f4 e n\u00e3o deu ouvidos aos prov\u00e9rbios de sabedoria do seu pai, antes \u201crejeitou o conselho que as autoridades de Israel lhe tinham dito e consultou os jovens que haviam crescido com ele e o estavam servindo\u201d (I Rs 12:8). Esta falta de prud\u00eancia provocou uma terr\u00edvel guerra civil em Israel, que culminou com a divis\u00e3o da na\u00e7\u00e3o em dois reinos distintos. Uma divis\u00e3o que marcou toda a hist\u00f3ria de Israel negativamente, e deixou seq\u00fcelas tristes (I Rs 12-14).<\/p>\n<p>Ao contr\u00e1rio do que muitos acreditam a juventude atual n\u00e3o \u00e9 menos ativa do que qualquer outra gera\u00e7\u00e3o. A orienta\u00e7\u00e3o b\u00edblica nos ajuda a entender que a capacidade dos jovens para intervir na igreja e na sociedade n\u00e3o est\u00e1 em quest\u00e3o, entretanto carecem de um direcionamento para que usem sua for\u00e7a, vis\u00e3o e deslumbramento em favor da f\u00e9, esperan\u00e7a e amor.<\/p>\n<p>Cabe a gera\u00e7\u00e3o anterior a responsabilidade de n\u00e3o apenas criar espa\u00e7os para a renova\u00e7\u00e3o de novas lideran\u00e7as, mas guiar a juventude para que todo este potencial seja aproveitado para a promo\u00e7\u00e3o do reino de Deus. Cabe aos jovens n\u00e3o desprezar a mocidade, mas antes ser exemplo na palavra, no procedimento, no amor, na f\u00e9 e na pureza (I Tm 4:12).<\/p>\n<p>Pedro Paulo Valente escreve no <em><a href=\"http:\/\/pedpau.blogspot.com\/\" target=\"_blank\">Blog do Pedro<\/a>, <\/em>\u00e9 engenheiro por forma\u00e7\u00e3o e pastor de adolescentes por voca\u00e7\u00e3o. Ele est\u00e1 fazendo 30 anos hoje!<\/p>\n","protected":false},"excerpt":{"rendered":"<p>\u00c9 necess\u00e1rio discutir o protagonismo do jovem, sua participa\u00e7\u00e3o ativa e construtiva na escola, na sociedade, na pol\u00edtica e tamb\u00e9m na igreja. Torna-se relevante o tema uma vez que h\u00e1 aparente apatia por parte dos jovens quanto ao seu papel nas transforma\u00e7\u00f5es sociais no mundo moderno. As Escrituras n\u00e3o negam o potencial que existe na [&hellip;]<\/p>\n","protected":false},"author":19,"featured_media":0,"comment_status":"open","ping_status":"open","sticky":false,"template":"","format":"standard","meta":{"ngg_post_thumbnail":0,"footnotes":""},"categories":[6054],"tags":[],"class_list":["post-452","post","type-post","status-publish","format-standard","hentry","category-textos"],"_links":{"self":[{"href":"https:\/\/ultimato.com.br\/sites\/jovem\/wp-json\/wp\/v2\/posts\/452","targetHints":{"allow":["GET"]}}],"collection":[{"href":"https:\/\/ultimato.com.br\/sites\/jovem\/wp-json\/wp\/v2\/posts"}],"about":[{"href":"https:\/\/ultimato.com.br\/sites\/jovem\/wp-json\/wp\/v2\/types\/post"}],"author":[{"embeddable":true,"href":"https:\/\/ultimato.com.br\/sites\/jovem\/wp-json\/wp\/v2\/users\/19"}],"replies":[{"embeddable":true,"href":"https:\/\/ultimato.com.br\/sites\/jovem\/wp-json\/wp\/v2\/comments?post=452"}],"version-history":[{"count":1,"href":"https:\/\/ultimato.com.br\/sites\/jovem\/wp-json\/wp\/v2\/posts\/452\/revisions"}],"predecessor-version":[{"id":454,"href":"https:\/\/ultimato.com.br\/sites\/jovem\/wp-json\/wp\/v2\/posts\/452\/revisions\/454"}],"wp:attachment":[{"href":"https:\/\/ultimato.com.br\/sites\/jovem\/wp-json\/wp\/v2\/media?parent=452"}],"wp:term":[{"taxonomy":"category","embeddable":true,"href":"https:\/\/ultimato.com.br\/sites\/jovem\/wp-json\/wp\/v2\/categories?post=452"},{"taxonomy":"post_tag","embeddable":true,"href":"https:\/\/ultimato.com.br\/sites\/jovem\/wp-json\/wp\/v2\/tags?post=452"}],"curies":[{"name":"wp","href":"https:\/\/api.w.org\/{rel}","templated":true}]}}