{"id":4290,"date":"2015-08-06T14:28:18","date_gmt":"2015-08-06T17:28:18","guid":{"rendered":"http:\/\/ultimato.com.br\/sites\/jovem\/?p=4290"},"modified":"2015-08-06T14:28:18","modified_gmt":"2015-08-06T17:28:18","slug":"a-fascinante-jornada-entre-o-ser-e-o-fazer","status":"publish","type":"post","link":"https:\/\/ultimato.com.br\/sites\/jovem\/2015\/08\/06\/a-fascinante-jornada-entre-o-ser-e-o-fazer\/","title":{"rendered":"A fascinante jornada entre o ser e o fazer"},"content":{"rendered":"<p><a href=\"http:\/\/ultimato.com.br\/sites\/jovem\/files\/2015\/08\/E-book_voca\u00e7\u00e3o_juventude.jpg\"><img loading=\"lazy\" decoding=\"async\" class=\"alignright size-medium wp-image-4291\" src=\"http:\/\/ultimato.com.br\/sites\/jovem\/files\/2015\/08\/E-book_voca\u00e7\u00e3o_juventude-197x300.jpg\" alt=\"E-book_voca\u00e7\u00e3o_juventude\" width=\"197\" height=\"300\" srcset=\"https:\/\/ultimato.com.br\/sites\/jovem\/files\/2015\/08\/E-book_voca\u00e7\u00e3o_juventude-197x300.jpg 197w, https:\/\/ultimato.com.br\/sites\/jovem\/files\/2015\/08\/E-book_voca\u00e7\u00e3o_juventude-98x150.jpg 98w, https:\/\/ultimato.com.br\/sites\/jovem\/files\/2015\/08\/E-book_voca\u00e7\u00e3o_juventude.jpg 231w\" sizes=\"auto, (max-width: 197px) 100vw, 197px\" \/><\/a>Quer uma not\u00edcia boa? O Portal Ultimato oferece gratuitamente, com o apoio do Movimento Vocare,\u00a0 o e-book <a href=\"http:\/\/www.ultimato.com.br\/loja\/produtos\/vocacao-e-juventude-ebook\">Voca\u00e7\u00e3o e Juventude: a fascinante jornada entre o ser e o fazer<\/a>. O livro eletr\u00f4nico re\u00fane artigos, hist\u00f3rias, perguntas e respostas, al\u00e9m de dicas de ferramentas que v\u00e3o ajudar o jovem a descobrir sua voca\u00e7\u00e3o.<\/p>\n<p>O subt\u00edtulo do e-book coloca dois verbos (\u201cser\u201d e \u201cfazer\u201d) em aparente contraponto. Mas, na verdade, \u00e9 mais correto afirmar que ambos est\u00e3o inseridos em uma <em>jornada<\/em>, um caminho, uma trilha de f\u00e9 no Deus que fala conosco em todas as circunst\u00e2ncias.<\/p>\n<p>\u00c9 bem verdade, no entanto, que o verdadeiro \u201cser\u201d redunda em \u201cfazer\u201d, sen\u00e3o n\u00e3o passaria de subjetivismo. Ao mesmo tempo, a subst\u00e2ncia do \u201cfazer\u201d est\u00e1 no \u201cser\u201d, porque \u00e9 da rela\u00e7\u00e3o sincera e \u00edntima com Deus que conseguimos ter inten\u00e7\u00f5es corretas para exercer nosso trabalho no mundo que Deus criou e que nos incumbiu de cuidar (Gn 1).<\/p>\n<p>Deus nos chama para sermos dele, integralmente. Deus nos chama para am\u00e1-lo de todo o cora\u00e7\u00e3o, de toda a alma, de todo o entendimento, e de todas as for\u00e7as (Mc 12.30).<\/p>\n<p>Junte-se a n\u00f3s nesta jornada! Voc\u00ea nunca mais ser\u00e1 o mesmo.<\/p>\n<p>&nbsp;<\/p>\n<p><strong>E mais:<br \/>\n<\/strong>A revista <strong>Ultimato<\/strong> deste bimestre traz o tema <strong>Voca\u00e7\u00e3o e Juventude<\/strong> na capa. Confira o <a href=\"http:\/\/www.ultimato.com.br\/revista\/355\" target=\"_blank\">sum\u00e1rio<\/a>.<\/p>\n","protected":false},"excerpt":{"rendered":"<p>Quer uma not\u00edcia boa? O Portal Ultimato oferece gratuitamente, com o apoio do Movimento Vocare,\u00a0 o e-book Voca\u00e7\u00e3o e Juventude: a fascinante jornada entre o ser e o fazer. O livro eletr\u00f4nico re\u00fane artigos, hist\u00f3rias, perguntas e respostas, al\u00e9m de dicas de ferramentas que v\u00e3o ajudar o jovem a descobrir sua voca\u00e7\u00e3o. O subt\u00edtulo do [&hellip;]<\/p>\n","protected":false},"author":19,"featured_media":0,"comment_status":"open","ping_status":"open","sticky":false,"template":"","format":"standard","meta":{"ngg_post_thumbnail":0,"footnotes":""},"categories":[5152],"tags":[19283,16533,22241],"class_list":["post-4290","post","type-post","status-publish","format-standard","hentry","category-altas-indicacoes","tag-e-book","tag-vocacao","tag-vocare"],"_links":{"self":[{"href":"https:\/\/ultimato.com.br\/sites\/jovem\/wp-json\/wp\/v2\/posts\/4290","targetHints":{"allow":["GET"]}}],"collection":[{"href":"https:\/\/ultimato.com.br\/sites\/jovem\/wp-json\/wp\/v2\/posts"}],"about":[{"href":"https:\/\/ultimato.com.br\/sites\/jovem\/wp-json\/wp\/v2\/types\/post"}],"author":[{"embeddable":true,"href":"https:\/\/ultimato.com.br\/sites\/jovem\/wp-json\/wp\/v2\/users\/19"}],"replies":[{"embeddable":true,"href":"https:\/\/ultimato.com.br\/sites\/jovem\/wp-json\/wp\/v2\/comments?post=4290"}],"version-history":[{"count":1,"href":"https:\/\/ultimato.com.br\/sites\/jovem\/wp-json\/wp\/v2\/posts\/4290\/revisions"}],"predecessor-version":[{"id":4292,"href":"https:\/\/ultimato.com.br\/sites\/jovem\/wp-json\/wp\/v2\/posts\/4290\/revisions\/4292"}],"wp:attachment":[{"href":"https:\/\/ultimato.com.br\/sites\/jovem\/wp-json\/wp\/v2\/media?parent=4290"}],"wp:term":[{"taxonomy":"category","embeddable":true,"href":"https:\/\/ultimato.com.br\/sites\/jovem\/wp-json\/wp\/v2\/categories?post=4290"},{"taxonomy":"post_tag","embeddable":true,"href":"https:\/\/ultimato.com.br\/sites\/jovem\/wp-json\/wp\/v2\/tags?post=4290"}],"curies":[{"name":"wp","href":"https:\/\/api.w.org\/{rel}","templated":true}]}}