{"id":4263,"date":"2015-07-27T14:54:36","date_gmt":"2015-07-27T17:54:36","guid":{"rendered":"http:\/\/ultimato.com.br\/sites\/jovem\/?p=4263"},"modified":"2015-07-27T14:56:01","modified_gmt":"2015-07-27T17:56:01","slug":"por-que-sou-cristao","status":"publish","type":"post","link":"https:\/\/ultimato.com.br\/sites\/jovem\/2015\/07\/27\/por-que-sou-cristao\/","title":{"rendered":"Por que sou crist\u00e3o?"},"content":{"rendered":"<p><a href=\"http:\/\/ultimato.com.br\/sites\/jovem\/files\/2015\/07\/Ult_Jovem_27_07_15_Porque_sou_crist\u00e3o_pq.jpg\"><img loading=\"lazy\" decoding=\"async\" class=\"alignright size-full wp-image-4264\" src=\"http:\/\/ultimato.com.br\/sites\/jovem\/files\/2015\/07\/Ult_Jovem_27_07_15_Porque_sou_crist\u00e3o_pq.jpg\" alt=\"Ult_Jovem_27_07_15_Porque_sou_crist\u00e3o_pq\" width=\"350\" height=\"266\" srcset=\"https:\/\/ultimato.com.br\/sites\/jovem\/files\/2015\/07\/Ult_Jovem_27_07_15_Porque_sou_crist\u00e3o_pq.jpg 350w, https:\/\/ultimato.com.br\/sites\/jovem\/files\/2015\/07\/Ult_Jovem_27_07_15_Porque_sou_crist\u00e3o_pq-300x228.jpg 300w, https:\/\/ultimato.com.br\/sites\/jovem\/files\/2015\/07\/Ult_Jovem_27_07_15_Porque_sou_crist\u00e3o_pq-150x114.jpg 150w\" sizes=\"auto, (max-width: 350px) 100vw, 350px\" \/><\/a><em>Por Marlon Teixeira<\/em><\/p>\n<p>A princ\u00edpio, preciso dizer que o motivo de eu ser crist\u00e3o ancora-se em uma f\u00e9 pessoal e intransfer\u00edvel concedida a mim pelo Esp\u00edrito Santo. Neste sentido, a f\u00e9 me prova a exist\u00eancia da divindade judaico-crist\u00e3, por\u00e9m, pelo fato da f\u00e9 ser um tipo singular de evid\u00eancia, ou seja, por ela provar somente para quem a det\u00e9m, ent\u00e3o, n\u00e3o posso tecer justificativas transcendentais para demonstrar a viabilidade racional da minha f\u00e9.<\/p>\n<p>Visto isso, preciso identificar os fatores racionalmente plaus\u00edveis e os elementos cientificamente mensur\u00e1veis que est\u00e3o anexos \u00e0 centralidade espiritual da minha cren\u00e7a, a fim de que eu possa minimamente apresentar um conjunto de raz\u00f5es epistemologicamente confi\u00e1veis que ratifiquem a coer\u00eancia de se acreditar naquilo em que acredito. Ent\u00e3o, guiarei esta reflex\u00e3o por meio das repostas de duas perguntas:<\/p>\n<p><strong>Por que devo acreditar que existe um criador consciente e inteligente?<\/strong><!--more--><\/p>\n<p><strong>1 &#8211;<\/strong> Porque se um criador com estas caracter\u00edsticas n\u00e3o existisse, o universo e a vida teriam que, inevitavelmente, ter surgido da obra explosiva e acidental do acaso, o que, paradoxalmente, n\u00e3o poderia produzir dois fatores que foram produzidos: constru\u00e7\u00e3o de estruturas e organiza\u00e7\u00e3o da constru\u00e7\u00e3o. Podemos exemplificar esta considera\u00e7\u00e3o na seguinte hip\u00f3tese: a explos\u00e3o de uma sala com p\u00e1ginas soltas e dispersas em todo o seu espa\u00e7o n\u00e3o poderia jamais produzir a impress\u00e3o de um livro qualquer e, nem muito menos, gerar a ordem exata de suas palavras como em um dicion\u00e1rio.<\/p>\n<p><strong>2 &#8211;<\/strong> O contr\u00e1rio desta impossibilidade chama-se <em>design inteligente<\/em>. \u00c9 s\u00f3 olhar para a estrutura constru\u00edda e observar cientificamente sua funcionalidade exata: o planeta Terra tem uma inclina\u00e7\u00e3o de 23,5 graus, o que \u00e9 ideal para haver regula\u00e7\u00e3o do calor. Se a inclina\u00e7\u00e3o fosse aumentada pra 45 graus, os ver\u00f5es seriam quentes demais e os invernos frios demais. Se a inclina\u00e7\u00e3o fosse diminu\u00edda, pra 0 graus, o equador seria quente demais, e os polos &#8211; norte e sul &#8211; seriam frios demais; se o tempo de rota\u00e7\u00e3o deste planeta fosse diminu\u00eddo em 01 d\u00e9cimo, os dias e as noites seriam 10 vezes mais longos, o que inviabilizaria progressivamente a manuten\u00e7\u00e3o da vida sob a luz solar e o frio da noite; a atmosfera terrestre tem uma espessura de 480km, o que \u00e9 ideal para impedir que a chuva di\u00e1ria de meteoritos penetre em suas camadas superiores e chegue \u00e0 nossa troposfera. Calcula-se que h\u00e1 cerca de 2 milh\u00f5es de vari\u00e1veis diretas e indiretas que permitem a exist\u00eancia da vida na Terra.<\/p>\n<p><strong>3 &#8211;<\/strong> Al\u00e9m de tudo isto, a exist\u00eancia de um criador est\u00e1 substancialmente de acordo com um postulado cient\u00edfico universalmente aceito. Se considerarmos a Lei da Biog\u00eanese de Pasteur, que diz que a vida s\u00f3 pode ser gerada a partir de outro organismo vivo, o conceito evolucionista de que a mat\u00e9ria inanimada e inorg\u00e2nica produziu vida e seres vivos complexos \u00e9 desmontada categoricamente, ao passo que a teoria criacionista de que um Deus vivo pariu todas as formas de vida existentes se encaixa perfeitamente nesta lei. Enquanto a Lei da Biog\u00eanese estiver em vigor cient\u00edfico, n\u00e3o h\u00e1 outra possibilidade para a causa da bioexist\u00eancia.<\/p>\n<p><strong>4 &#8211;<\/strong> Por que se eu n\u00e3o acreditar que existe um criador consciente e inteligente, eu, inevitavelmente, s\u00f3 poderei acreditar que a raz\u00e3o da minha exist\u00eancia \u00e9 o produto de uma casualidade, o que, consequentemente, deve me levar a concluir que a minha cren\u00e7a \u00e9 um subproduto do acaso, o que, coerentemente, precisa me convencer de que n\u00e3o \u00e9 razoavelmente inteligente acreditar que pensamentos desta natureza, isto \u00e9, subprodutos acidentais, possam ser verdadeiros no que tange ao primeiro acidente. Seria como esperar que a forma acidental tomada pelo leite esparramado pelo ch\u00e3o, quando voc\u00ea deixa cair a jarra, pudesse explicar como a jarra foi feita e porque ela caiu.<\/p>\n<p><strong>Por que preciso crer que este criador \u00e9 o Deus revelado na B\u00edblia?<\/strong><\/p>\n<p><strong>1 &#8211;<\/strong> Se a B\u00edblia, de fato, revela a exist\u00eancia de um criador ou, melhor, se este criador, que se autoproclama como Deus, se revelou por meio da B\u00edblia, ent\u00e3o, esta fonte autobiogr\u00e1fica, necessariamente, precisa apresentar em seu conte\u00fado dados fidedignos no que concerne \u00e0 obra deste criador. Falo do universo e da natureza. Se houver uma \u00fanica informa\u00e7\u00e3o cient\u00edfica inver\u00eddica sequer na B\u00edblia, isto pode ser o suficiente para desacredit\u00e1-la por completo. Fa\u00e7o o desafio:<br \/>\nO c\u00e1lculo mais preciso a respeito do tamanho do Sol concluiu que o nosso &#8220;astro rei&#8221; tem 696.342 quil\u00f4metros de raio \u2013 com margem de erro de 65 km, ao passo que a Lua, nosso sat\u00e9lite natural, tem um di\u00e2metro de aproximadamente 3.476 km. Portanto, o Sol \u00e9 consideravelmente maior que a Lua. E \u00e9 exatamente isto que a B\u00edblia afirma: <em>&#8220;<\/em>Fez Deus os dois grande luzeiros: o MAIOR para governar o dia, e o MENOR para governar a noite; e fez tamb\u00e9m as estrelas.&#8221; (G\u00eanesis 1:16)<br \/>\nAt\u00e9 1687, quando Isaac Newton descobriu &#8220;a lei da gravita\u00e7\u00e3o universal&#8221; e provou que a terra flutua no universo, as pessoas n\u00e3o acreditavam neste fato com tanta veem\u00eancia. O interessante \u00e9 que esta descoberta j\u00e1 estava patenteada na B\u00edblia: &#8220;Ele estende o norte sobre o vazio e faz pairar a terra sobre o nada.&#8221;\u00a0 (J\u00f3 26:7)<br \/>\nAntes mesmo do navegador Fern\u00e3o de Magalh\u00e3es comprovar a teoria de Nicolau Cop\u00e9rnico em paralelo com Galileu Galilei, que asseverava que a Terra \u00e9 redonda, a B\u00edblia repetiu a veracidade deste fato por tr\u00eas vezes, embora alguns fil\u00f3sofos gregos tenham levantado hip\u00f3teses nesta mesma dire\u00e7\u00e3o: &#8220;Tra\u00e7ou um c\u00edrculo \u00e0 superf\u00edcie das \u00e1guas, at\u00e9 os confins da luz e das trevas.&#8221; (J\u00f3 26:10). &#8220;Ele \u00e9 o que est\u00e1 assentado sobre a redondeza da terra, cujos moradores s\u00e3o como gafanhotos; \u00e9 ele quem estende os c\u00e9us como cortina e os desenrola como tenda para neles habitar&#8221; (Isa\u00edas 40:22)<br \/>\nSer\u00e1 razo\u00e1vel acreditar que todas estas assevera\u00e7\u00f5es foram produzidas a partir de uma observa\u00e7\u00e3o primitiva ou que representam um conjunto de golpes de sorte perfeitamente certeiros? \u00c9 \u00f3bvio que n\u00e3o. Este conjunto de informa\u00e7\u00f5es s\u00f3 pode ser fruto de revela\u00e7\u00e3o por parte do criador, assim como s\u00f3 um relojoeiro pode apresentar os detalhes de seus rel\u00f3gios de forma t\u00e3o &#8220;acertiva&#8221;. E isto n\u00e3o \u00e9 tudo. Portanto, convido voc\u00ea a ir al\u00e9m e continuar perscrutado a ci\u00eancia contida na B\u00edblia a fim de experiment\u00e1-la mediante crivos cient\u00edficos universalmente aceitos.<br \/>\n<strong>2 &#8211;<\/strong> Iniciado formalmente em 1990, O Projeto Genoma Humano foi coordenado por 13 anos pelo Departamento de Energia do Instituto Nacional de Sa\u00fade dos Estados Unidos. O projeto originalmente foi planejado para ser completado em 15 anos, mas o desenvolvimento da tecnologia acelerou seu final para 2003. As principais metas do Projeto Genoma Humano foram: identificar todos os genes humanos; determinar a sequ\u00eancia dos cerca de 3,2 bilh\u00f5es de pares de bases que comp\u00f5em o genoma do Homo sapiens; armazenar a informa\u00e7\u00e3o em bancos de dados. Voc\u00ea sabe qual foi a \u00faltima e mais importante conclus\u00e3o do PGH? Leia voc\u00ea mesmo: \u201cO verdadeiro Ad\u00e3o viveu na \u00c1frica, cientistas sustentam que toda a humanidade descende de um ancestral comum.\u201d (Jornal O Globo, de 25 de dezembro de 2002, Coluna: Ci\u00eancia e Vida). Dispensa coment\u00e1rios.<\/p>\n<p><strong>3 &#8211;<\/strong> Considerando que o epis\u00f3dio da &#8220;Ressurrei\u00e7\u00e3o de Jesus&#8221; \u00e9 a centelha primordial que d\u00e1 vaz\u00e3o \u00e0 formula\u00e7\u00e3o do cristianismo, vou indicar aspectos historicamente relevantes em seu contexto, a fim de que a realidade deste evento seja exposta por meio de par\u00e2metros l\u00f3gicos. O que vou demonstrar, portanto, prova que, em hip\u00f3tese alguma, houve um compl\u00f4 para arranjar e forjar a poss\u00edvel ressurrei\u00e7\u00e3o de Cristo:<\/p>\n<p>Em primeiro lugar, o fato da narra\u00e7\u00e3o do epis\u00f3dio da ressurrei\u00e7\u00e3o se d\u00e1 em quatro fontes diferentes (Evangelhos de Mateus, Marcos, Lucas e Jo\u00e3o), permitiu que houvesse pequenas discrep\u00e2ncias entre uma fonte e outra, como a quantidade de mulheres e anjos presentes no epis\u00f3dio. Assim, se os disc\u00edpulos quisessem montar uma hist\u00f3ria irreal de ressurrei\u00e7\u00e3o, eles entrariam em acordo para jamais deixar que estas contradi\u00e7\u00f5es existissem, ou seja, elas s\u00f3 existem porque, ao observar um fato qualquer, \u00e9 natural que haja o fator &#8220;ponto de vista&#8221;, que diferencia um testemunho do outro (Mateus 28:1-10; Marcos 16:1-8; Lucas 24:1-12; Jo\u00e3o 20:1-10).<\/p>\n<p>Al\u00e9m disto, os quatro evangelistas afirmam que as primeiras pessoas que testemunharam a Ressurrei\u00e7\u00e3o de Jesus foram mulheres. Entretanto, at\u00e9 o primeiro s\u00e9culo, as mulheres n\u00e3o tinham um depoimento v\u00e1lido perante um tribunal, isto \u00e9, n\u00e3o tinham qualquer credibilidade para serem testemunhas. Novamente, se os 11 disc\u00edpulos desejassem produzir um falso acontecimento a fim de aliciar mais fi\u00e9is, eles nunca escreveriam que foram mulheres as testemunhas que presenciaram os primeiros momentos da ressurrei\u00e7\u00e3o.<\/p>\n<p>Em terceiro lugar, que Jesus morreu crucificado, at\u00e9 os mais acirrados c\u00e9ticos e cr\u00edticos da literatura b\u00edblica s\u00e3o categ\u00f3ricos em concordar. Ent\u00e3o, dizem estes te\u00f3ricos, que os disc\u00edpulos de Cristo, para apagarem a vergonha da cruz para o cristianismo, tentaram reverter o quadro, tecendo o epis\u00f3dio da ressurrei\u00e7\u00e3o. Ora, isto seria uma estupidez dantesca, pois nenhuma na\u00e7\u00e3o ou cosmovis\u00e3o religiosa daquele tempo aceitava a ressurrei\u00e7\u00e3o como uma possibilidade. Em vez disto, os disc\u00edpulos, com certeza, escolheriam a metempsicose ou teoria da transmigra\u00e7\u00e3o da alma, acolhendo os eg\u00edpcios, gregos, romanos, pitag\u00f3ricos etc, ou a imortalidade da alma, ganhando os plat\u00f4nicos, ou ainda mesmo a reencarna\u00e7\u00e3o, convencendo a civiliza\u00e7\u00e3o persa, dentre outras. A ressurrei\u00e7\u00e3o era uma doutrina rejeitada por todos os fil\u00f3sofos e te\u00f3logos de todas as culturas do primeiro s\u00e9culo.<\/p>\n<p>Os m\u00e9dicos judeus eram recorrentes em acreditar que um corpo inconsciente, embora pudesse estar morto, poderia tamb\u00e9m estar em coma revers\u00edvel at\u00e9 no m\u00e1ximo tr\u00eas dias. Se os disc\u00edpulos de Jesus quisessem pleitear sua ressurrei\u00e7\u00e3o de forma criminosa, eles n\u00e3o colocariam o intervalo entre a morte e a ressurrei\u00e7\u00e3o de Jesus em um prazo compreendido de tr\u00eas dias, mas no m\u00ednimo de cinco dias.<\/p>\n<p><strong>4 &#8211; <\/strong>Jesus possui uma influ\u00eancia singular em todas as cosmovis\u00f5es religiosas de grande porte posteriores a ele. Aparentemente, nenhuma religi\u00e3o depois do primeiro s\u00e9culo conseguiu consolidar suas doutrinas sem se deixar levar pelas bandeiras \u00edmpares que Jesus Cristo levantou. O Espiritismo de Allan Kardec tem Jesus em seu &#8220;Livro dos Esp\u00edritos&#8221;; O Livro de M\u00f3rmon conseguiu criar outro evangelho, por\u00e9m, sem se desvincular da pessoa de Cristo; O Alcor\u00e3o registra que Jesus foi o pen\u00faltimo profeta enviado por Deus ao mundo, ou seja, o \u00faltimo antes de Maom\u00e9. O budismo e o hindu\u00edsmo, por serem anteriores \u00e0 Cristo, n\u00e3o o mencionam em seus escritos, embora o tratem como mestre indispens\u00e1vel \u00e0 hist\u00f3ria. E falando em hist\u00f3ria, \u00e9 o nascimento de Jesus (um homem qualquer?) que a divide. \u00c9 a cruz que est\u00e1 pregada em tribunais de justi\u00e7a mesmo em pa\u00edses laicos como o nosso; \u00e9 sobre a B\u00edblia que juram as testemunhas dos crimes julgados. Tudo isto me parece o cumprimento progressivo de uma profecia que o pr\u00f3prio Jesus proferiu a respeito de si mesmo: &#8220;E eu, quando for levantado da terra, atrairei todos a mim mesmo. Isto dizia, significando de que g\u00eanero de morte estava para morrer.&#8221; (Jo\u00e3o 12:32,33).<\/p>\n<p><strong>\u2022 Marlon Teixeira<\/strong>, 22 anos, \u00e9 de Ipatinga, MG.<\/p>\n<p>Foto: Freeimages<\/p>\n","protected":false},"excerpt":{"rendered":"<p>Por Marlon Teixeira A princ\u00edpio, preciso dizer que o motivo de eu ser crist\u00e3o ancora-se em uma f\u00e9 pessoal e intransfer\u00edvel concedida a mim pelo Esp\u00edrito Santo. Neste sentido, a f\u00e9 me prova a exist\u00eancia da divindade judaico-crist\u00e3, por\u00e9m, pelo fato da f\u00e9 ser um tipo singular de evid\u00eancia, ou seja, por ela provar somente [&hellip;]<\/p>\n","protected":false},"author":19,"featured_media":0,"comment_status":"open","ping_status":"open","sticky":false,"template":"","format":"standard","meta":{"ngg_post_thumbnail":0,"footnotes":""},"categories":[6054],"tags":[11694,5411,18410,5536],"class_list":["post-4263","post","type-post","status-publish","format-standard","hentry","category-textos","tag-apologetica","tag-cristianismo","tag-defesa-da-fe","tag-fe"],"_links":{"self":[{"href":"https:\/\/ultimato.com.br\/sites\/jovem\/wp-json\/wp\/v2\/posts\/4263","targetHints":{"allow":["GET"]}}],"collection":[{"href":"https:\/\/ultimato.com.br\/sites\/jovem\/wp-json\/wp\/v2\/posts"}],"about":[{"href":"https:\/\/ultimato.com.br\/sites\/jovem\/wp-json\/wp\/v2\/types\/post"}],"author":[{"embeddable":true,"href":"https:\/\/ultimato.com.br\/sites\/jovem\/wp-json\/wp\/v2\/users\/19"}],"replies":[{"embeddable":true,"href":"https:\/\/ultimato.com.br\/sites\/jovem\/wp-json\/wp\/v2\/comments?post=4263"}],"version-history":[{"count":2,"href":"https:\/\/ultimato.com.br\/sites\/jovem\/wp-json\/wp\/v2\/posts\/4263\/revisions"}],"predecessor-version":[{"id":4266,"href":"https:\/\/ultimato.com.br\/sites\/jovem\/wp-json\/wp\/v2\/posts\/4263\/revisions\/4266"}],"wp:attachment":[{"href":"https:\/\/ultimato.com.br\/sites\/jovem\/wp-json\/wp\/v2\/media?parent=4263"}],"wp:term":[{"taxonomy":"category","embeddable":true,"href":"https:\/\/ultimato.com.br\/sites\/jovem\/wp-json\/wp\/v2\/categories?post=4263"},{"taxonomy":"post_tag","embeddable":true,"href":"https:\/\/ultimato.com.br\/sites\/jovem\/wp-json\/wp\/v2\/tags?post=4263"}],"curies":[{"name":"wp","href":"https:\/\/api.w.org\/{rel}","templated":true}]}}