{"id":4222,"date":"2015-07-08T09:20:46","date_gmt":"2015-07-08T12:20:46","guid":{"rendered":"http:\/\/ultimato.com.br\/sites\/jovem\/?p=4222"},"modified":"2015-07-08T10:57:23","modified_gmt":"2015-07-08T13:57:23","slug":"um-caminho-sem-volta","status":"publish","type":"post","link":"https:\/\/ultimato.com.br\/sites\/jovem\/2015\/07\/08\/um-caminho-sem-volta\/","title":{"rendered":"Um caminho sem volta"},"content":{"rendered":"<p><a href=\"http:\/\/ultimato.com.br\/sites\/jovem\/files\/2015\/07\/Ult_Jovem_08_07_15_Caminho_sem_volta.jpg\" class=\"lightview\" data-lightview-group=\"group-4222\" data-lightview-options=\"skin: 'dark', controls: 'relative', padding: '10', shadow: { color: '#000000', opacity: 0.08, blur: 3 }\"><img loading=\"lazy\" decoding=\"async\" class=\"alignright size-full wp-image-4223\" src=\"http:\/\/ultimato.com.br\/sites\/jovem\/files\/2015\/07\/Ult_Jovem_08_07_15_Caminho_sem_volta.jpg\" alt=\"Ult_Jovem_08_07_15_Caminho_sem_volta\" width=\"357\" height=\"238\" srcset=\"https:\/\/ultimato.com.br\/sites\/jovem\/files\/2015\/07\/Ult_Jovem_08_07_15_Caminho_sem_volta.jpg 357w, https:\/\/ultimato.com.br\/sites\/jovem\/files\/2015\/07\/Ult_Jovem_08_07_15_Caminho_sem_volta-300x200.jpg 300w, https:\/\/ultimato.com.br\/sites\/jovem\/files\/2015\/07\/Ult_Jovem_08_07_15_Caminho_sem_volta-150x100.jpg 150w\" sizes=\"auto, (max-width: 357px) 100vw, 357px\" \/><\/a>Na vida e no minist\u00e9rio h\u00e1 muitos momentos distintos. Eclesiastes retrata bem essas nuances no cap\u00edtulo tr\u00eas, no conhecido texto sobre o \u201ctempo\u201d.<\/p>\n<p>A maneira como lidamos com essas mudan\u00e7as \u00e9 determinante para o que viveremos \u00e0 frente. Alguns momentos mais tensos, outros mais suaves; alguns mais agitados, outros mais tranquilos; alguns (espero que muitos) alegres, outros mais tristes, e assim vamos vivendo, refletindo, avaliando e prosseguindo.<\/p>\n<p>Prosseguir \u00e9 uma palavra-chave. Depois de certo tempo de caminhada e alguns inesperados obst\u00e1culos, alguns costumam repensar os seus caminhos. Esta \u00e9 uma tarefa importante e arriscada para aqueles que responderam ao \u201cchamado que um dia, tu fizeste a mim, e ao qual sem hesitar, eu disse sim\u201d.<\/p>\n<p>O chamado exige ren\u00fancia. O chamado anuncia perdas. O chamado declara a op\u00e7\u00e3o pelo possivelmente menos popular. O chamado demanda sacrif\u00edcio. O chamado assume a possibilidade de maiores dificuldades pelo caminho.<!--more--><\/p>\n<p>E por isso que se torna arriscado. Pois muitos dos chamados, ao olhar para tr\u00e1s nessa reflex\u00e3o, acabam esquecendo-se de olhar para frente novamente. A\u00ed, o trope\u00e7o \u00e9 inevit\u00e1vel. Olhar para tr\u00e1s \u00e9 importante, mas viver andando de costas \u00e9 loucura.<\/p>\n<p>Entre tantas poss\u00edveis escolhas negativas, por que n\u00e3o voltar atr\u00e1s, ou por que olhar para frente novamente?<\/p>\n<p>Porque o chamado \u00e9, tamb\u00e9m, resultado de paix\u00e3o. Avassaladora, incontrol\u00e1vel, inevit\u00e1vel.<\/p>\n<p>Porque o chamado tem origem nAquele que tem uma voz irresist\u00edvel e uma vontade que \u00e9 boa, perfeita e agrad\u00e1vel;<\/p>\n<p>Porque o chamado traz, como fruto, uma riqueza invis\u00edvel, mas imperec\u00edvel; intoc\u00e1vel, mas intransfer\u00edvel; inimagin\u00e1vel, mas infinita; inexplic\u00e1vel, mas irresist\u00edvel.<\/p>\n<p>\u00c9, enfim, um caminho sem volta, independentemente dos percal\u00e7os, obst\u00e1culos e trope\u00e7os. \u00c9 loucura sim, mas \u00e9 vida. E, de uma coisa estou certo: os momentos n\u00e3o determinam mais o meu chamado, mas fortalecem o caminho que foi escolhido para eu seguir.<\/p>\n<p>Inspirado pelo ap\u00f3stolo Paulo em II Cor\u00edntios 11:16, olho para tr\u00e1s e vejo as marcas que j\u00e1 recebi; olho pra frente e percebo que muitas est\u00e3o por vir. Olho para os c\u00e9us e s\u00f3 posso dizer uma coisa: eis-me aqui<strong><em>.<\/em><\/strong><\/p>\n<ul>\n<li><strong> Rodolfo Gois<\/strong> \u00e9 diretor pastoral do TeenStreet Brasil, pastor da IPIB de Maring\u00e1, PR, e integra a equipe executiva do <a href=\"http:\/\/www.vocare.org.br\" target=\"_blank\">Vocare<\/a>.<\/li>\n<\/ul>\n","protected":false},"excerpt":{"rendered":"<p>Na vida e no minist\u00e9rio h\u00e1 muitos momentos distintos. Eclesiastes retrata bem essas nuances no cap\u00edtulo tr\u00eas, no conhecido texto sobre o \u201ctempo\u201d. A maneira como lidamos com essas mudan\u00e7as \u00e9 determinante para o que viveremos \u00e0 frente. Alguns momentos mais tensos, outros mais suaves; alguns mais agitados, outros mais tranquilos; alguns (espero que muitos) [&hellip;]<\/p>\n","protected":false},"author":19,"featured_media":0,"comment_status":"open","ping_status":"open","sticky":false,"template":"","format":"standard","meta":{"ngg_post_thumbnail":0,"footnotes":""},"categories":[6054],"tags":[7619,5350,5500,13874],"class_list":["post-4222","post","type-post","status-publish","format-standard","hentry","category-textos","tag-caminho","tag-chamado","tag-escolhas","tag-rodolfo-gois"],"_links":{"self":[{"href":"https:\/\/ultimato.com.br\/sites\/jovem\/wp-json\/wp\/v2\/posts\/4222","targetHints":{"allow":["GET"]}}],"collection":[{"href":"https:\/\/ultimato.com.br\/sites\/jovem\/wp-json\/wp\/v2\/posts"}],"about":[{"href":"https:\/\/ultimato.com.br\/sites\/jovem\/wp-json\/wp\/v2\/types\/post"}],"author":[{"embeddable":true,"href":"https:\/\/ultimato.com.br\/sites\/jovem\/wp-json\/wp\/v2\/users\/19"}],"replies":[{"embeddable":true,"href":"https:\/\/ultimato.com.br\/sites\/jovem\/wp-json\/wp\/v2\/comments?post=4222"}],"version-history":[{"count":3,"href":"https:\/\/ultimato.com.br\/sites\/jovem\/wp-json\/wp\/v2\/posts\/4222\/revisions"}],"predecessor-version":[{"id":4226,"href":"https:\/\/ultimato.com.br\/sites\/jovem\/wp-json\/wp\/v2\/posts\/4222\/revisions\/4226"}],"wp:attachment":[{"href":"https:\/\/ultimato.com.br\/sites\/jovem\/wp-json\/wp\/v2\/media?parent=4222"}],"wp:term":[{"taxonomy":"category","embeddable":true,"href":"https:\/\/ultimato.com.br\/sites\/jovem\/wp-json\/wp\/v2\/categories?post=4222"},{"taxonomy":"post_tag","embeddable":true,"href":"https:\/\/ultimato.com.br\/sites\/jovem\/wp-json\/wp\/v2\/tags?post=4222"}],"curies":[{"name":"wp","href":"https:\/\/api.w.org\/{rel}","templated":true}]}}