{"id":4218,"date":"2015-07-08T08:54:45","date_gmt":"2015-07-08T11:54:45","guid":{"rendered":"http:\/\/ultimato.com.br\/sites\/jovem\/?p=4218"},"modified":"2015-07-08T10:59:03","modified_gmt":"2015-07-08T13:59:03","slug":"quer-uma-revista-ultimato","status":"publish","type":"post","link":"https:\/\/ultimato.com.br\/sites\/jovem\/2015\/07\/08\/quer-uma-revista-ultimato\/","title":{"rendered":"Quer uma revista Ultimato?"},"content":{"rendered":"<p><a href=\"http:\/\/ultimato.com.br\/sites\/jovem\/files\/2015\/07\/image.png\" class=\"lightview\" data-lightview-group=\"group-4218\" data-lightview-options=\"skin: 'dark', controls: 'relative', padding: '10', shadow: { color: '#000000', opacity: 0.08, blur: 3 }\"><img loading=\"lazy\" decoding=\"async\" class=\"alignright wp-image-4219 size-full\" src=\"http:\/\/ultimato.com.br\/sites\/jovem\/files\/2015\/07\/image.png\" alt=\"image\" width=\"363\" height=\"193\" srcset=\"https:\/\/ultimato.com.br\/sites\/jovem\/files\/2015\/07\/image.png 363w, https:\/\/ultimato.com.br\/sites\/jovem\/files\/2015\/07\/image-300x160.png 300w, https:\/\/ultimato.com.br\/sites\/jovem\/files\/2015\/07\/image-150x80.png 150w\" sizes=\"auto, (max-width: 363px) 100vw, 363px\" \/><\/a> Voc\u00ea ainda n\u00e3o leu a revista <strong>Ultimato<\/strong>? E mesmo que tenha lido, gostaria de presentear um amigo ou amiga com um exemplar da revista? Aproveite esta chance. A editora est\u00e1 oferecendo a edi\u00e7\u00e3o 355 \u201cVoca\u00e7\u00e3o e Juventude\u201d como cortesia para quem n\u00e3o \u00e9 assinante.<\/p>\n<p>Para isso, basta preencher os dados do referido leitor neste <a href=\"http:\/\/editoraultimato.com.br\/2015\/assinatura\/cortesia\/\">link<\/a>. Tamb\u00e9m nesta p\u00e1gina, voc\u00ea ter\u00e1 detalhes do regulamento. A promo\u00e7\u00e3o \u00e9 v\u00e1lida somente para o territ\u00f3rio brasileiro.<\/p>\n<p>Aproveite!<\/p>\n<p><strong>Nota:<\/strong><br \/>\nNa pr\u00f3xima semana, a vers\u00e3o eletr\u00f4nica estar\u00e1 dispon\u00edvel somente para os assinantes no Portal Ultimato.<\/p>\n<p>&nbsp;<\/p>\n","protected":false},"excerpt":{"rendered":"<p>Voc\u00ea ainda n\u00e3o leu a revista Ultimato? E mesmo que tenha lido, gostaria de presentear um amigo ou amiga com um exemplar da revista? Aproveite esta chance. A editora est\u00e1 oferecendo a edi\u00e7\u00e3o 355 \u201cVoca\u00e7\u00e3o e Juventude\u201d como cortesia para quem n\u00e3o \u00e9 assinante. Para isso, basta preencher os dados do referido leitor neste link. [&hellip;]<\/p>\n","protected":false},"author":19,"featured_media":0,"comment_status":"open","ping_status":"open","sticky":false,"template":"","format":"standard","meta":{"ngg_post_thumbnail":0,"footnotes":""},"categories":[5152],"tags":[157,5953,22831,16533],"class_list":["post-4218","post","type-post","status-publish","format-standard","hentry","category-altas-indicacoes","tag-juventude","tag-revista-ultimato","tag-ultimato-355","tag-vocacao"],"_links":{"self":[{"href":"https:\/\/ultimato.com.br\/sites\/jovem\/wp-json\/wp\/v2\/posts\/4218","targetHints":{"allow":["GET"]}}],"collection":[{"href":"https:\/\/ultimato.com.br\/sites\/jovem\/wp-json\/wp\/v2\/posts"}],"about":[{"href":"https:\/\/ultimato.com.br\/sites\/jovem\/wp-json\/wp\/v2\/types\/post"}],"author":[{"embeddable":true,"href":"https:\/\/ultimato.com.br\/sites\/jovem\/wp-json\/wp\/v2\/users\/19"}],"replies":[{"embeddable":true,"href":"https:\/\/ultimato.com.br\/sites\/jovem\/wp-json\/wp\/v2\/comments?post=4218"}],"version-history":[{"count":3,"href":"https:\/\/ultimato.com.br\/sites\/jovem\/wp-json\/wp\/v2\/posts\/4218\/revisions"}],"predecessor-version":[{"id":4227,"href":"https:\/\/ultimato.com.br\/sites\/jovem\/wp-json\/wp\/v2\/posts\/4218\/revisions\/4227"}],"wp:attachment":[{"href":"https:\/\/ultimato.com.br\/sites\/jovem\/wp-json\/wp\/v2\/media?parent=4218"}],"wp:term":[{"taxonomy":"category","embeddable":true,"href":"https:\/\/ultimato.com.br\/sites\/jovem\/wp-json\/wp\/v2\/categories?post=4218"},{"taxonomy":"post_tag","embeddable":true,"href":"https:\/\/ultimato.com.br\/sites\/jovem\/wp-json\/wp\/v2\/tags?post=4218"}],"curies":[{"name":"wp","href":"https:\/\/api.w.org\/{rel}","templated":true}]}}