{"id":4210,"date":"2015-07-06T09:38:23","date_gmt":"2015-07-06T12:38:23","guid":{"rendered":"http:\/\/ultimato.com.br\/sites\/jovem\/?p=4210"},"modified":"2015-07-06T09:38:23","modified_gmt":"2015-07-06T12:38:23","slug":"tenho-medo-sou-homossexual","status":"publish","type":"post","link":"https:\/\/ultimato.com.br\/sites\/jovem\/2015\/07\/06\/tenho-medo-sou-homossexual\/","title":{"rendered":"\u201cTenho medo, sou homossexual\u201d"},"content":{"rendered":"<div id=\"attachment_4212\" style=\"width: 709px\" class=\"wp-caption aligncenter\"><a href=\"http:\/\/ultimato.com.br\/sites\/jovem\/files\/2015\/07\/garoto.jpg\" class=\"lightview\" data-lightview-group=\"group-4210\" data-lightview-options=\"skin: 'dark', controls: 'relative', padding: '10', shadow: { color: '#000000', opacity: 0.08, blur: 3 }\"><img loading=\"lazy\" decoding=\"async\" aria-describedby=\"caption-attachment-4212\" class=\"wp-image-4212 size-full\" src=\"http:\/\/ultimato.com.br\/sites\/jovem\/files\/2015\/07\/garoto.jpg\" alt=\"garoto\" width=\"699\" height=\"420\" srcset=\"https:\/\/ultimato.com.br\/sites\/jovem\/files\/2015\/07\/garoto.jpg 699w, https:\/\/ultimato.com.br\/sites\/jovem\/files\/2015\/07\/garoto-300x180.jpg 300w, https:\/\/ultimato.com.br\/sites\/jovem\/files\/2015\/07\/garoto-150x90.jpg 150w\" sizes=\"auto, (max-width: 699px) 100vw, 699px\" \/><\/a><p id=\"caption-attachment-4212\" class=\"wp-caption-text\">Posted by Humans of New York on Sexta, 3 de julho de 2015<\/p><\/div>\n<p>Esta foto, como milhares de outras, est\u00e1 percorrendo as redes sociais e gerando sentimentos diversos no cora\u00e7\u00e3o dos espectadores. A l\u00e1grima de uma crian\u00e7a pode dizer muita coisa. Imersas num mundo de muita informa\u00e7\u00e3o, excessos de confus\u00e3o, din\u00e2micas agitadas, rotinas aceleradas, nossas crian\u00e7as se perdem muitas vezes sem refer\u00eancias, sem maturidade emocional, e sem um ref\u00fagio, um lugar de seguran\u00e7a.<\/p>\n<p>Essa l\u00e1grima j\u00e1 tem nome, essa n\u00e3o \u00e9 de pirra\u00e7a, de uma paix\u00e3o infantil, de um cora\u00e7\u00e3o partido. Essa l\u00e1grima n\u00e3o \u00e9 de saudades de casa, n\u00e3o \u00e9 por ter ido mal na escola, essa l\u00e1grima n\u00e3o \u00e9 de fome. Se uma crian\u00e7a sofre por uma condi\u00e7\u00e3o sobre si, que ela n\u00e3o tem controle, penso que muito mais pode haver por tr\u00e1s dessa singela l\u00e1grima e fei\u00e7\u00e3o de tristeza.<!--more--><\/p>\n<p>Lares disfuncionais, m\u00e3e autorit\u00e1rias, pais passivos, pais ausentes, falta de um amor paternal, a falta de uma refer\u00eancia materna, viol\u00eancias dom\u00e9sticas, traumas, abusos visuais, abusos verbais, bullying\u2019s, abusos sexuais, mentiras, extremos, pris\u00f5es. Tudo isso e muito mais pode estar escondido nessa l\u00e1grima, que silenciosamente escorre pelo rosto, rosto juvenil, pela lisa, l\u00e1grima que arranha e expressa um grito de socorro, que na maioria das vezes nunca chega a ser ouvido.<\/p>\n<p>A legenda que segue a foto diz: \u201cEu sou homossexual e estou com medo sobre o que ser\u00e1 do meu futuro e de que as pessoas n\u00e3o v\u00e3o gostar de mim\u201d. Na tentativa de consol\u00e1-lo, eu o abra\u00e7aria. Tentaria dizer a ele algo que trouxesse esperan\u00e7a ao seu cora\u00e7\u00e3o. Contudo tudo seria de certa forma em v\u00e3o. Sejamos sinceros! O que esse garoto pode esperar da sociedade? O que o mundo tem para oferecer? Ele, desde t\u00e3o pequeno, j\u00e1 est\u00e1 em busca do essencial, mas assim como n\u00f3s, no mundo, nunca o encontrar\u00e1.<\/p>\n<p>Heterossexuais, homoafetivos, transexuais, travestis, m\u00e3es, pais, profissionais, mendigos, viciados, seja que r\u00f3tulo ou que t\u00edtulo voc\u00ea j\u00e1 ganhou na sociedade. Todos n\u00f3s estamos em busca de algo maior. Todos sabem que transcendem essa pele em que se habita. Todos lutam contra os temores, o vazio, as ansiedades dessa vida passageira.<\/p>\n<p>A mensagem que precisamos ouvir, que eu tentaria dizer ao menino, \u00e9 uma mensagem de amor. Mas me entenda, n\u00e3o estou me referindo a esse amor barato vendido em toda esquina. N\u00e3o falo desse amor irrespons\u00e1vel e permissivo que mais mata do que cura. N\u00e3o falo de um amor humano e vazio, emo\u00e7\u00f5es passageiras, um falso senso de bondade. N\u00e3o se iluda com esses.<\/p>\n<p>Acredito na fonte de todo amor. Num amor sacrificial, num amor completo, num amor redentor.<\/p>\n<p>Fomos criados em amor, com a liberdade de sermos quem somos, e diante o desejo de ser como Deus, nos afastamos de Deus. Pecamos, ferimos a santidade do Ser Perfeito e Santo. Daquele que habita no alto.<\/p>\n<p>Sofremos, fomos como homens, como ra\u00e7a, condenados. \u201cN\u00e3o h\u00e1 um bom se quer\u201d. Aquele que soprou o f\u00f4lego da vida cessou de soprar. O galho que frutificava foi cortado da \u00e1rvore e sab\u00edamos e sabemos que o fim do galho \u00e9 a sequid\u00e3o, \u00e9 a morte e lenha que queima ao fogo.<\/p>\n<p>A esperan\u00e7a para n\u00f3s, para nosso vazio, o essencial, o al\u00edvio, o caminho, a vida, o amor se personifica em Jesus. O pr\u00f3prio Deus tanto amou que se fez homem e sofreu, morreu e ressuscitou. Havia um pre\u00e7o a ser pago. A justi\u00e7a precisava ser feita e foi. Jesus, o Cristo pagou o pre\u00e7o por n\u00f3s, com sua vida e seu sangue. A morte foi vencida e encontramos o amor. Hoje Nele, em Cristo, h\u00e1 uma esperan\u00e7a de vida.<\/p>\n<p>O garoto da foto, eu e voc\u00ea, jamais encontraremos o sentido pra vida, a verdadeira vida, a possibilidade de viver eternamente sem choro e nem dor, em outro caminho, em outro local.<\/p>\n<p>Realmente, a sociedade ser\u00e1 dura com voc\u00ea. Ser\u00e1 dura com o triste garoto da foto. Somente em Cristo h\u00e1 esperan\u00e7a de vida. Ele, Jesus, \u00e9 o Caminho, a Verdade e a Vida, e quem vai a Ele, de maneira alguma ele lan\u00e7a fora. Porque os que s\u00e3o Dele ouvem sua voz e o seguem. E Ele ent\u00e3o troca os fardos, traz al\u00edvio e nos convida \u00e0 vida eterna.<\/p>\n<p>&nbsp;<\/p>\n<ul>\n<li><strong>J\u00f4natan Ribeiro<\/strong>, 25 anos, membro da Terceira Igreja Presbiteriana de Belo Horizonte (MG). Atua com evangelismo em zonas de prostitui\u00e7\u00e3o de travestis em BH. Este texto foi publicado originalmente no <a href=\"https:\/\/jonatanfribeiro.wordpress.com\/2015\/07\/05\/tenho-medo-sou-homossexual\/\" target=\"_blank\">blog<\/a> do autor.<\/li>\n<\/ul>\n<p><strong>\u00a0<\/strong><\/p>\n<p>&nbsp;<\/p>\n","protected":false},"excerpt":{"rendered":"<p>Esta foto, como milhares de outras, est\u00e1 percorrendo as redes sociais e gerando sentimentos diversos no cora\u00e7\u00e3o dos espectadores. A l\u00e1grima de uma crian\u00e7a pode dizer muita coisa. Imersas num mundo de muita informa\u00e7\u00e3o, excessos de confus\u00e3o, din\u00e2micas agitadas, rotinas aceleradas, nossas crian\u00e7as se perdem muitas vezes sem refer\u00eancias, sem maturidade emocional, e sem um [&hellip;]<\/p>\n","protected":false},"author":19,"featured_media":0,"comment_status":"open","ping_status":"open","sticky":false,"template":"","format":"standard","meta":{"ngg_post_thumbnail":0,"footnotes":""},"categories":[6054],"tags":[7636,7614,5612,26677,6004],"class_list":["post-4210","post","type-post","status-publish","format-standard","hentry","category-textos","tag-etica","tag-graca","tag-homossexualidade","tag-pureza-sexual","tag-sexualidade"],"_links":{"self":[{"href":"https:\/\/ultimato.com.br\/sites\/jovem\/wp-json\/wp\/v2\/posts\/4210","targetHints":{"allow":["GET"]}}],"collection":[{"href":"https:\/\/ultimato.com.br\/sites\/jovem\/wp-json\/wp\/v2\/posts"}],"about":[{"href":"https:\/\/ultimato.com.br\/sites\/jovem\/wp-json\/wp\/v2\/types\/post"}],"author":[{"embeddable":true,"href":"https:\/\/ultimato.com.br\/sites\/jovem\/wp-json\/wp\/v2\/users\/19"}],"replies":[{"embeddable":true,"href":"https:\/\/ultimato.com.br\/sites\/jovem\/wp-json\/wp\/v2\/comments?post=4210"}],"version-history":[{"count":1,"href":"https:\/\/ultimato.com.br\/sites\/jovem\/wp-json\/wp\/v2\/posts\/4210\/revisions"}],"predecessor-version":[{"id":4213,"href":"https:\/\/ultimato.com.br\/sites\/jovem\/wp-json\/wp\/v2\/posts\/4210\/revisions\/4213"}],"wp:attachment":[{"href":"https:\/\/ultimato.com.br\/sites\/jovem\/wp-json\/wp\/v2\/media?parent=4210"}],"wp:term":[{"taxonomy":"category","embeddable":true,"href":"https:\/\/ultimato.com.br\/sites\/jovem\/wp-json\/wp\/v2\/categories?post=4210"},{"taxonomy":"post_tag","embeddable":true,"href":"https:\/\/ultimato.com.br\/sites\/jovem\/wp-json\/wp\/v2\/tags?post=4210"}],"curies":[{"name":"wp","href":"https:\/\/api.w.org\/{rel}","templated":true}]}}