{"id":4186,"date":"2015-07-01T11:23:03","date_gmt":"2015-07-01T14:23:03","guid":{"rendered":"http:\/\/ultimato.com.br\/sites\/jovem\/?p=4186"},"modified":"2015-07-02T10:58:37","modified_gmt":"2015-07-02T13:58:37","slug":"o-que-rolou-no-hangout-sobre-santidade-vocacional","status":"publish","type":"post","link":"https:\/\/ultimato.com.br\/sites\/jovem\/2015\/07\/01\/o-que-rolou-no-hangout-sobre-santidade-vocacional\/","title":{"rendered":"O que rolou no Hangout sobre Santidade Vocacional?"},"content":{"rendered":"<p><a href=\"http:\/\/ultimato.com.br\/sites\/jovem\/files\/2015\/07\/santidade_vocacional.jpg\" class=\"lightview\" data-lightview-group=\"group-4186\" data-lightview-options=\"skin: 'dark', controls: 'relative', padding: '10', shadow: { color: '#000000', opacity: 0.08, blur: 3 }\"><img loading=\"lazy\" decoding=\"async\" class=\"alignright size-medium wp-image-4187\" src=\"http:\/\/ultimato.com.br\/sites\/jovem\/files\/2015\/07\/santidade_vocacional-300x255.jpg\" alt=\"santidade_vocacional\" width=\"300\" height=\"255\" srcset=\"https:\/\/ultimato.com.br\/sites\/jovem\/files\/2015\/07\/santidade_vocacional-300x255.jpg 300w, https:\/\/ultimato.com.br\/sites\/jovem\/files\/2015\/07\/santidade_vocacional-150x127.jpg 150w, https:\/\/ultimato.com.br\/sites\/jovem\/files\/2015\/07\/santidade_vocacional.jpg 600w\" sizes=\"auto, (max-width: 300px) 100vw, 300px\" \/><\/a>\u201cVoca\u00e7\u00e3o n\u00e3o \u00e9 tudo, mas \u00e9 para todos\u201d. A declara\u00e7\u00e3o \u00e9 de Christian Gillis, um dos convidados que participou do bate papo virtual sobre \u201cSantidade Vocacional\u201d, realizado pela Alian\u00e7a Crist\u00e3 Evang\u00e9lica no dia 25 de junho. O Hangout foi mediado pelo jornalista Liss\u00e2nder Dias, editor do Portal Ultimato, e contou tamb\u00e9m com a participa\u00e7\u00e3o de Ziel Machado, Cassiano Batista e Rodrigo Gomes.<\/p>\n<p>Em suas considera\u00e7\u00f5es iniciais, Ziel Machado disse que as d\u00favidas mais comuns dos jovens est\u00e3o relacionadas com a confus\u00e3o entre voca\u00e7\u00e3o e profiss\u00e3o. \u201cOs jovens querem saber de antem\u00e3o se aquilo a que eles querem se dedicar vai produzir o sentido de satisfa\u00e7\u00e3o e significado. As pessoas n\u00e3o querem entrar em pistas falsas, elas querem entrar em caminhos nos quais possam ter certeza que fizeram a melhor escolha. Elas est\u00e3o preocupadas que suas escolhas sejam boas escolhas.\u201d<\/p>\n<p>Para Cassiano Batista, Diretor Executivo da Sepal, o problema n\u00e3o \u00e9 o chamado do Senhor. \u201cDeus nunca deixou de chamar para coisa alguma. Ele chama para fun\u00e7\u00f5es e situa\u00e7\u00f5es espec\u00edficas e uma delas \u00e9 para anunciar o Evangelho al\u00e9m das fronteiras, onde o Evangelho ainda n\u00e3o foi anunciado. O que tem acontecido \u00e9 que as pessoas que t\u00eam sido chamadas pelo Senhor n\u00e3o tem atendido esse chamado. Mas acho que estamos vivendo um bom momento, onde mais pessoas t\u00eam atendido esse chamado e tem sentido a vontade de obedecer.\u201d<\/p>\n<p>\u201cPor muito tempo n\u00f3s pensamos que as pessoas n\u00e3o faziam porque n\u00e3o queriam, mas com o tempo percebemos que eles n\u00e3o faziam porque n\u00e3o sabiam como fazer\u201d. Para Rodrigo Gomes, da Miss\u00e3o Base, \u00e9 preciso mostrar \u00e0s pessoas que existem dezenas de outras formas para se envolver em miss\u00f5es, al\u00e9m do tradicional \u201cir, orar e contribuir\u201d. \u201cQuando voc\u00ea mostra outras formas de se envolver no Reino de Deus, as pessoas t\u00eam demonstrado disposi\u00e7\u00e3o para o engajamento. Claro que ainda h\u00e1 muito a se fazer com rela\u00e7\u00e3o a voluntariado na igreja brasileira, mas acho que isso \u00e9 problema cultural no Brasil.\u201d<\/p>\n<p>Durante o bate papo, pessoas de diversas partes do pa\u00eds e at\u00e9 de outros pa\u00edses participaram enviando perguntas. Os convidados tamb\u00e9m teceram coment\u00e1rio sobre <a href=\"http:\/\/goo.gl\/gorT2Q\">Carta de Maring\u00e1<\/a>, documento final do Vocare 2015. Quer ver o que mais rolou no hangout? <a href=\"https:\/\/www.youtube.com\/watch?v=7WGAYjCOGfM\">Clique aqui<\/a> e assista ao v\u00eddeo na \u00edntegra.<\/p>\n<p><a href=\"http:\/\/ultimato.com.br\/sites\/jovem\/files\/2015\/07\/capa_ult355.jpg\" class=\"lightview\" data-lightview-group=\"group-4186\" data-lightview-options=\"skin: 'dark', controls: 'relative', padding: '10', shadow: { color: '#000000', opacity: 0.08, blur: 3 }\"><img loading=\"lazy\" decoding=\"async\" class=\"alignright wp-image-4193\" src=\"http:\/\/ultimato.com.br\/sites\/jovem\/files\/2015\/07\/capa_ult355.jpg\" alt=\"capa_ult355\" width=\"142\" height=\"186\" srcset=\"https:\/\/ultimato.com.br\/sites\/jovem\/files\/2015\/07\/capa_ult355.jpg 225w, https:\/\/ultimato.com.br\/sites\/jovem\/files\/2015\/07\/capa_ult355-114x150.jpg 114w\" sizes=\"auto, (max-width: 142px) 100vw, 142px\" \/><\/a>A edi\u00e7\u00e3o de julho\/agosto da revista Ultimato, que j\u00e1 come\u00e7ou a ser entregue, traz na capa o tema &#8220;Voca\u00e7\u00e3o e Juventude&#8221;. Al\u00e9m de uma reportagem especial sobre o Vocare 2015, o leitor encontrar\u00e1 outros textos sobre um assunto que vai de encontro \u00e0 velha pergunta: &#8220;O que eu vou ser quando crescer?&#8221;. <a href=\"http:\/\/ultimato.com.br\/sites\/blogdaultimato\/2015\/06\/24\/na-capa-da-ultimato-o-que-eu-vou-ser-quando-crescer\/\" target=\"_blank\">Leia mais<\/a> sobre a mat\u00e9ria de capa da pr\u00f3xima edi\u00e7\u00e3o da Ultimato.<\/p>\n","protected":false},"excerpt":{"rendered":"<p>\u201cVoca\u00e7\u00e3o n\u00e3o \u00e9 tudo, mas \u00e9 para todos\u201d. A declara\u00e7\u00e3o \u00e9 de Christian Gillis, um dos convidados que participou do bate papo virtual sobre \u201cSantidade Vocacional\u201d, realizado pela Alian\u00e7a Crist\u00e3 Evang\u00e9lica no dia 25 de junho. O Hangout foi mediado pelo jornalista Liss\u00e2nder Dias, editor do Portal Ultimato, e contou tamb\u00e9m com a participa\u00e7\u00e3o de [&hellip;]<\/p>\n","protected":false},"author":19,"featured_media":0,"comment_status":"open","ping_status":"open","sticky":false,"template":"","format":"standard","meta":{"ngg_post_thumbnail":0,"footnotes":""},"categories":[5152],"tags":[5350,80,16533,19276],"class_list":["post-4186","post","type-post","status-publish","format-standard","hentry","category-altas-indicacoes","tag-chamado","tag-missoes","tag-vocacao","tag-voluntariado"],"_links":{"self":[{"href":"https:\/\/ultimato.com.br\/sites\/jovem\/wp-json\/wp\/v2\/posts\/4186","targetHints":{"allow":["GET"]}}],"collection":[{"href":"https:\/\/ultimato.com.br\/sites\/jovem\/wp-json\/wp\/v2\/posts"}],"about":[{"href":"https:\/\/ultimato.com.br\/sites\/jovem\/wp-json\/wp\/v2\/types\/post"}],"author":[{"embeddable":true,"href":"https:\/\/ultimato.com.br\/sites\/jovem\/wp-json\/wp\/v2\/users\/19"}],"replies":[{"embeddable":true,"href":"https:\/\/ultimato.com.br\/sites\/jovem\/wp-json\/wp\/v2\/comments?post=4186"}],"version-history":[{"count":7,"href":"https:\/\/ultimato.com.br\/sites\/jovem\/wp-json\/wp\/v2\/posts\/4186\/revisions"}],"predecessor-version":[{"id":4195,"href":"https:\/\/ultimato.com.br\/sites\/jovem\/wp-json\/wp\/v2\/posts\/4186\/revisions\/4195"}],"wp:attachment":[{"href":"https:\/\/ultimato.com.br\/sites\/jovem\/wp-json\/wp\/v2\/media?parent=4186"}],"wp:term":[{"taxonomy":"category","embeddable":true,"href":"https:\/\/ultimato.com.br\/sites\/jovem\/wp-json\/wp\/v2\/categories?post=4186"},{"taxonomy":"post_tag","embeddable":true,"href":"https:\/\/ultimato.com.br\/sites\/jovem\/wp-json\/wp\/v2\/tags?post=4186"}],"curies":[{"name":"wp","href":"https:\/\/api.w.org\/{rel}","templated":true}]}}