{"id":4165,"date":"2015-06-26T08:36:04","date_gmt":"2015-06-26T11:36:04","guid":{"rendered":"http:\/\/ultimato.com.br\/sites\/jovem\/?p=4165"},"modified":"2015-06-26T10:11:49","modified_gmt":"2015-06-26T13:11:49","slug":"o-simbolo-de-nossa-fe-e-uma-cruz-nao-um-camaro-amarelo","status":"publish","type":"post","link":"https:\/\/ultimato.com.br\/sites\/jovem\/2015\/06\/26\/o-simbolo-de-nossa-fe-e-uma-cruz-nao-um-camaro-amarelo\/","title":{"rendered":"O s\u00edmbolo de nossa f\u00e9 \u00e9 uma cruz, n\u00e3o um camaro amarelo"},"content":{"rendered":"<p><a href=\"http:\/\/ultimato.com.br\/sites\/jovem\/files\/2015\/06\/Ult_jovem_26_06_15_Camaro.jpg\" class=\"lightview\" data-lightview-group=\"group-4165\" data-lightview-options=\"skin: 'dark', controls: 'relative', padding: '10', shadow: { color: '#000000', opacity: 0.08, blur: 3 }\"><img loading=\"lazy\" decoding=\"async\" class=\"alignright size-full wp-image-4171\" src=\"http:\/\/ultimato.com.br\/sites\/jovem\/files\/2015\/06\/Ult_jovem_26_06_15_Camaro.jpg\" alt=\"Ult_jovem_26_06_15_Camaro\" width=\"256\" height=\"192\" srcset=\"https:\/\/ultimato.com.br\/sites\/jovem\/files\/2015\/06\/Ult_jovem_26_06_15_Camaro.jpg 256w, https:\/\/ultimato.com.br\/sites\/jovem\/files\/2015\/06\/Ult_jovem_26_06_15_Camaro-150x113.jpg 150w\" sizes=\"auto, (max-width: 256px) 100vw, 256px\" \/><\/a>Ent\u00e3o um palestrante disse, referindo-se a um jantar no melhor restaurante de Nova Iorque, que desfrutara em companhia de sua esposa: \u201c\u00c9 um mimo de Deus\u201d. E foi assim que aquele mui pr\u00f3spero crist\u00e3o resolveu sua crise de valores. At\u00e9 compreendi o pobre irm\u00e3o, e em minha pr\u00f3pria crise de valores, tive consolado o cora\u00e7\u00e3o. Nossos mundos s\u00e3o muito distintos, e assim como seus \u201cmimos\u201d s\u00e3o infinitamente mais caros que os meus, sua capacidade de mimar a outros tamb\u00e9m. Vi que do meu pouco eu n\u00e3o costumo fazer muito, o que faz com que a dist\u00e2ncia existente entre n\u00f3s seja apenas algumas muitas casas decimais.<\/p>\n<p>Fico pensando no quanto \u00e9 f\u00e1cil ser um crist\u00e3o \u00e0 esquerda, em busca de uma vida simples e contente, enquanto sou apenas um universit\u00e1rio pobret\u00e3o. A juventude nos traz sonhos contraculturais, dos quais, se descuidarmo-nos, se tornar\u00e3o apenas mem\u00f3rias de um di\u00e1rio esquecido na fase adulta. \u201cNa vida real o que manda \u00e9 o dinheiro\u201d, disse um jovem conhecido, que j\u00e1 perdera a alma na busca por ganhar o mundo.<!--more--><\/p>\n<p>A tradi\u00e7\u00e3o protestante distanciou-se da mon\u00e1stica, levando-nos ao mundo para desfrut\u00e1-lo tamb\u00e9m. Libertos dos traumas asc\u00e9ticos do monasticismo, podemos nos alegrar com dan\u00e7as e boas prosas. Mas tamb\u00e9m precisamos reconhecer a grandiosa contribui\u00e7\u00e3o dos monges, devemos desconfiar das conversas que acontecem na cidade. Se outrora olh\u00e1vamos com tristeza para o corpo, hoje entramos com alegria em sua festa. N\u00e3o se desconfia mais dos pr\u00f3prios desejos. O \u201cnem tudo me conv\u00e9m\u201d fora substitu\u00eddo pelo \u201ctudo posso\u201d.<\/p>\n<p>Por\u00e9m, as marcas de uma vida de nega\u00e7\u00e3o dos prazeres, deixadas no cristianismo, pela Gra\u00e7a divina, atormentam-nos sempre os pensamentos. Por isso o conflito dos mission\u00e1rios que ouviram o citado palestrante. \u201cNum mundo como o nosso, eu tudo posso? Qual seria o limite da conta banc\u00e1ria de um crist\u00e3o?\u201d. Lembremo-nos do modo como Cristo descreve um homem que vivia para ajuntar mais e mais (\u201clouco\u201d). Loucura tamb\u00e9m \u00e9 impor como regra geral a pobreza e partilha de tudo o que tem (as manifesta\u00e7\u00f5es legalistas do cristianismo s\u00e3o sempre deturpa\u00e7\u00f5es do Evangelho &#8211; e aqui temos dois extremos legalistas, um que manda-nos n\u00e3o ter nada e outro que nos manda ter tudo). No Reino, ningu\u00e9m \u00e9 for\u00e7ado a nada, somos apenas, graciosamente, convidados a participar, contribuir e partilhar, como forma de amor a Deus (que n\u00e3o vemos), manifestando-se \u00e0 necessidade dos humanos (a quem vemos).<\/p>\n<p>Por isso \u00e9 que os for\u00e7osos apelos televisivos dos pastores-lobos de fi\u00e9is-abutres nos ofendem. Na f\u00e9 crist\u00e3, tudo se faz em obedi\u00eancia ao Cristo. Quem faz qualquer coisa por apar\u00eancia ou outro desejo que n\u00e3o provenha do amor a Cristo e sua Palavra, j\u00e1 se desviou do seguimento de Seu Mestre. Nesse ponto, fico com o te\u00f3logo su\u00ed\u00e7o Karl Barth, ao nos recomendar o afrouxamento de tudo aquilo em que antes coloc\u00e1vamos nossa esperan\u00e7a, a fim de que agora ou\u00e7amos a voz do Mestre e o sigamos.<\/p>\n<p>Acabei de passar no mestrado e anseio tornar-me um professor universit\u00e1rio. Meu sal\u00e1rio n\u00e3o ser\u00e1 mais como o da maioria dos trabalhadores. \u00c0quele tempo, meu cora\u00e7\u00e3o permanecer\u00e1 unido ao dos pobres? Ser\u00e1 que me tornarei mais um daqueles crist\u00e3os caridosos de fim de semana, que deixam cair de suas mesas migalhas de caridade, manifestando assim sua piedade marketeira? Ser\u00e1 que os \u201cmimos de Deus\u201d me cooptar\u00e3o, fazendo de minha f\u00e9 murcha e sem vida?<\/p>\n<p>N\u00e3o esque\u00e7amo-nos jamais disso (assim oro): O s\u00edmbolo de nossa f\u00e9 \u00e9 uma cruz, n\u00e3o um camaro amarelo. Sejam quais forem nossos planos, que se realizem \u201centre a manjedoura e a cruz\u201d, conforme nos disse Valdir Steuernagel, em uma conversa tida num dos espa\u00e7os de forma\u00e7\u00e3o da ABUB. Na ocasi\u00e3o, ele respondendeu a um mission\u00e1rio: \u201cN\u00e3o deixe de ler os Evangelhos, meu camarada\u201d. Referindo-se \u00e0 longa caminhada numa mesma dire\u00e7\u00e3o, Valdir nos exortou a seguirmos o caminho da cruz. \u00c9 um bom conselho de algu\u00e9m que vem combatendo o bom combate h\u00e1 anos. Como ele, outros tamb\u00e9m, que, aguardando o tesouro que est\u00e1 nos c\u00e9us, carregam na terra a marca da cruz, n\u00e3o sendo iludidos pelo brilho dourado de \u201ccamaros\u201d quaisquer.<\/p>\n<p>Imagem: By Dukenukemagain (Template:Mustangtown) [Public domain], via Wikimedia Commons.<\/p>\n<p>\u2022<strong>Gustavo\u00a0Marchetti<\/strong>, 28 anos, rec\u00e9m-casado, mestrando em Educa\u00e7\u00e3o F\u00edsica, membro da ABUB em Vit\u00f3ria &#8211; ES. \u201cGosto de dan\u00e7ar forr\u00f3, de conversas em torno da mesa e dos beijos de minha amada\u201d.<\/p>\n","protected":false},"excerpt":{"rendered":"<p>Ent\u00e3o um palestrante disse, referindo-se a um jantar no melhor restaurante de Nova Iorque, que desfrutara em companhia de sua esposa: \u201c\u00c9 um mimo de Deus\u201d. E foi assim que aquele mui pr\u00f3spero crist\u00e3o resolveu sua crise de valores. At\u00e9 compreendi o pobre irm\u00e3o, e em minha pr\u00f3pria crise de valores, tive consolado o cora\u00e7\u00e3o. [&hellip;]<\/p>\n","protected":false},"author":19,"featured_media":0,"comment_status":"open","ping_status":"open","sticky":false,"template":"","format":"standard","meta":{"ngg_post_thumbnail":0,"footnotes":""},"categories":[6054],"tags":[5416,123,111,107],"class_list":["post-4165","post","type-post","status-publish","format-standard","hentry","category-textos","tag-cruz","tag-pobreza","tag-reflexao","tag-testemunho"],"_links":{"self":[{"href":"https:\/\/ultimato.com.br\/sites\/jovem\/wp-json\/wp\/v2\/posts\/4165","targetHints":{"allow":["GET"]}}],"collection":[{"href":"https:\/\/ultimato.com.br\/sites\/jovem\/wp-json\/wp\/v2\/posts"}],"about":[{"href":"https:\/\/ultimato.com.br\/sites\/jovem\/wp-json\/wp\/v2\/types\/post"}],"author":[{"embeddable":true,"href":"https:\/\/ultimato.com.br\/sites\/jovem\/wp-json\/wp\/v2\/users\/19"}],"replies":[{"embeddable":true,"href":"https:\/\/ultimato.com.br\/sites\/jovem\/wp-json\/wp\/v2\/comments?post=4165"}],"version-history":[{"count":4,"href":"https:\/\/ultimato.com.br\/sites\/jovem\/wp-json\/wp\/v2\/posts\/4165\/revisions"}],"predecessor-version":[{"id":4172,"href":"https:\/\/ultimato.com.br\/sites\/jovem\/wp-json\/wp\/v2\/posts\/4165\/revisions\/4172"}],"wp:attachment":[{"href":"https:\/\/ultimato.com.br\/sites\/jovem\/wp-json\/wp\/v2\/media?parent=4165"}],"wp:term":[{"taxonomy":"category","embeddable":true,"href":"https:\/\/ultimato.com.br\/sites\/jovem\/wp-json\/wp\/v2\/categories?post=4165"},{"taxonomy":"post_tag","embeddable":true,"href":"https:\/\/ultimato.com.br\/sites\/jovem\/wp-json\/wp\/v2\/tags?post=4165"}],"curies":[{"name":"wp","href":"https:\/\/api.w.org\/{rel}","templated":true}]}}