{"id":4156,"date":"2015-06-24T11:42:53","date_gmt":"2015-06-24T14:42:53","guid":{"rendered":"http:\/\/ultimato.com.br\/sites\/jovem\/?p=4156"},"modified":"2015-06-24T11:54:19","modified_gmt":"2015-06-24T14:54:19","slug":"boto-fe-jesus-e-meus-vinte-e-poucos-anos","status":"publish","type":"post","link":"https:\/\/ultimato.com.br\/sites\/jovem\/2015\/06\/24\/boto-fe-jesus-e-meus-vinte-e-poucos-anos\/","title":{"rendered":"Boto f\u00e9: Jesus e meus 20 e poucos anos"},"content":{"rendered":"<p><a href=\"http:\/\/ultimato.com.br\/sites\/jovem\/files\/2015\/06\/Boto_fe_24_06-15_Jesus_20_anos.jpg\" class=\"lightview\" data-lightview-group=\"group-4156\" data-lightview-options=\"skin: 'dark', controls: 'relative', padding: '10', shadow: { color: '#000000', opacity: 0.08, blur: 3 }\"><img loading=\"lazy\" decoding=\"async\" class=\"alignright wp-image-4160\" src=\"http:\/\/ultimato.com.br\/sites\/jovem\/files\/2015\/06\/Boto_fe_24_06-15_Jesus_20_anos.jpg\" alt=\"Boto_fe_24_06-15_Jesus_20_anos\" width=\"400\" height=\"425\" srcset=\"https:\/\/ultimato.com.br\/sites\/jovem\/files\/2015\/06\/Boto_fe_24_06-15_Jesus_20_anos.jpg 428w, https:\/\/ultimato.com.br\/sites\/jovem\/files\/2015\/06\/Boto_fe_24_06-15_Jesus_20_anos-282x300.jpg 282w, https:\/\/ultimato.com.br\/sites\/jovem\/files\/2015\/06\/Boto_fe_24_06-15_Jesus_20_anos-141x150.jpg 141w\" sizes=\"auto, (max-width: 400px) 100vw, 400px\" \/><\/a>Boto f\u00e9 no \u00e1lbum pra <em>download free<\/em> do \u201cJesse Pedra Trio+1\u201d, intitulado \u201cJesus e meus 20 e poucos anos\u201d.\u00a0Para baixar as m\u00fasicas, acesse o <a href=\"http:\/\/www.jessepedra.com.br\/\">site<\/a> da banda.<\/p>\n<p>Uma vez Salom\u00e3o disse: \u201c&#8230;lembra-te do teu Criador nos dias da tua mocidade&#8230;\u201d (Ec 12.1), ou seja, quando voc\u00ea tiver seus 15..16..18&#8230;20 poucos anos&#8221;. Ele sabia que essa \u00e9 uma fase muito importante e de muitas decis\u00f5es e a decis\u00e3o de se \u201clembrar sempre de Jesus\u201d (como Paulo tamb\u00e9m diz para o jovem Tim\u00f3teo em 2 Tm 2.8), certamente \u00e9 a mais importante delas!<\/p>\n<p>As m\u00fasicas falam justamente sobre isso: juventude, alegrias, derrotas, f\u00e9 e vida com Cristo, seguindo um estilo que mistura reggae e rock. O trio \u00e9 de Bauru- SP (interiorrr) e tamb\u00e9m esta no <a href=\"http:\/\/www.facebook.com\/jessepedra\">Facebook<\/a>. Precisando da gente, \u00e9 s\u00f3 chamar!<\/p>\n<p>(\u00e9&#8230; eu sou 1\/3 do trio!)<\/p>\n<p>&nbsp;<\/p>\n<p><a href=\"http:\/\/ultimato.com.br\/sites\/jovem\/files\/2015\/06\/boto_fe_israel_felipe-reduz.jpg\" class=\"lightview\" data-lightview-group=\"group-4156\" data-lightview-options=\"skin: 'dark', controls: 'relative', padding: '10', shadow: { color: '#000000', opacity: 0.08, blur: 3 }\"><img loading=\"lazy\" decoding=\"async\" class=\"alignleft wp-image-4157\" src=\"http:\/\/ultimato.com.br\/sites\/jovem\/files\/2015\/06\/boto_fe_israel_felipe-reduz.jpg\" alt=\"boto_fe_israel_felipe - reduz\" width=\"100\" height=\"156\" srcset=\"https:\/\/ultimato.com.br\/sites\/jovem\/files\/2015\/06\/boto_fe_israel_felipe-reduz.jpg 129w, https:\/\/ultimato.com.br\/sites\/jovem\/files\/2015\/06\/boto_fe_israel_felipe-reduz-96x150.jpg 96w\" sizes=\"auto, (max-width: 100px) 100vw, 100px\" \/><\/a>\u2022 Israel Felipe, 25 anos, \u00e9 estudante de engenharia e m\u00fasico.<\/p>\n<p>&nbsp;<\/p>\n<p>&nbsp;<\/p>\n","protected":false},"excerpt":{"rendered":"<p>Boto f\u00e9 no \u00e1lbum pra download free do \u201cJesse Pedra Trio+1\u201d, intitulado \u201cJesus e meus 20 e poucos anos\u201d.\u00a0Para baixar as m\u00fasicas, acesse o site da banda. Uma vez Salom\u00e3o disse: \u201c&#8230;lembra-te do teu Criador nos dias da tua mocidade&#8230;\u201d (Ec 12.1), ou seja, quando voc\u00ea tiver seus 15..16..18&#8230;20 poucos anos&#8221;. Ele sabia que essa [&hellip;]<\/p>\n","protected":false},"author":19,"featured_media":0,"comment_status":"open","ping_status":"open","sticky":false,"template":"","format":"standard","meta":{"ngg_post_thumbnail":0,"footnotes":""},"categories":[10182],"tags":[18330,18],"class_list":["post-4156","post","type-post","status-publish","format-standard","hentry","category-boto-fe","tag-boto-fe-2","tag-musica"],"_links":{"self":[{"href":"https:\/\/ultimato.com.br\/sites\/jovem\/wp-json\/wp\/v2\/posts\/4156","targetHints":{"allow":["GET"]}}],"collection":[{"href":"https:\/\/ultimato.com.br\/sites\/jovem\/wp-json\/wp\/v2\/posts"}],"about":[{"href":"https:\/\/ultimato.com.br\/sites\/jovem\/wp-json\/wp\/v2\/types\/post"}],"author":[{"embeddable":true,"href":"https:\/\/ultimato.com.br\/sites\/jovem\/wp-json\/wp\/v2\/users\/19"}],"replies":[{"embeddable":true,"href":"https:\/\/ultimato.com.br\/sites\/jovem\/wp-json\/wp\/v2\/comments?post=4156"}],"version-history":[{"count":5,"href":"https:\/\/ultimato.com.br\/sites\/jovem\/wp-json\/wp\/v2\/posts\/4156\/revisions"}],"predecessor-version":[{"id":4164,"href":"https:\/\/ultimato.com.br\/sites\/jovem\/wp-json\/wp\/v2\/posts\/4156\/revisions\/4164"}],"wp:attachment":[{"href":"https:\/\/ultimato.com.br\/sites\/jovem\/wp-json\/wp\/v2\/media?parent=4156"}],"wp:term":[{"taxonomy":"category","embeddable":true,"href":"https:\/\/ultimato.com.br\/sites\/jovem\/wp-json\/wp\/v2\/categories?post=4156"},{"taxonomy":"post_tag","embeddable":true,"href":"https:\/\/ultimato.com.br\/sites\/jovem\/wp-json\/wp\/v2\/tags?post=4156"}],"curies":[{"name":"wp","href":"https:\/\/api.w.org\/{rel}","templated":true}]}}