{"id":4150,"date":"2015-06-22T09:03:24","date_gmt":"2015-06-22T12:03:24","guid":{"rendered":"http:\/\/ultimato.com.br\/sites\/jovem\/?p=4150"},"modified":"2015-06-22T09:03:24","modified_gmt":"2015-06-22T12:03:24","slug":"passageiro","status":"publish","type":"post","link":"https:\/\/ultimato.com.br\/sites\/jovem\/2015\/06\/22\/passageiro\/","title":{"rendered":"Passageiro"},"content":{"rendered":"<div id=\"attachment_4151\" style=\"width: 358px\" class=\"wp-caption alignright\"><a href=\"http:\/\/ultimato.com.br\/sites\/jovem\/files\/2015\/06\/Ult_jovem_22_06_15_passageiro.jpg\" class=\"lightview\" data-lightview-group=\"group-4150\" data-lightview-options=\"skin: 'dark', controls: 'relative', padding: '10', shadow: { color: '#000000', opacity: 0.08, blur: 3 }\"><img loading=\"lazy\" decoding=\"async\" aria-describedby=\"caption-attachment-4151\" class=\"size-full wp-image-4151\" src=\"http:\/\/ultimato.com.br\/sites\/jovem\/files\/2015\/06\/Ult_jovem_22_06_15_passageiro.jpg\" alt=\"Foto: Free Images\" width=\"348\" height=\"261\" srcset=\"https:\/\/ultimato.com.br\/sites\/jovem\/files\/2015\/06\/Ult_jovem_22_06_15_passageiro.jpg 348w, https:\/\/ultimato.com.br\/sites\/jovem\/files\/2015\/06\/Ult_jovem_22_06_15_passageiro-300x225.jpg 300w, https:\/\/ultimato.com.br\/sites\/jovem\/files\/2015\/06\/Ult_jovem_22_06_15_passageiro-150x113.jpg 150w\" sizes=\"auto, (max-width: 348px) 100vw, 348px\" \/><\/a><p id=\"caption-attachment-4151\" class=\"wp-caption-text\">Foto: Free Images<\/p><\/div>\n<p>No corre corre fren\u00e9tico da cidade, pulsa em mim a inquieta\u00e7\u00e3o que me mant\u00e9m acordado na alta madrugada. Tenho que enfrentar a realidade dura e fragmentada de mim mesmo.<\/p>\n<p>Observo pessoas, como que divididas em compartimentos, gritando por uma inteireza de si mesmo, cada vez mais distante.<\/p>\n<p>Vejo peda\u00e7os. Estou em peda\u00e7os. Chocado com as atrocidades que regem e ditam os rumos de todos n\u00f3s.<\/p>\n<p>Onde eu estou? Onde voc\u00ea est\u00e1? Olho no espelho buscando me enxergar por inteiro e n\u00e3o me esconder da culpa que est\u00e1 em minhas m\u00e3os.<!--more--><\/p>\n<p>Sim! Culpa disfar\u00e7ada e velada, afinal essa conta n\u00e3o \u00e9 minha, nem perten\u00e7o a esse mundo ca\u00f3tico. Sou apenas um cidad\u00e3o passageiro e estrangeiro.<\/p>\n<p>E passageiro n\u00e3o se envolve, apenas assisti e tenta sair bem na foto. Foto colorida que tenta esconder o real preto no branco.<\/p>\n<p>Somos v\u00edtimas de n\u00f3s mesmos pagando um pre\u00e7o caro pela falta de cuidado, pela deteriora\u00e7\u00e3o dos n\u00edveis de relacionamento com Deus, com o outro e com a cria\u00e7\u00e3o.<\/p>\n<p>At\u00e9 quando vou me deixar ser engolido por mim mesmo? At\u00e9 quando serei meu maior inimigo?<\/p>\n<p>Perdemos a linha, n\u00e3o enxergamos a oportunidade de regenera\u00e7\u00e3o, negligenciamos tudo a nossa volta e insistimos em olhar para nosso pr\u00f3prio umbigo. E, como cada um tem o seu, est\u00e1 tudo certo. Mas como afirmar que est\u00e1 tudo certo ou tudo errado se cada um enxerga apenas pela sua pr\u00f3pria \u00f3tica?<\/p>\n<p>Fariseu, cego, hip\u00f3crita. Opa! Eu? Eu n\u00e3o. O outro, quem sabe. E sim, aquele ali com certeza.<\/p>\n<p>Queria estar de volta ao lar. Por\u00e9m, n\u00e3o querer viver meus dias aqui, n\u00e3o seria apenas a afirma\u00e7\u00e3o de n\u00e3o ter entendido que, por mais louco e sem explica\u00e7\u00e3o que seja, h\u00e1 um sentido por detr\u00e1s de tudo?<\/p>\n<p>Este \u00e9 o grande desafio. Ao me reconhecer, passo a enxergar o outro como um igual. Algu\u00e9m que est\u00e1 em constante constru\u00e7\u00e3o, como eu, que por vezes (e por que n\u00e3o dizer na maioria das vezes?) est\u00e1 perambulando perdido pelas ruas, vielas e avenidas da vida.<\/p>\n<p>\u00c9 a hora de se permitir o resgate. O meu, o seu, o nosso. E pegar o novo caminho, desafiador, escuro, por vezes incerto, mas sem volta pelo simples e concreto fato de ter seu fim no come\u00e7o de tudo.<\/p>\n<p><strong>\u2022 Jeverton \u201cMagr\u00e3o\u201d Ledo<\/strong> \u00e9 mission\u00e1rio e pastor de jovens.<\/p>\n","protected":false},"excerpt":{"rendered":"<p>No corre corre fren\u00e9tico da cidade, pulsa em mim a inquieta\u00e7\u00e3o que me mant\u00e9m acordado na alta madrugada. Tenho que enfrentar a realidade dura e fragmentada de mim mesmo. Observo pessoas, como que divididas em compartimentos, gritando por uma inteireza de si mesmo, cada vez mais distante. Vejo peda\u00e7os. Estou em peda\u00e7os. Chocado com as [&hellip;]<\/p>\n","protected":false},"author":19,"featured_media":0,"comment_status":"open","ping_status":"open","sticky":false,"template":"","format":"standard","meta":{"ngg_post_thumbnail":0,"footnotes":""},"categories":[6054],"tags":[13866,26663,7658],"class_list":["post-4150","post","type-post","status-publish","format-standard","hentry","category-textos","tag-magrao","tag-passageiro","tag-pessoas"],"_links":{"self":[{"href":"https:\/\/ultimato.com.br\/sites\/jovem\/wp-json\/wp\/v2\/posts\/4150","targetHints":{"allow":["GET"]}}],"collection":[{"href":"https:\/\/ultimato.com.br\/sites\/jovem\/wp-json\/wp\/v2\/posts"}],"about":[{"href":"https:\/\/ultimato.com.br\/sites\/jovem\/wp-json\/wp\/v2\/types\/post"}],"author":[{"embeddable":true,"href":"https:\/\/ultimato.com.br\/sites\/jovem\/wp-json\/wp\/v2\/users\/19"}],"replies":[{"embeddable":true,"href":"https:\/\/ultimato.com.br\/sites\/jovem\/wp-json\/wp\/v2\/comments?post=4150"}],"version-history":[{"count":2,"href":"https:\/\/ultimato.com.br\/sites\/jovem\/wp-json\/wp\/v2\/posts\/4150\/revisions"}],"predecessor-version":[{"id":4153,"href":"https:\/\/ultimato.com.br\/sites\/jovem\/wp-json\/wp\/v2\/posts\/4150\/revisions\/4153"}],"wp:attachment":[{"href":"https:\/\/ultimato.com.br\/sites\/jovem\/wp-json\/wp\/v2\/media?parent=4150"}],"wp:term":[{"taxonomy":"category","embeddable":true,"href":"https:\/\/ultimato.com.br\/sites\/jovem\/wp-json\/wp\/v2\/categories?post=4150"},{"taxonomy":"post_tag","embeddable":true,"href":"https:\/\/ultimato.com.br\/sites\/jovem\/wp-json\/wp\/v2\/tags?post=4150"}],"curies":[{"name":"wp","href":"https:\/\/api.w.org\/{rel}","templated":true}]}}