{"id":4080,"date":"2015-05-27T09:36:32","date_gmt":"2015-05-27T12:36:32","guid":{"rendered":"http:\/\/ultimato.com.br\/sites\/jovem\/?p=4080"},"modified":"2015-06-10T08:51:36","modified_gmt":"2015-06-10T11:51:36","slug":"boatos-e-fatos","status":"publish","type":"post","link":"https:\/\/ultimato.com.br\/sites\/jovem\/2015\/05\/27\/boatos-e-fatos\/","title":{"rendered":"Boatos e fatos"},"content":{"rendered":"<p><em>Por Silvana Oliveira<\/em><\/p>\n<p>&nbsp;<\/p>\n<div id=\"attachment_4081\" style=\"width: 359px\" class=\"wp-caption alignright\"><a href=\"http:\/\/ultimato.com.br\/sites\/jovem\/files\/2015\/05\/UltJovem_27_05_15_Autofalante.jpg\" class=\"lightview\" data-lightview-group=\"group-4080\" data-lightview-options=\"skin: 'dark', controls: 'relative', padding: '10', shadow: { color: '#000000', opacity: 0.08, blur: 3 }\"><img loading=\"lazy\" decoding=\"async\" aria-describedby=\"caption-attachment-4081\" class=\"wp-image-4081 size-full\" src=\"http:\/\/ultimato.com.br\/sites\/jovem\/files\/2015\/05\/UltJovem_27_05_15_Autofalante.jpg\" alt=\"\" width=\"349\" height=\"349\" srcset=\"https:\/\/ultimato.com.br\/sites\/jovem\/files\/2015\/05\/UltJovem_27_05_15_Autofalante.jpg 349w, https:\/\/ultimato.com.br\/sites\/jovem\/files\/2015\/05\/UltJovem_27_05_15_Autofalante-150x150.jpg 150w, https:\/\/ultimato.com.br\/sites\/jovem\/files\/2015\/05\/UltJovem_27_05_15_Autofalante-300x300.jpg 300w, https:\/\/ultimato.com.br\/sites\/jovem\/files\/2015\/05\/UltJovem_27_05_15_Autofalante-80x80.jpg 80w\" sizes=\"auto, (max-width: 349px) 100vw, 349px\" \/><\/a><p id=\"caption-attachment-4081\" class=\"wp-caption-text\">freeimages.com\/photo\/893383<\/p><\/div>\n<p>Fatos que n\u00e3o s\u00e3o exatos<br \/>\nAverigue-os se de fato<br \/>\nS\u00e3o fatos.<br \/>\nBoatos&#8230;!<br \/>\nComo penas, que pena,<br \/>\nAo vento se espalham!<br \/>\nE n\u00e3o se pode recolher<br \/>\no que o vento levou sem querer.<br \/>\nO vento? Sem querer?<br \/>\nDe quem foi, afinal, a decis\u00e3o?<br \/>\nAntes de dizer \u201csim\u201d,<br \/>\nPoderia ter dito \u201cn\u00e3o\u201d.<br \/>\nO fato \u00e9 que<br \/>\nO boato<br \/>\nN\u00e3o \u00e9 fato de fato.<br \/>\nE quem o espalha<br \/>\nN\u00e3o merece cr\u00e9dito ou aten\u00e7\u00e3o.<br \/>\nPor que a mesma m\u00e3o que espalhou<br \/>\nn\u00e3o ajuntou?<br \/>\nPor que n\u00e3o se importou<br \/>\nse o boato<br \/>\nera verdadeiramente um fato?<br \/>\nBoatos e fatos!<br \/>\nFatos e boatos!<br \/>\nQuem se importa?<br \/>\nHoje, parece que ningu\u00e9m&#8230;<br \/>\nQue pena! E as penas<br \/>\nContinuam se espalhando ao vento<br \/>\nE cada dia em maior extens\u00e3o.<br \/>\nFatos que n\u00e3o s\u00e3o exatos&#8230;<br \/>\nBoatos que n\u00e3o s\u00e3o fatos&#8230;<br \/>\nQuem se importa com qualquer \u201ccerto algu\u00e9m\u201d?<br \/>\nOh, Deus, livrai-nos desse mal! Am\u00e9m!<\/p>\n<p>&nbsp;<\/p>\n<p>\u2022 <strong>Silvana Oliveira<\/strong> tem 46 anos. \u00c9 musicista, compositora e escritora. Formada em M\u00fasica pelo Semin\u00e1rio Teol\u00f3gico Batista do Norte do Brasil.\u00a0Mora em Teresina, mas sou natural de Natal (RN).<\/p>\n<p>&nbsp;<\/p>\n<p>&nbsp;<\/p>\n","protected":false},"excerpt":{"rendered":"<p>Por Silvana Oliveira &nbsp; Fatos que n\u00e3o s\u00e3o exatos Averigue-os se de fato S\u00e3o fatos. Boatos&#8230;! Como penas, que pena, Ao vento se espalham! E n\u00e3o se pode recolher o que o vento levou sem querer. O vento? Sem querer? De quem foi, afinal, a decis\u00e3o? Antes de dizer \u201csim\u201d, Poderia ter dito \u201cn\u00e3o\u201d. O [&hellip;]<\/p>\n","protected":false},"author":19,"featured_media":0,"comment_status":"open","ping_status":"open","sticky":false,"template":"","format":"standard","meta":{"ngg_post_thumbnail":0,"footnotes":""},"categories":[5151],"tags":[22276,5378,7636,5871,160,164],"class_list":["post-4080","post","type-post","status-publish","format-standard","hentry","category-outros-papos","tag-boato","tag-comunicacao","tag-etica","tag-poema","tag-poesia","tag-vida-crista"],"_links":{"self":[{"href":"https:\/\/ultimato.com.br\/sites\/jovem\/wp-json\/wp\/v2\/posts\/4080","targetHints":{"allow":["GET"]}}],"collection":[{"href":"https:\/\/ultimato.com.br\/sites\/jovem\/wp-json\/wp\/v2\/posts"}],"about":[{"href":"https:\/\/ultimato.com.br\/sites\/jovem\/wp-json\/wp\/v2\/types\/post"}],"author":[{"embeddable":true,"href":"https:\/\/ultimato.com.br\/sites\/jovem\/wp-json\/wp\/v2\/users\/19"}],"replies":[{"embeddable":true,"href":"https:\/\/ultimato.com.br\/sites\/jovem\/wp-json\/wp\/v2\/comments?post=4080"}],"version-history":[{"count":3,"href":"https:\/\/ultimato.com.br\/sites\/jovem\/wp-json\/wp\/v2\/posts\/4080\/revisions"}],"predecessor-version":[{"id":4094,"href":"https:\/\/ultimato.com.br\/sites\/jovem\/wp-json\/wp\/v2\/posts\/4080\/revisions\/4094"}],"wp:attachment":[{"href":"https:\/\/ultimato.com.br\/sites\/jovem\/wp-json\/wp\/v2\/media?parent=4080"}],"wp:term":[{"taxonomy":"category","embeddable":true,"href":"https:\/\/ultimato.com.br\/sites\/jovem\/wp-json\/wp\/v2\/categories?post=4080"},{"taxonomy":"post_tag","embeddable":true,"href":"https:\/\/ultimato.com.br\/sites\/jovem\/wp-json\/wp\/v2\/tags?post=4080"}],"curies":[{"name":"wp","href":"https:\/\/api.w.org\/{rel}","templated":true}]}}