{"id":4072,"date":"2015-05-20T11:55:47","date_gmt":"2015-05-20T14:55:47","guid":{"rendered":"http:\/\/ultimato.com.br\/sites\/jovem\/?p=4072"},"modified":"2015-05-20T12:00:11","modified_gmt":"2015-05-20T15:00:11","slug":"alem-do-que-dizem-que-sou","status":"publish","type":"post","link":"https:\/\/ultimato.com.br\/sites\/jovem\/2015\/05\/20\/alem-do-que-dizem-que-sou\/","title":{"rendered":"Al\u00e9m do que dizem que sou"},"content":{"rendered":"<div id=\"attachment_4073\" style=\"width: 517px\" class=\"wp-caption aligncenter\"><a href=\"http:\/\/ultimato.com.br\/sites\/jovem\/files\/2015\/05\/UltJovem_20_05-15_boneca.jpg\" class=\"lightview\" data-lightview-group=\"group-4072\" data-lightview-options=\"skin: 'dark', controls: 'relative', padding: '10', shadow: { color: '#000000', opacity: 0.08, blur: 3 }\"><img loading=\"lazy\" decoding=\"async\" aria-describedby=\"caption-attachment-4073\" class=\"wp-image-4073 size-full\" src=\"http:\/\/ultimato.com.br\/sites\/jovem\/files\/2015\/05\/UltJovem_20_05-15_boneca.jpg\" alt=\"UltJovem_20_05-15_boneca\" width=\"507\" height=\"338\" srcset=\"https:\/\/ultimato.com.br\/sites\/jovem\/files\/2015\/05\/UltJovem_20_05-15_boneca.jpg 507w, https:\/\/ultimato.com.br\/sites\/jovem\/files\/2015\/05\/UltJovem_20_05-15_boneca-300x200.jpg 300w, https:\/\/ultimato.com.br\/sites\/jovem\/files\/2015\/05\/UltJovem_20_05-15_boneca-150x100.jpg 150w\" sizes=\"auto, (max-width: 507px) 100vw, 507px\" \/><\/a><p id=\"caption-attachment-4073\" class=\"wp-caption-text\">CC0 Public Domain \/ FAQ<\/p><\/div>\n<p>Me importar com o pobre e levar em considera\u00e7\u00e3o contextos hist\u00f3ricos, sociais e culturais para compreender alguns fen\u00f4menos n\u00e3o faz de mim historicista\/marxista\/ \u201ccome-criancinha\u201d\/esquerdopata, bem como admitir liberdades individuais n\u00e3o me torna liberal.<\/p>\n<p>Viver e lutar por transforma\u00e7\u00e3o n\u00e3o invalida a minha cren\u00e7a na soberania de Deus e crer que Ele \u00e9 soberano n\u00e3o me torna um fantoche em suas m\u00e3os.<\/p>\n<p>N\u00e3o pintar a unha e n\u00e3o usar salto n\u00e3o faz de mim uma feminista; acreditar em fam\u00edlia, casamento\u00a0h\u00e9tero\u00a0e monog\u00e2mico, querer casa, cachorro, filhos, horta e fidelidade n\u00e3o me torna \u201crea\u00e7a\u201d.<\/p>\n<p>Estar na ala da\u00a0igreja\u00a0que defende a perman\u00eancia dos bancos e dos hinos n\u00e3o me torna fria e conservadora; denunciar estruturas corrompidas n\u00e3o me torna \u201cmodernete\u201d revolucion\u00e1ria.<\/p>\n<p>Ser cr\u00edtica n\u00e3o \u00e9 ser c\u00e9tica, ser crente n\u00e3o \u00e9 ser burra, ser mulher n\u00e3o \u00e9 ser fraca, ter f\u00e9 n\u00e3o \u00e9 ser ing\u00eanua&#8230;<\/p>\n<p>As\u00a0classifica\u00e7\u00f5es com as quais estamos habituados n\u00e3o d\u00e3o conta da complexidade de nossa exist\u00eancia.<\/p>\n<p>&nbsp;<\/p>\n<p>\u2022 <strong>Dan Bianchin<\/strong>, 24 anos, formada em Ci\u00eancias Sociais (nas pr\u00f3prias palavras dela, &#8220;com \u00eanfase em chatice&#8221;). Dan estuda missiologia no Centro Evang\u00e9lico de Miss\u00f5es (CEM).<\/p>\n<p>&nbsp;<\/p>\n","protected":false},"excerpt":{"rendered":"<p>Me importar com o pobre e levar em considera\u00e7\u00e3o contextos hist\u00f3ricos, sociais e culturais para compreender alguns fen\u00f4menos n\u00e3o faz de mim historicista\/marxista\/ \u201ccome-criancinha\u201d\/esquerdopata, bem como admitir liberdades individuais n\u00e3o me torna liberal. Viver e lutar por transforma\u00e7\u00e3o n\u00e3o invalida a minha cren\u00e7a na soberania de Deus e crer que Ele \u00e9 soberano n\u00e3o me [&hellip;]<\/p>\n","protected":false},"author":19,"featured_media":0,"comment_status":"open","ping_status":"open","sticky":false,"template":"","format":"standard","meta":{"ngg_post_thumbnail":0,"footnotes":""},"categories":[6054],"tags":[22274],"class_list":["post-4072","post","type-post","status-publish","format-standard","hentry","category-textos","tag-esteriotipos"],"_links":{"self":[{"href":"https:\/\/ultimato.com.br\/sites\/jovem\/wp-json\/wp\/v2\/posts\/4072","targetHints":{"allow":["GET"]}}],"collection":[{"href":"https:\/\/ultimato.com.br\/sites\/jovem\/wp-json\/wp\/v2\/posts"}],"about":[{"href":"https:\/\/ultimato.com.br\/sites\/jovem\/wp-json\/wp\/v2\/types\/post"}],"author":[{"embeddable":true,"href":"https:\/\/ultimato.com.br\/sites\/jovem\/wp-json\/wp\/v2\/users\/19"}],"replies":[{"embeddable":true,"href":"https:\/\/ultimato.com.br\/sites\/jovem\/wp-json\/wp\/v2\/comments?post=4072"}],"version-history":[{"count":3,"href":"https:\/\/ultimato.com.br\/sites\/jovem\/wp-json\/wp\/v2\/posts\/4072\/revisions"}],"predecessor-version":[{"id":4076,"href":"https:\/\/ultimato.com.br\/sites\/jovem\/wp-json\/wp\/v2\/posts\/4072\/revisions\/4076"}],"wp:attachment":[{"href":"https:\/\/ultimato.com.br\/sites\/jovem\/wp-json\/wp\/v2\/media?parent=4072"}],"wp:term":[{"taxonomy":"category","embeddable":true,"href":"https:\/\/ultimato.com.br\/sites\/jovem\/wp-json\/wp\/v2\/categories?post=4072"},{"taxonomy":"post_tag","embeddable":true,"href":"https:\/\/ultimato.com.br\/sites\/jovem\/wp-json\/wp\/v2\/tags?post=4072"}],"curies":[{"name":"wp","href":"https:\/\/api.w.org\/{rel}","templated":true}]}}