{"id":4056,"date":"2015-05-11T09:01:54","date_gmt":"2015-05-11T12:01:54","guid":{"rendered":"http:\/\/ultimato.com.br\/sites\/jovem\/?p=4056"},"modified":"2015-05-11T09:01:54","modified_gmt":"2015-05-11T12:01:54","slug":"relatorio-afirma-que-jovens-negros-sao-as-principais-vitimas-da-violencia-no-brasil","status":"publish","type":"post","link":"https:\/\/ultimato.com.br\/sites\/jovem\/2015\/05\/11\/relatorio-afirma-que-jovens-negros-sao-as-principais-vitimas-da-violencia-no-brasil\/","title":{"rendered":"Relat\u00f3rio afirma que jovens negros s\u00e3o as principais v\u00edtimas da viol\u00eancia no Brasil"},"content":{"rendered":"<p><a href=\"http:\/\/ultimato.com.br\/sites\/jovem\/files\/2015\/05\/Ult_jovem_11_05_15_Viol\u00eania_negros.jpg\"><img loading=\"lazy\" decoding=\"async\" class=\"alignright  wp-image-4057\" src=\"http:\/\/ultimato.com.br\/sites\/jovem\/files\/2015\/05\/Ult_jovem_11_05_15_Viol\u00eania_negros.jpg\" alt=\"Ult_jovem_11_05_15_Viol\u00eania_negros\" width=\"183\" height=\"281\" \/><\/a>Um indicador in\u00e9dito chamado <a href=\"http:\/\/unesdoc.unesco.org\/images\/0023\/002329\/232972POR.pdf\">\u00cdndice de Vulnerabilidade Juvenil (IVJ) \u2013 Viol\u00eancia e Desigualdade Racial<\/a> mostra que a cor da pele dos jovens est\u00e1 diretamente relacionada ao risco de exposi\u00e7\u00e3o \u00e0 viol\u00eancia a que est\u00e3o submetidos. De acordo com a not\u00edcia publicada no <a href=\"http:\/\/nacoesunidas.org\/onu-jovens-negros-sao-as-principais-vitimas-da-violencia-brasil\/\">site<\/a> da ONU, com base no IVJ, jovens negros de 12 a 29 anos s\u00e3o as principais v\u00edtimas da viol\u00eancia no pa\u00eds.<\/p>\n<p>Os dados mostram que jovens negros est\u00e3o mais vulner\u00e1veis \u00e0 viol\u00eancia no estado de Alagoas. J\u00e1 o estado com menor IVJ \u2013 Viol\u00eancia e desigualdade \u00e9 S\u00e3o Paulo, isto \u00e9, com o menor \u00edndice entre as 27 unidades da federa\u00e7\u00e3o.<\/p>\n<p>O relat\u00f3rio considera que quatro estados brasileiros est\u00e3o na categoria de vulnerabilidade muito alta, com \u00edndices acima de 0,500: Alagoas, Para\u00edba, Pernambuco e Cear\u00e1. Outras cinco unidades da federa\u00e7\u00e3o apresentam baixa vulnerabilidade, com \u00edndices abaixo de 0,300: S\u00e3o Paulo, Rio Grande do Sul, Santa Catarina, Minas Gerais e Distrito Federal.<!--more--><\/p>\n<p>Ao analisar especificamente as taxas de homic\u00eddios de brancos e negros, o levantamento mostra que a Para\u00edba \u00e9 o estado com maior risco relativo por ra\u00e7a\/cor. Assim, um jovem negro corre risco 13,4 vezes maior que um jovem branco de ser assassinado na Para\u00edba. J\u00e1 o Paran\u00e1 \u00e9 a \u00fanica unidade da federa\u00e7\u00e3o onde um jovem branco corre mais risco de ser assassinado que um jovem negro.<\/p>\n<p>Segundo o levantamento, o Nordeste \u00e9 a regi\u00e3o com maior dist\u00e2ncia entre a taxa de homic\u00eddios de jovens negros e brancos. Em 2012, foram assassinados 87 jovens negros para cada grupo de 100 mil jovens negros na regi\u00e3o, ante 17,4 jovens brancos para cada grupo de 100 mil jovens brancos. Em outras palavras, o risco de um jovem negro nordestino ser assassinado era quase quatro vezes maior que um jovem branco nordestino.<\/p>\n<p>O IVJ \u2013 Viol\u00eancia e Desigualdade Racial ser\u00e1 utilizado pelo Plano Juventude Viva, da Secretaria Nacional de Juventude. O Plano re\u00fane a\u00e7\u00f5es de preven\u00e7\u00e3o para reduzir a vulnerabilidade de jovens negros a situa\u00e7\u00f5es de viol\u00eancia f\u00edsica e simb\u00f3lica, a partir da cria\u00e7\u00e3o de oportunidades de inclus\u00e3o social e autonomia para os jovens entre 15 e 29 anos. O plano prioriza 142 munic\u00edpios brasileiros, distribu\u00eddos em 26 estados e no Distrito Federal, que em 2010 concentravam 70% dos homic\u00eddios contra jovens negros.<\/p>\n<p>*Com informa\u00e7\u00f5es da ONU<\/p>\n","protected":false},"excerpt":{"rendered":"<p>Um indicador in\u00e9dito chamado \u00cdndice de Vulnerabilidade Juvenil (IVJ) \u2013 Viol\u00eancia e Desigualdade Racial mostra que a cor da pele dos jovens est\u00e1 diretamente relacionada ao risco de exposi\u00e7\u00e3o \u00e0 viol\u00eancia a que est\u00e3o submetidos. De acordo com a not\u00edcia publicada no site da ONU, com base no IVJ, jovens negros de 12 a 29 [&hellip;]<\/p>\n","protected":false},"author":19,"featured_media":0,"comment_status":"open","ping_status":"open","sticky":false,"template":"","format":"standard","meta":{"ngg_post_thumbnail":0,"footnotes":""},"categories":[7],"tags":[22271],"class_list":["post-4056","post","type-post","status-publish","format-standard","hentry","category-noticias","tag-violencia-racial"],"_links":{"self":[{"href":"https:\/\/ultimato.com.br\/sites\/jovem\/wp-json\/wp\/v2\/posts\/4056","targetHints":{"allow":["GET"]}}],"collection":[{"href":"https:\/\/ultimato.com.br\/sites\/jovem\/wp-json\/wp\/v2\/posts"}],"about":[{"href":"https:\/\/ultimato.com.br\/sites\/jovem\/wp-json\/wp\/v2\/types\/post"}],"author":[{"embeddable":true,"href":"https:\/\/ultimato.com.br\/sites\/jovem\/wp-json\/wp\/v2\/users\/19"}],"replies":[{"embeddable":true,"href":"https:\/\/ultimato.com.br\/sites\/jovem\/wp-json\/wp\/v2\/comments?post=4056"}],"version-history":[{"count":2,"href":"https:\/\/ultimato.com.br\/sites\/jovem\/wp-json\/wp\/v2\/posts\/4056\/revisions"}],"predecessor-version":[{"id":4059,"href":"https:\/\/ultimato.com.br\/sites\/jovem\/wp-json\/wp\/v2\/posts\/4056\/revisions\/4059"}],"wp:attachment":[{"href":"https:\/\/ultimato.com.br\/sites\/jovem\/wp-json\/wp\/v2\/media?parent=4056"}],"wp:term":[{"taxonomy":"category","embeddable":true,"href":"https:\/\/ultimato.com.br\/sites\/jovem\/wp-json\/wp\/v2\/categories?post=4056"},{"taxonomy":"post_tag","embeddable":true,"href":"https:\/\/ultimato.com.br\/sites\/jovem\/wp-json\/wp\/v2\/tags?post=4056"}],"curies":[{"name":"wp","href":"https:\/\/api.w.org\/{rel}","templated":true}]}}