{"id":4044,"date":"2015-05-06T09:39:29","date_gmt":"2015-05-06T12:39:29","guid":{"rendered":"http:\/\/ultimato.com.br\/sites\/jovem\/?p=4044"},"modified":"2015-05-07T07:45:42","modified_gmt":"2015-05-07T10:45:42","slug":"vivendo-em-guetos-cristaos","status":"publish","type":"post","link":"https:\/\/ultimato.com.br\/sites\/jovem\/2015\/05\/06\/vivendo-em-guetos-cristaos\/","title":{"rendered":"Vivendo em guetos crist\u00e3os"},"content":{"rendered":"<p><em><a href=\"http:\/\/ultimato.com.br\/sites\/jovem\/files\/2015\/05\/Ult_jovem_06_05_15_caixa.jpg\" class=\"lightview\" data-lightview-group=\"group-4044\" data-lightview-options=\"skin: 'dark', controls: 'relative', padding: '10', shadow: { color: '#000000', opacity: 0.08, blur: 3 }\"><img loading=\"lazy\" decoding=\"async\" class=\"alignright wp-image-4048\" src=\"http:\/\/ultimato.com.br\/sites\/jovem\/files\/2015\/05\/Ult_jovem_06_05_15_caixa.jpg\" alt=\"Ult_jovem_06_05_15_caixa\" width=\"400\" height=\"266\" srcset=\"https:\/\/ultimato.com.br\/sites\/jovem\/files\/2015\/05\/Ult_jovem_06_05_15_caixa.jpg 454w, https:\/\/ultimato.com.br\/sites\/jovem\/files\/2015\/05\/Ult_jovem_06_05_15_caixa-300x200.jpg 300w, https:\/\/ultimato.com.br\/sites\/jovem\/files\/2015\/05\/Ult_jovem_06_05_15_caixa-150x100.jpg 150w\" sizes=\"auto, (max-width: 400px) 100vw, 400px\" \/><\/a>Por Alan Corr\u00eaa<\/em><\/p>\n<p>O plano de Deus era que n\u00f3s f\u00f4ssemos sal dilu\u00eddo no mundo e luz brilhando em meio \u00e0s trevas. Mas, por vezes, parece que muitos de n\u00f3s fizemos op\u00e7\u00e3o por ser luz no clar\u00e3o do meio dia e sal em meio a tanto sal amontoado.<\/p>\n<p>Nos orgulhamos de n\u00e3o ter deixado o \u201cmundo\u201d nos acometer (e ainda chamam isso de santidade), mas n\u00e3o percebemos que tamb\u00e9m n\u00e3o invadimos o mundo para que vissem nossa luz e cressem n\u2019Ele.<\/p>\n<p>O evangelho que vivemos parece mais um \u201cgueto crist\u00e3o\u201d. N\u00f3s somos os autores e os consumidores de todo tipo de cultura que produzimos. N\u00f3s escrevemos para evang\u00e9licos e lemos livros evang\u00e9licos comprados em livrarias evang\u00e9licas. N\u00f3s fazemos m\u00fasicas evang\u00e9licas, escutamos m\u00fasicas evang\u00e9licas e cantamos can\u00e7\u00f5es evang\u00e9licas.<\/p>\n<p>Ouvi uma mo\u00e7a da igreja uma vez dizer \u2013 orgulhosa &#8211; que nunca na vida tinha ouvido \u201cm\u00fasica secular\u201d. Eu respondi dizendo que quem n\u00e3o ouve o tipo de m\u00fasica que ela chama de secular, n\u00e3o se torna uma pessoa mais santa do que quem as ouve. Na verdade, quem s\u00f3 ouve musica crist\u00e3 tem menos cultura do que as demais pessoas que ouvem can\u00e7\u00f5es que n\u00e3o falam diretamente de Deus, mas que est\u00e3o cheias da gra\u00e7a comum vinda d\u2019Ele.<!--more--><\/p>\n<p>Fato \u00e9 que a forma com que muitos de n\u00f3s escolhemos viver o cristianismo, nos transformou em um \u201cgueto crist\u00e3o\u201d.<\/p>\n<p>A igreja, h\u00e1 algumas d\u00e9cadas, foi para a m\u00eddia de r\u00e1dio fazer programa para evang\u00e9licos, para a televis\u00e3o fazer programas para evang\u00e9licos, para a internet fazer sites e blogs para evang\u00e9licos, e cada vez menos nossa luz brilha no mundo, e cada vez mais nos tornamos um \u201creduto crist\u00e3o\u201d.<\/p>\n<p>Empreendedores fizeram escolas evang\u00e9licas, hospitais evang\u00e9licos, pensando no p\u00fablico evang\u00e9lico. Cineastas (americanos) evang\u00e9licos produzem filmes para evang\u00e9licos.<\/p>\n<p>Poderia citar tantos outros exemplos, para voc\u00ea perceber que somos autores e consumidores de toda express\u00e3o de arte ou forma de cultura que produzimos e tudo isso s\u00f3 fez aumentar os muros que nos tornam separados do mundo e assim acabamos sendo luz em meio a luz e sal empilhado.<\/p>\n<p>Muitas pessoas s\u00e3o cercadas na sua grande maioria apenas por amigos evang\u00e9licos, as \u00faltimas comemora\u00e7\u00f5es (anivers\u00e1rios, casamentos&#8230;) que tivemos oportunidade de participar foram de evang\u00e9licos, e as \u00faltimas pessoas que vieram em nossa casa almo\u00e7ar conosco tamb\u00e9m foram evang\u00e9licas.<\/p>\n<p>Nada disso \u00e9 ruim, pelo contr\u00e1rio, \u00e9 \u00f3timo! Mas, desta forma, como ver\u00e3o nossa luz?<\/p>\n<p>H\u00e1 alguns meses atr\u00e1s, fui almo\u00e7ar com um amigo pastor em sua cidade no interior. Como n\u00e3o conhecia a regi\u00e3o, falei para ele escolher o restaurante, ao que ele respondeu: \u201cVamos no restaurante de um pastor amigo meu, eu s\u00f3 almo\u00e7o por l\u00e1\u201d.<\/p>\n<p>Fiquei pensando como seriam fortes o testemunho e a influ\u00eancia desse pastor se ele s\u00f3 almo\u00e7asse no mesmo restaurante de um n\u00e3o evang\u00e9lico.<\/p>\n<p>O projeto de Deus \u00e9 nos tirar do mundo, nos transformar &#8211; em sal e em luz- e depois nos devolver pra ele, transformados, a fim de que creiam no poder transformador do evangelho de Cristo. Por\u00e9m, n\u00f3s constru\u00edmos um gueto e n\u00e3o voltamos para o mundo de onde fomos resgatados.<\/p>\n<p>\u2022 <strong>Alan Corr\u00eaa, <\/strong>34 anos, paulista, p\u00f3s-graduado em Religi\u00e3o e Cultura. Escreveu o livro \u201cDissidentes da Igreja\u201d.<\/p>\n","protected":false},"excerpt":{"rendered":"<p>Por Alan Corr\u00eaa O plano de Deus era que n\u00f3s f\u00f4ssemos sal dilu\u00eddo no mundo e luz brilhando em meio \u00e0s trevas. Mas, por vezes, parece que muitos de n\u00f3s fizemos op\u00e7\u00e3o por ser luz no clar\u00e3o do meio dia e sal em meio a tanto sal amontoado. Nos orgulhamos de n\u00e3o ter deixado o [&hellip;]<\/p>\n","protected":false},"author":19,"featured_media":0,"comment_status":"open","ping_status":"open","sticky":false,"template":"","format":"standard","meta":{"ngg_post_thumbnail":0,"footnotes":""},"categories":[6054],"tags":[],"class_list":["post-4044","post","type-post","status-publish","format-standard","hentry","category-textos"],"_links":{"self":[{"href":"https:\/\/ultimato.com.br\/sites\/jovem\/wp-json\/wp\/v2\/posts\/4044","targetHints":{"allow":["GET"]}}],"collection":[{"href":"https:\/\/ultimato.com.br\/sites\/jovem\/wp-json\/wp\/v2\/posts"}],"about":[{"href":"https:\/\/ultimato.com.br\/sites\/jovem\/wp-json\/wp\/v2\/types\/post"}],"author":[{"embeddable":true,"href":"https:\/\/ultimato.com.br\/sites\/jovem\/wp-json\/wp\/v2\/users\/19"}],"replies":[{"embeddable":true,"href":"https:\/\/ultimato.com.br\/sites\/jovem\/wp-json\/wp\/v2\/comments?post=4044"}],"version-history":[{"count":5,"href":"https:\/\/ultimato.com.br\/sites\/jovem\/wp-json\/wp\/v2\/posts\/4044\/revisions"}],"predecessor-version":[{"id":4050,"href":"https:\/\/ultimato.com.br\/sites\/jovem\/wp-json\/wp\/v2\/posts\/4044\/revisions\/4050"}],"wp:attachment":[{"href":"https:\/\/ultimato.com.br\/sites\/jovem\/wp-json\/wp\/v2\/media?parent=4044"}],"wp:term":[{"taxonomy":"category","embeddable":true,"href":"https:\/\/ultimato.com.br\/sites\/jovem\/wp-json\/wp\/v2\/categories?post=4044"},{"taxonomy":"post_tag","embeddable":true,"href":"https:\/\/ultimato.com.br\/sites\/jovem\/wp-json\/wp\/v2\/tags?post=4044"}],"curies":[{"name":"wp","href":"https:\/\/api.w.org\/{rel}","templated":true}]}}