{"id":4036,"date":"2015-05-01T00:01:32","date_gmt":"2015-05-01T03:01:32","guid":{"rendered":"http:\/\/ultimato.com.br\/sites\/jovem\/?p=4036"},"modified":"2015-05-02T09:43:12","modified_gmt":"2015-05-02T12:43:12","slug":"estudantes-da-abu-pulicam-carta-sobre-trote-e-violencia-na-universidade","status":"publish","type":"post","link":"https:\/\/ultimato.com.br\/sites\/jovem\/2015\/05\/01\/estudantes-da-abu-pulicam-carta-sobre-trote-e-violencia-na-universidade\/","title":{"rendered":"Estudantes da ABU publicam carta sobre trote e viol\u00eancia na universidade"},"content":{"rendered":"<p><a href=\"http:\/\/ultimato.com.br\/sites\/jovem\/files\/2015\/04\/Ult_jovem_01_05_15_Carta_ABU_trote.jpg\" class=\"lightview\" data-lightview-group=\"group-4036\" data-lightview-options=\"skin: 'dark', controls: 'relative', padding: '10', shadow: { color: '#000000', opacity: 0.08, blur: 3 }\"><img loading=\"lazy\" decoding=\"async\" class=\"alignright  wp-image-4037\" src=\"http:\/\/ultimato.com.br\/sites\/jovem\/files\/2015\/04\/Ult_jovem_01_05_15_Carta_ABU_trote.jpg\" alt=\"Ult_jovem_01_05_15_Carta_ABU_trote\" width=\"282\" height=\"213\" srcset=\"https:\/\/ultimato.com.br\/sites\/jovem\/files\/2015\/04\/Ult_jovem_01_05_15_Carta_ABU_trote.jpg 352w, https:\/\/ultimato.com.br\/sites\/jovem\/files\/2015\/04\/Ult_jovem_01_05_15_Carta_ABU_trote-300x225.jpg 300w, https:\/\/ultimato.com.br\/sites\/jovem\/files\/2015\/04\/Ult_jovem_01_05_15_Carta_ABU_trote-150x113.jpg 150w\" sizes=\"auto, (max-width: 282px) 100vw, 282px\" \/><\/a>Cerca de cinquenta estudantes de diversas universidades do pa\u00eds, integrantes da Alian\u00e7a B\u00edblica Universit\u00e1ria do Brasil (<a href=\"http:\/\/www.abub.org.br\/\">ABUB<\/a>), assinaram uma carta se manifestando contra qualquer tipo de atitude violenta, desmoralizante, preconceituosa que tem dominado as pr\u00e1ticas abusivas dos trotes nas universidades.<\/p>\n<p>A carta foi produzida durante a realiza\u00e7\u00e3o do Instituto de Prepara\u00e7\u00e3o para L\u00edderes (IPL) da ABU, que aconteceu em janeiro deste ano, em Guarulhos, SP. O documento \u00e9 uma reflex\u00e3o sobre como os estudantes crist\u00e3os, enquanto testemunhas de Cristo, t\u00eam reagido diante das pr\u00e1ticas rotineiras de viol\u00eancia e opress\u00e3o nas universidades.<\/p>\n<p>O texto da carta tamb\u00e9m faz uma cr\u00edtica quanto a utiliza\u00e7\u00e3o e apropria\u00e7\u00e3o do espa\u00e7o universit\u00e1rio. \u201cQue a universidade n\u00e3o seja um lugar outro, dominado pelo sentido de superioridade, mas um espa\u00e7o de servi\u00e7o \u00e0 popula\u00e7\u00e3o, de oferta de conhecimento e cultura. \u00c9 nessa l\u00f3gica que denunciamos o trote que mascara e perpetua o sentido de superioridade e hierarquiza\u00e7\u00e3o dos que entram na Universidade\u201d, afirma o documento.<\/p>\n<p>Clique <a href=\"http:\/\/www.abub.org.br\/compartilhe\/informativos\/blog-abub\/2015\/04\/sobre-o-trote-e-violencia-na-universidade\">aqui<\/a> e leia o documento na \u00edntegra.<\/p>\n","protected":false},"excerpt":{"rendered":"<p>Cerca de cinquenta estudantes de diversas universidades do pa\u00eds, integrantes da Alian\u00e7a B\u00edblica Universit\u00e1ria do Brasil (ABUB), assinaram uma carta se manifestando contra qualquer tipo de atitude violenta, desmoralizante, preconceituosa que tem dominado as pr\u00e1ticas abusivas dos trotes nas universidades. A carta foi produzida durante a realiza\u00e7\u00e3o do Instituto de Prepara\u00e7\u00e3o para L\u00edderes (IPL) da [&hellip;]<\/p>\n","protected":false},"author":19,"featured_media":0,"comment_status":"open","ping_status":"open","sticky":false,"template":"","format":"standard","meta":{"ngg_post_thumbnail":0,"footnotes":""},"categories":[7],"tags":[22269,22270,6079],"class_list":["post-4036","post","type-post","status-publish","format-standard","hentry","category-noticias","tag-abub","tag-trote","tag-universidade"],"_links":{"self":[{"href":"https:\/\/ultimato.com.br\/sites\/jovem\/wp-json\/wp\/v2\/posts\/4036","targetHints":{"allow":["GET"]}}],"collection":[{"href":"https:\/\/ultimato.com.br\/sites\/jovem\/wp-json\/wp\/v2\/posts"}],"about":[{"href":"https:\/\/ultimato.com.br\/sites\/jovem\/wp-json\/wp\/v2\/types\/post"}],"author":[{"embeddable":true,"href":"https:\/\/ultimato.com.br\/sites\/jovem\/wp-json\/wp\/v2\/users\/19"}],"replies":[{"embeddable":true,"href":"https:\/\/ultimato.com.br\/sites\/jovem\/wp-json\/wp\/v2\/comments?post=4036"}],"version-history":[{"count":3,"href":"https:\/\/ultimato.com.br\/sites\/jovem\/wp-json\/wp\/v2\/posts\/4036\/revisions"}],"predecessor-version":[{"id":4041,"href":"https:\/\/ultimato.com.br\/sites\/jovem\/wp-json\/wp\/v2\/posts\/4036\/revisions\/4041"}],"wp:attachment":[{"href":"https:\/\/ultimato.com.br\/sites\/jovem\/wp-json\/wp\/v2\/media?parent=4036"}],"wp:term":[{"taxonomy":"category","embeddable":true,"href":"https:\/\/ultimato.com.br\/sites\/jovem\/wp-json\/wp\/v2\/categories?post=4036"},{"taxonomy":"post_tag","embeddable":true,"href":"https:\/\/ultimato.com.br\/sites\/jovem\/wp-json\/wp\/v2\/tags?post=4036"}],"curies":[{"name":"wp","href":"https:\/\/api.w.org\/{rel}","templated":true}]}}