{"id":3996,"date":"2015-04-19T23:58:45","date_gmt":"2015-04-20T02:58:45","guid":{"rendered":"http:\/\/ultimato.com.br\/sites\/jovem\/?p=3996"},"modified":"2015-04-20T14:56:49","modified_gmt":"2015-04-20T17:56:49","slug":"voc-talk-no-vocare-boas-ideias-que-transformam","status":"publish","type":"post","link":"https:\/\/ultimato.com.br\/sites\/jovem\/2015\/04\/19\/voc-talk-no-vocare-boas-ideias-que-transformam\/","title":{"rendered":"VocTalk no Vocare: boas ideias que transformam"},"content":{"rendered":"<p><a href=\"http:\/\/ultimato.com.br\/sites\/jovem\/files\/2015\/04\/IMG_0468.jpg\" class=\"lightview\" data-lightview-group=\"group-3996\" data-lightview-options=\"skin: 'dark', controls: 'relative', padding: '10', shadow: { color: '#000000', opacity: 0.08, blur: 3 }\"><img loading=\"lazy\" decoding=\"async\" class=\" size-full wp-image-3997 alignright\" src=\"http:\/\/ultimato.com.br\/sites\/jovem\/files\/2015\/04\/IMG_0468.jpg\" alt=\"IMG_0468\" width=\"378\" height=\"252\" srcset=\"https:\/\/ultimato.com.br\/sites\/jovem\/files\/2015\/04\/IMG_0468.jpg 378w, https:\/\/ultimato.com.br\/sites\/jovem\/files\/2015\/04\/IMG_0468-300x200.jpg 300w, https:\/\/ultimato.com.br\/sites\/jovem\/files\/2015\/04\/IMG_0468-150x100.jpg 150w\" sizes=\"auto, (max-width: 378px) 100vw, 378px\" \/><\/a>O <strong>VocTalk<\/strong> \u00e9 mais um espa\u00e7o de intera\u00e7\u00e3o dentro do Vocare. O prop\u00f3sito do encontro foi apresentar projetos dos congressistas previamente selecionados, ideias que est\u00e3o fazendo diferen\u00e7a de forma concreta na vida das pessoas, suprindo necessidades reais de comunidades e auxiliando a igreja local. Conhe\u00e7a um pouco dos seis projetos exibidos neste domingo.<!--more--><\/p>\n<p><strong>Guerreiros do Xing\u00fa<\/strong> \u2013 O projeto que acontece em Altamira, no estado do Par\u00e1, foi apresentado por Thayanna Almeida, 26 anos. Ela explicou que devido a constru\u00e7\u00e3o da hidrel\u00e9trica de Belo-Monte, muitos impactos sociais e ambientais atingiram v\u00e1rias etnias ind\u00edgenas da regi\u00e3o. Em nome do \u201cprogresso\u201d, os \u00edndios tiveram que deixar suas terras e passaram a se deslocar para \u00e1reas urbanas, onde s\u00e3o expostos aos problemas da cidade, como o alcoolismo e a prostitui\u00e7\u00e3o. Em resposta a esses problemas, a Igreja Batista Independente de Altamira passou a organizar cultos para acolher os \u00edndios que vieram para a cidade. Os encontros s\u00e3o de forma contextualizada, com can\u00e7\u00f5es em nas l\u00ednguas nativas, respeitando as manifesta\u00e7\u00f5es culturais de cada tribo. At\u00e9 celebra\u00e7\u00e3o da ceia com a\u00e7a\u00ed e tapioca j\u00e1 foi feita. Com apoio da Miss\u00e3o AMEM e acompanhados por antrop\u00f3logos, o projeto vem crescendo e ganhando forma.\u00a0Para mais informa\u00e7\u00f5es sobre como ajudar ou sem envolver no projeto, escreva para\u00a0<a href=\"mailto:almeida.thayanna@gmail.com\">almeida.thayanna@gmail.com<\/a>.<\/p>\n<p><strong>Business as a Mission<\/strong> \u2013 Paulo Humait\u00e1, 27 anos, da igreja presbiteriana de Pinheiros (SP), apresentou o projeto pautado na vis\u00e3o de <em>Business as a Mission<\/em> (Miss\u00e3o Empresarial), que tem respaldo no pacto de Lausanne com objetivos empresariais e mission\u00e1rios. A ideia do grupo, que est\u00e1 se formando agora, \u00e9 criar uma empresa de moda jovem crist\u00e3, transformar uma cole\u00e7\u00e3o em uma miss\u00e3o e alcan\u00e7ar mobilizadores em todo o Brasil. Para mais informa\u00e7\u00f5es escreva para\u00a0<a href=\"mailto:paulohumaita87@gmail.com\">paulohumaita87@gmail.com<\/a>.<\/p>\n<p><strong>LAR<\/strong> \u2013 Mayra Prado, 25 anos, apresentou o projeto LAR (Levando Ajuda ao Refugiado) que atende refugiados s\u00edrios em S\u00e3o Paulo, capital, a maior parte s\u00e3o mu\u00e7ulmanos. O grupo j\u00e1 \u00e9 a maior comunidade de refugiados do Brasil. O projeto oferece amparo social, cestas b\u00e1sicas, moradia e auxilia os refugiados na abertura de conta banc\u00e1ria. Os volunt\u00e1rios tamb\u00e9m oferecem aulas de portugu\u00eas tr\u00eas vezes por semana, auxpilio com a revalida\u00e7\u00e3o de diplomas, tradu\u00e7\u00e3o de curr\u00edculos e presta\u00e7\u00e3o de assist\u00eancia jur\u00eddica com a regulariza\u00e7\u00e3o dos documentos. Os volunt\u00e1rios est\u00e3o \u201csonhando\u201d com uma Casa de Acolhida para melhor desenvolver o projeto. Para mais informa\u00e7\u00f5es, escreva para\u00a0<a href=\"mailto:compassiva@gmail.com\">compassiva@gmail.com<\/a><\/p>\n<p><strong>RP2<\/strong> \u2013 Jonatan Ribeiro, 25 anos, apresentou uma iniciativa da Terceira Igreja Presbiteriana de Belo Horizonte (MG). O projeto RP2 trata de quest\u00f5es de sexualidade, promovendo confer\u00eancias para capacitar igrejas locais a lidar com homossexuais, travestis e prostitutas \u2013 pessoas que muitas vezes j\u00e1 frequentaram igrejas evang\u00e9licas, mas sa\u00edram feridas por causa do despreparo das igrejas em tratar esses assuntos. Jonathan, que tem um chamado mission\u00e1rio para o povo mu\u00e7ulmano, chamou a aten\u00e7\u00e3o para a necessidade de pensar n\u00e3o s\u00f3 em miss\u00e3o transcultural, mas \u201clevar a Cristo tamb\u00e9m \u00e0 Judeia, Samaria e \u00e0 pr\u00f3pria Jerusal\u00e9m\u201d. \u201cN\u00f3s precisamos ganhar a confian\u00e7a dessa gente, permitir que eles falem&#8221;, enfatizou o jovem. Quer saber mais do RP2? Escreva para <a href=\"mailto:jonatanribiro@hotmail.com\">jonatanribiro@hotmail.com<\/a>.<\/p>\n<p><strong>Projeto Surf<\/strong> \u2013 O mission\u00e1rio Marcos Melo, da Miss\u00e3o Evang\u00e9lica de Apoio aos Pescadores (Meap), apresentou um projeto de surf.\u00a0Ap\u00f3s pesquisa nas vilas de pescadores do entorno do Ariri, entre os estados de Paran\u00e1 e S\u00e3o Paulo, o mission\u00e1rio identificou uma boa oportunidade para iniciar um projeto esportivo na regi\u00e3o no Pontal do Leste, uma comunidade situada na Ilha do Cardoso. Jovens e crian\u00e7as manifestaram desejo de aprender a surfar e outros a melhorar a pr\u00e1tica no esporte. Pontal \u00e9 uma\u00a0vila com forte tradi\u00e7\u00e3o no catolicismo. Ele come\u00e7ou ent\u00e3o a investir no v\u00ednculo pessoal, no ensino da Palavra antes de cada aula de surf. Ele queria levar jovens, crian\u00e7as e adolescentes ao conhecimento das Escrituras em um ambiente familiar, seguro. O grupo tamb\u00e9m tem sonhado com uma pista de skate. Para mais informa\u00e7\u00f5es, acesse o site \u200b<a href=\"http:\/\/meap.org.br\/\">http:\/\/meap.org.br\/<\/a>.<\/p>\n<p><strong>Espalhando o ar da gra\u00e7a<\/strong> \u2013 Paulo, o dr. Cheiroso, do Expresso Alegria, falou um pouco do seu trabalho de &#8220;espalhar o ar da gra\u00e7a&#8221; em hospitais, asilos e com os moradores de rua da cidade de Passos-MG.<\/p>\n<p>Todas as apresenta\u00e7\u00f5es foram verdadeiros desafios ao comodismo. Um chamado para os jovens usarem os recursos que t\u00eam em m\u00e3os para virar o mundo de cabe\u00e7a para baixo.<\/p>\n<p>&nbsp;<\/p>\n<p>Acompanhe o Vocare, ao vivo, pela internet em www.vocare.org.br\/aovivo<\/p>\n","protected":false},"excerpt":{"rendered":"<p>O VocTalk \u00e9 mais um espa\u00e7o de intera\u00e7\u00e3o dentro do Vocare. O prop\u00f3sito do encontro foi apresentar projetos dos congressistas previamente selecionados, ideias que est\u00e3o fazendo diferen\u00e7a de forma concreta na vida das pessoas, suprindo necessidades reais de comunidades e auxiliando a igreja local. Conhe\u00e7a um pouco dos seis projetos exibidos neste domingo.<\/p>\n","protected":false},"author":19,"featured_media":0,"comment_status":"open","ping_status":"open","sticky":false,"template":"","format":"standard","meta":{"ngg_post_thumbnail":0,"footnotes":""},"categories":[9],"tags":[22263],"class_list":["post-3996","post","type-post","status-publish","format-standard","hentry","category-sem-categoria","tag-vocare2015"],"_links":{"self":[{"href":"https:\/\/ultimato.com.br\/sites\/jovem\/wp-json\/wp\/v2\/posts\/3996","targetHints":{"allow":["GET"]}}],"collection":[{"href":"https:\/\/ultimato.com.br\/sites\/jovem\/wp-json\/wp\/v2\/posts"}],"about":[{"href":"https:\/\/ultimato.com.br\/sites\/jovem\/wp-json\/wp\/v2\/types\/post"}],"author":[{"embeddable":true,"href":"https:\/\/ultimato.com.br\/sites\/jovem\/wp-json\/wp\/v2\/users\/19"}],"replies":[{"embeddable":true,"href":"https:\/\/ultimato.com.br\/sites\/jovem\/wp-json\/wp\/v2\/comments?post=3996"}],"version-history":[{"count":5,"href":"https:\/\/ultimato.com.br\/sites\/jovem\/wp-json\/wp\/v2\/posts\/3996\/revisions"}],"predecessor-version":[{"id":4002,"href":"https:\/\/ultimato.com.br\/sites\/jovem\/wp-json\/wp\/v2\/posts\/3996\/revisions\/4002"}],"wp:attachment":[{"href":"https:\/\/ultimato.com.br\/sites\/jovem\/wp-json\/wp\/v2\/media?parent=3996"}],"wp:term":[{"taxonomy":"category","embeddable":true,"href":"https:\/\/ultimato.com.br\/sites\/jovem\/wp-json\/wp\/v2\/categories?post=3996"},{"taxonomy":"post_tag","embeddable":true,"href":"https:\/\/ultimato.com.br\/sites\/jovem\/wp-json\/wp\/v2\/tags?post=3996"}],"curies":[{"name":"wp","href":"https:\/\/api.w.org\/{rel}","templated":true}]}}