{"id":3991,"date":"2015-04-19T18:57:20","date_gmt":"2015-04-19T21:57:20","guid":{"rendered":"http:\/\/ultimato.com.br\/sites\/jovem\/?p=3991"},"modified":"2015-04-20T14:59:53","modified_gmt":"2015-04-20T17:59:53","slug":"mais-um-na-multidao-nao-no-vocare","status":"publish","type":"post","link":"https:\/\/ultimato.com.br\/sites\/jovem\/2015\/04\/19\/mais-um-na-multidao-nao-no-vocare\/","title":{"rendered":"Mais um na multid\u00e3o? N\u00e3o no Vocare"},"content":{"rendered":"<p><a href=\"http:\/\/ultimato.com.br\/sites\/jovem\/files\/2015\/04\/IMG_0027.jpg\" class=\"lightview\" data-lightview-group=\"group-3991\" data-lightview-options=\"skin: 'dark', controls: 'relative', padding: '10', shadow: { color: '#000000', opacity: 0.08, blur: 3 }\"><img loading=\"lazy\" decoding=\"async\" class=\"alignright size-full wp-image-3992\" src=\"http:\/\/ultimato.com.br\/sites\/jovem\/files\/2015\/04\/IMG_0027.jpg\" alt=\"IMG_0027\" width=\"378\" height=\"252\" srcset=\"https:\/\/ultimato.com.br\/sites\/jovem\/files\/2015\/04\/IMG_0027.jpg 378w, https:\/\/ultimato.com.br\/sites\/jovem\/files\/2015\/04\/IMG_0027-300x200.jpg 300w, https:\/\/ultimato.com.br\/sites\/jovem\/files\/2015\/04\/IMG_0027-150x100.jpg 150w\" sizes=\"auto, (max-width: 378px) 100vw, 378px\" \/><\/a>\u00c9 f\u00e1cil se esconder em meio a multid\u00e3o\u00a0em um\u00a0evento com mais de 500 pessoas, mas n\u00e3o no <a href=\"http:\/\/www.vocare2015.org.br\/\" target=\"_blank\">Vocare<\/a>. A organiza\u00e7\u00e3o do congresso preparou um momento para conversas em pequenos grupos ap\u00f3s as plen\u00e1rias para que os participantes tenham um espa\u00e7o para dialogar, debater e compartilhar. De acordo com Rodolfo Gois, um dos coordenadores, cerca de 60 grupos pequenos est\u00e3o funcionando durante o congresso.<\/p>\n<p>O <a href=\"http:\/\/www.vocare2015.org.br\/\" target=\"_blank\">Vocare<\/a> est\u00e1 enfatizando o di\u00e1logo e a intera\u00e7\u00e3o. O pequeno grupo \u00e9 uma das estrat\u00e9gias para estimular essa intera\u00e7\u00e3o. &#8220;Na plen\u00e1ria o participante \u00e9 apenas expectador, apenas assisti. Mas no\u00a0pequeno grupo o jovem tem\u00a0espa\u00e7o para debater e compartilhar&#8221;, afirma\u00a0Rodolfo.<\/p>\n<p>O estudante Gabriel Freitas, 18, de Vi\u00e7osa (MG), l\u00edder de um pequeno grupo, observou que &#8220;as pessoas vieram com o cora\u00e7\u00e3o aberto para entender a vontade de Deus para suas vidas, e colocar isso em pr\u00e1tica&#8221;. Ele conta que apesar de ter um roteiro para auxiliar a conversa, nem foi preciso us\u00e1-lo, pois as pessoas est\u00e3o falando espontaneamente.<!--more--><\/p>\n<p>Para um participante dos pequenos grupos, Enock Galdino, 15, de Passos (MG), os encontros est\u00e3o sendo muito importante, pois eles est\u00e3o podendo compartilhar com pessoas que conhecem e p\u00f5em em pr\u00e1tica o que a B\u00edblia ensina. A hist\u00f3ria do estudante \u00e9 curiosa. Ele conseguiu o valor exato que precisava para participar do Vocare quando abriu o seu \u201cporquinho\u201d. Enock disse que j\u00e1 exerce seus dons e talentos na igreja local, mas veio ao congresso para ter um pouco mais de clareza a respeito da voca\u00e7\u00e3o.<\/p>\n<p>Os l\u00edderes dos pequenos grupos foram indicados por igrejas, pastores e integrantes da equipe gestora do Vocare. Ap\u00f3s a indica\u00e7\u00e3o, cada pessoa preencheu um formul\u00e1rio, a partir do qual foi feita\u00a0uma triagem. As pessoas selecionadas receberam\u00a0materiais com orienta\u00e7\u00f5es e leituras, via e-mail, para que pudessem se preparar.<\/p>\n<p>&#8212; Assista\u00a0a programa\u00e7\u00e3o do Vocare <a href=\"http:\/\/www.vocare.org.br\/aovivo\/\" target=\"_blank\">ao vivo<\/a>.<\/p>\n","protected":false},"excerpt":{"rendered":"<p>\u00c9 f\u00e1cil se esconder em meio a multid\u00e3o\u00a0em um\u00a0evento com mais de 500 pessoas, mas n\u00e3o no Vocare. A organiza\u00e7\u00e3o do congresso preparou um momento para conversas em pequenos grupos ap\u00f3s as plen\u00e1rias para que os participantes tenham um espa\u00e7o para dialogar, debater e compartilhar. De acordo com Rodolfo Gois, um dos coordenadores, cerca de [&hellip;]<\/p>\n","protected":false},"author":19,"featured_media":0,"comment_status":"open","ping_status":"open","sticky":false,"template":"","format":"standard","meta":{"ngg_post_thumbnail":0,"footnotes":""},"categories":[9],"tags":[16533,22263],"class_list":["post-3991","post","type-post","status-publish","format-standard","hentry","category-sem-categoria","tag-vocacao","tag-vocare2015"],"_links":{"self":[{"href":"https:\/\/ultimato.com.br\/sites\/jovem\/wp-json\/wp\/v2\/posts\/3991","targetHints":{"allow":["GET"]}}],"collection":[{"href":"https:\/\/ultimato.com.br\/sites\/jovem\/wp-json\/wp\/v2\/posts"}],"about":[{"href":"https:\/\/ultimato.com.br\/sites\/jovem\/wp-json\/wp\/v2\/types\/post"}],"author":[{"embeddable":true,"href":"https:\/\/ultimato.com.br\/sites\/jovem\/wp-json\/wp\/v2\/users\/19"}],"replies":[{"embeddable":true,"href":"https:\/\/ultimato.com.br\/sites\/jovem\/wp-json\/wp\/v2\/comments?post=3991"}],"version-history":[{"count":5,"href":"https:\/\/ultimato.com.br\/sites\/jovem\/wp-json\/wp\/v2\/posts\/3991\/revisions"}],"predecessor-version":[{"id":4005,"href":"https:\/\/ultimato.com.br\/sites\/jovem\/wp-json\/wp\/v2\/posts\/3991\/revisions\/4005"}],"wp:attachment":[{"href":"https:\/\/ultimato.com.br\/sites\/jovem\/wp-json\/wp\/v2\/media?parent=3991"}],"wp:term":[{"taxonomy":"category","embeddable":true,"href":"https:\/\/ultimato.com.br\/sites\/jovem\/wp-json\/wp\/v2\/categories?post=3991"},{"taxonomy":"post_tag","embeddable":true,"href":"https:\/\/ultimato.com.br\/sites\/jovem\/wp-json\/wp\/v2\/tags?post=3991"}],"curies":[{"name":"wp","href":"https:\/\/api.w.org\/{rel}","templated":true}]}}