{"id":3978,"date":"2015-04-15T16:42:29","date_gmt":"2015-04-15T19:42:29","guid":{"rendered":"http:\/\/ultimato.com.br\/sites\/jovem\/?p=3978"},"modified":"2015-04-15T16:42:29","modified_gmt":"2015-04-15T19:42:29","slug":"ministerio-para-jovens-ou-com-jovens","status":"publish","type":"post","link":"https:\/\/ultimato.com.br\/sites\/jovem\/2015\/04\/15\/ministerio-para-jovens-ou-com-jovens\/","title":{"rendered":"Minist\u00e9rio \u201cpara\u201d jovens ou \u201ccom\u201d jovens?"},"content":{"rendered":"<p><em>Por Calebe Ribeiro<\/em><\/p>\n<p><a href=\"http:\/\/ultimato.com.br\/sites\/jovem\/files\/2015\/04\/Ult_jovem_15_04_15_para_com_Calebe_Ribeiro.jpg\" class=\"lightview\" data-lightview-group=\"group-3978\" data-lightview-options=\"skin: 'dark', controls: 'relative', padding: '10', shadow: { color: '#000000', opacity: 0.08, blur: 3 }\"><img loading=\"lazy\" decoding=\"async\" class=\"alignright size-full wp-image-3980\" src=\"http:\/\/ultimato.com.br\/sites\/jovem\/files\/2015\/04\/Ult_jovem_15_04_15_para_com_Calebe_Ribeiro.jpg\" alt=\"Ult_jovem_15_04_15_para_com_Calebe_Ribeiro\" width=\"348\" height=\"231\" srcset=\"https:\/\/ultimato.com.br\/sites\/jovem\/files\/2015\/04\/Ult_jovem_15_04_15_para_com_Calebe_Ribeiro.jpg 348w, https:\/\/ultimato.com.br\/sites\/jovem\/files\/2015\/04\/Ult_jovem_15_04_15_para_com_Calebe_Ribeiro-300x199.jpg 300w, https:\/\/ultimato.com.br\/sites\/jovem\/files\/2015\/04\/Ult_jovem_15_04_15_para_com_Calebe_Ribeiro-150x100.jpg 150w\" sizes=\"auto, (max-width: 348px) 100vw, 348px\" \/><\/a>Existem pelo menos dois estilos de l\u00edderes de jovem: aquele que trabalha para a juventude e aquele que trabalha com a juventude. A princ\u00edpio parece n\u00e3o haver muita diferen\u00e7a, mas uma preposi\u00e7\u00e3o muda tudo.<\/p>\n<p>O l\u00edder que trabalha \u201cpara\u201d a juventude est\u00e1 sempre buscando se afirmar como l\u00edder, dando pouco espa\u00e7o para os outros brilharem e constantemente com medo de perder seu cargo de lideran\u00e7a, sente um forte medo de se tornar desnecess\u00e1rio.<\/p>\n<p>O l\u00edder que trabalha \u201ccom\u201d a juventude caminha pelos bastidores abrindo espa\u00e7o para que outros brilhem e desenvolvam seus talentos e dons, sem medo de se tornar um l\u00edder desnecess\u00e1rio, ou substitu\u00edvel, na realidade esse \u00e9 um dos seus objetivos.<!--more--><\/p>\n<p>Um l\u00edder que trabalha \u201cpara\u201d a juventude centraliza tudo em si e est\u00e1 constantemente preocupado com o resultado final, ou aquilo que poder\u00e1 ser posto em relat\u00f3rio ou contabilizado em uma planilha.<\/p>\n<p>Um l\u00edder que trabalha \u201ccom\u201d a juventude compartilha as tarefas e tamb\u00e9m as congratula\u00e7\u00f5es, focando n\u00e3o apenas no resultado final, mas tamb\u00e9m no processo, visualizando os resultados que n\u00e3o podem ser quantificados.<\/p>\n<p>Trabalhar \u201cpara\u201d a juventude \u00e9 n\u00e3o estar inserido no meio da galera e d\u00e1 o que se quer d\u00e1, sem saber se \u00e9 isso o que ela realmente precisa; preocupa-se minimamente com os detalhes e esquece o essencial.<\/p>\n<p>Trabalhar \u201ccom\u201d a juventude \u00e9 estar mais do lado de dentro que de fora, buscando esclarecer o desejo da junventude para construir uma programa\u00e7\u00e3o em conjunto, onde todos se tornam participantes e protagonistas.<\/p>\n<p>Conversando com muitos outros l\u00edderes de grande experi\u00eancia na \u00e1rea, pude perceber que um minist\u00e9rio de jovens eficiente tem pouco a ver com n\u00fameros e grandes programa\u00e7\u00f5es, mas sim com estar junto. N\u00e3o que as grandes programa\u00e7\u00f5es ou os n\u00fameros sejam negativos, pelo contr\u00e1rio, \u00e9 legal ter um minist\u00e9rio com programa\u00e7\u00f5es din\u00e2micas e modernas, que falam a linguagem do jovem e tamb\u00e9m um grupo com bastante gente. Isso tudo \u00e9 bom, mas n\u00e3o \u00e9 o essencial. N\u00e3o deve ser o foco principal nem o objetivo final.<\/p>\n<p>Jovens engajados no reino e comprometido com Jesus, que busquem cada vez mais conhec\u00ea-lo e servi-lo. Esse sim deve ser o objetivo daqueles que se dedicam a estar \u00e0 frente da mo\u00e7ada. Esse desafio se alcan\u00e7a em conjunto, n\u00e3o \u00e9 uma imposi\u00e7\u00e3o da lideran\u00e7a sobre o liderado. Por essa raz\u00e3o, penso que o caminho \u00e9 muito mais pela via do \u201ccom\u201d do que \u201cpara\u201d. \u00c9 buscar ser um l\u00edder que est\u00e1 trabalhando <em>com a juventude<\/em> e n\u00e3o apenas <em>para a juventude<\/em>.<\/p>\n<ul>\n<li><strong>Calebe Ribeiro<\/strong> \u00e9 um dos pastores de jovens da Igreja Presbiteriana do Recreio, no Rio de Janeiro (RJ). \u00c9 tamb\u00e9m mission\u00e1rio da <a href=\"http:\/\/jovensdaverdade.com.br\/\">Miss\u00e3o Jovens da Verdade<\/a>.<\/li>\n<\/ul>\n","protected":false},"excerpt":{"rendered":"<p>Por Calebe Ribeiro Existem pelo menos dois estilos de l\u00edderes de jovem: aquele que trabalha para a juventude e aquele que trabalha com a juventude. A princ\u00edpio parece n\u00e3o haver muita diferen\u00e7a, mas uma preposi\u00e7\u00e3o muda tudo. O l\u00edder que trabalha \u201cpara\u201d a juventude est\u00e1 sempre buscando se afirmar como l\u00edder, dando pouco espa\u00e7o para [&hellip;]<\/p>\n","protected":false},"author":19,"featured_media":0,"comment_status":"open","ping_status":"open","sticky":false,"template":"","format":"standard","meta":{"ngg_post_thumbnail":0,"footnotes":""},"categories":[6054],"tags":[157,87],"class_list":["post-3978","post","type-post","status-publish","format-standard","hentry","category-textos","tag-juventude","tag-ministerio"],"_links":{"self":[{"href":"https:\/\/ultimato.com.br\/sites\/jovem\/wp-json\/wp\/v2\/posts\/3978","targetHints":{"allow":["GET"]}}],"collection":[{"href":"https:\/\/ultimato.com.br\/sites\/jovem\/wp-json\/wp\/v2\/posts"}],"about":[{"href":"https:\/\/ultimato.com.br\/sites\/jovem\/wp-json\/wp\/v2\/types\/post"}],"author":[{"embeddable":true,"href":"https:\/\/ultimato.com.br\/sites\/jovem\/wp-json\/wp\/v2\/users\/19"}],"replies":[{"embeddable":true,"href":"https:\/\/ultimato.com.br\/sites\/jovem\/wp-json\/wp\/v2\/comments?post=3978"}],"version-history":[{"count":3,"href":"https:\/\/ultimato.com.br\/sites\/jovem\/wp-json\/wp\/v2\/posts\/3978\/revisions"}],"predecessor-version":[{"id":3982,"href":"https:\/\/ultimato.com.br\/sites\/jovem\/wp-json\/wp\/v2\/posts\/3978\/revisions\/3982"}],"wp:attachment":[{"href":"https:\/\/ultimato.com.br\/sites\/jovem\/wp-json\/wp\/v2\/media?parent=3978"}],"wp:term":[{"taxonomy":"category","embeddable":true,"href":"https:\/\/ultimato.com.br\/sites\/jovem\/wp-json\/wp\/v2\/categories?post=3978"},{"taxonomy":"post_tag","embeddable":true,"href":"https:\/\/ultimato.com.br\/sites\/jovem\/wp-json\/wp\/v2\/tags?post=3978"}],"curies":[{"name":"wp","href":"https:\/\/api.w.org\/{rel}","templated":true}]}}