{"id":3972,"date":"2015-04-14T09:18:42","date_gmt":"2015-04-14T12:18:42","guid":{"rendered":"http:\/\/ultimato.com.br\/sites\/jovem\/?p=3972"},"modified":"2015-04-14T09:18:42","modified_gmt":"2015-04-14T12:18:42","slug":"por-que-apoiar-o-vocare","status":"publish","type":"post","link":"https:\/\/ultimato.com.br\/sites\/jovem\/2015\/04\/14\/por-que-apoiar-o-vocare\/","title":{"rendered":"Por que apoiar o Vocare?"},"content":{"rendered":"<p><a href=\"http:\/\/ultimato.com.br\/sites\/jovem\/files\/2015\/04\/Logo.jpg\" class=\"lightview\" data-lightview-group=\"group-3972\" data-lightview-options=\"skin: 'dark', controls: 'relative', padding: '10', shadow: { color: '#000000', opacity: 0.08, blur: 3 }\"><img loading=\"lazy\" decoding=\"async\" class=\"aligncenter size-full wp-image-3973\" src=\"http:\/\/ultimato.com.br\/sites\/jovem\/files\/2015\/04\/Logo.jpg\" alt=\"Logo\" width=\"576\" height=\"576\" srcset=\"https:\/\/ultimato.com.br\/sites\/jovem\/files\/2015\/04\/Logo.jpg 576w, https:\/\/ultimato.com.br\/sites\/jovem\/files\/2015\/04\/Logo-150x150.jpg 150w, https:\/\/ultimato.com.br\/sites\/jovem\/files\/2015\/04\/Logo-300x300.jpg 300w, https:\/\/ultimato.com.br\/sites\/jovem\/files\/2015\/04\/Logo-80x80.jpg 80w\" sizes=\"auto, (max-width: 576px) 100vw, 576px\" \/><\/a><\/p>\n<p>Ultimato tem a alegria de ajudar a organizar o <a href=\"http:\/\/vocarebrasil.org.br\/\" target=\"_blank\">VOCARE<\/a>. Trata-se de um encontro sobre voca\u00e7\u00e3o para adolescentes e jovens crist\u00e3os, que ser\u00e1 realizado de 18 a 21 de abril, na Unicesumar, em Maring\u00e1 (PR). Veja a seguir alguns motivos que temos para apoiar este movimento:<!--more--><\/p>\n<p>1. Apoiamos o <a href=\"http:\/\/vocarebrasil.org.br\/\" target=\"_blank\">VOCARE<\/a> porque voca\u00e7\u00e3o \u00e9 um assunto fundamental para a vida da igreja e para a sua rela\u00e7\u00e3o com o mundo;<\/p>\n<p>2. Apoiamos o <a href=\"http:\/\/vocarebrasil.org.br\/\" target=\"_blank\">VOCARE<\/a> porque a igreja precisa assumir o desafio de preparar novas gera\u00e7\u00f5es para a obra de Deus;<\/p>\n<p>3. Apoiamos o <a href=\"http:\/\/vocarebrasil.org.br\/\" target=\"_blank\">VOCARE<\/a> porque o mundo carece de homens e mulheres \u00edntegros, mais parecidos com Jesus, que t\u00eam convic\u00e7\u00e3o de seu papel e de suas prioridades;<\/p>\n<p>4. Apoiamos o <a href=\"http:\/\/vocarebrasil.org.br\/\" target=\"_blank\">VOCARE<\/a> porque ele \u00e9 uma iniciativa de unidade da igreja por meio de minist\u00e9rios diversos, liderados pela AMTB (Associa\u00e7\u00e3o de Miss\u00f5es Transculturais Brasileiras);<\/p>\n<p>5. Apoiamos o <a href=\"http:\/\/vocarebrasil.org.br\/\" target=\"_blank\">VOCARE<\/a> porque ele tem em sua proposta mais do que realizar um evento; seu desejo \u00e9 fortalecer um movimento vocacional cont\u00ednuo que diminua a dist\u00e2ncia entre os jovens e a igreja na tarefa de servir a Deus no mundo;<\/p>\n<p>6. Apoiamos o <a href=\"http:\/\/vocarebrasil.org.br\/\" target=\"_blank\">VOCARE<\/a> porque faz parte da voca\u00e7\u00e3o editorial da Ultimato valorizar a\u00e7\u00f5es que unam igrejas e minist\u00e9rios;<\/p>\n<p>7. Apoiamos o <a href=\"http:\/\/vocarebrasil.org.br\/\" target=\"_blank\">VOCARE<\/a> porque queremos fortalecer iniciativas que traduzam o Evangelho para o mundo contempor\u00e2neo, para novas gera\u00e7\u00f5es, sem perder a identidade hist\u00f3rica crist\u00e3.<\/p>\n<p>Convidamos voc\u00ea &#8212; pastor, pastora e l\u00edder \u2013 a tamb\u00e9m apoiar o <a href=\"http:\/\/vocarebrasil.org.br\/\" target=\"_blank\">VOCARE<\/a>. Mobilize jovens, <a href=\"http:\/\/vocarebrasil.org.br\/#divulgacao\" target=\"_blank\">divulgue<\/a> o evento, doe bolsas, ore por n\u00f3s.<\/p>\n<p>Em Cristo,<\/p>\n<p><strong>Equipe Ultimato<\/strong><\/p>\n<p>**<br \/>\n<strong>Servi\u00e7o<\/strong><br \/>\nVocare 2015<br \/>\nTema: \u201cTurn the World Upside Down\u201d<br \/>\nData: 18 a 21 de abril de 2015<br \/>\nLocal: Universidade CESUMAR \u2013 Maring\u00e1 (PR)<br \/>\nInscri\u00e7\u00f5es: <a href=\"http:\/\/www.vocare.org.br\" target=\"_blank\">www.vocare.org.br<\/a><br \/>\nP\u00fablico: adolescentes e jovens de 16 a 26 anos de idade<br \/>\nPrograma: palestras, testemunhos, oficinas, m\u00fasica e oportunidades de servi\u00e7o.<\/p>\n","protected":false},"excerpt":{"rendered":"<p>Ultimato tem a alegria de ajudar a organizar o VOCARE. Trata-se de um encontro sobre voca\u00e7\u00e3o para adolescentes e jovens crist\u00e3os, que ser\u00e1 realizado de 18 a 21 de abril, na Unicesumar, em Maring\u00e1 (PR). Veja a seguir alguns motivos que temos para apoiar este movimento:<\/p>\n","protected":false},"author":19,"featured_media":0,"comment_status":"open","ping_status":"open","sticky":false,"template":"","format":"standard","meta":{"ngg_post_thumbnail":0,"footnotes":""},"categories":[5152],"tags":[16533,22241],"class_list":["post-3972","post","type-post","status-publish","format-standard","hentry","category-altas-indicacoes","tag-vocacao","tag-vocare"],"_links":{"self":[{"href":"https:\/\/ultimato.com.br\/sites\/jovem\/wp-json\/wp\/v2\/posts\/3972","targetHints":{"allow":["GET"]}}],"collection":[{"href":"https:\/\/ultimato.com.br\/sites\/jovem\/wp-json\/wp\/v2\/posts"}],"about":[{"href":"https:\/\/ultimato.com.br\/sites\/jovem\/wp-json\/wp\/v2\/types\/post"}],"author":[{"embeddable":true,"href":"https:\/\/ultimato.com.br\/sites\/jovem\/wp-json\/wp\/v2\/users\/19"}],"replies":[{"embeddable":true,"href":"https:\/\/ultimato.com.br\/sites\/jovem\/wp-json\/wp\/v2\/comments?post=3972"}],"version-history":[{"count":1,"href":"https:\/\/ultimato.com.br\/sites\/jovem\/wp-json\/wp\/v2\/posts\/3972\/revisions"}],"predecessor-version":[{"id":3974,"href":"https:\/\/ultimato.com.br\/sites\/jovem\/wp-json\/wp\/v2\/posts\/3972\/revisions\/3974"}],"wp:attachment":[{"href":"https:\/\/ultimato.com.br\/sites\/jovem\/wp-json\/wp\/v2\/media?parent=3972"}],"wp:term":[{"taxonomy":"category","embeddable":true,"href":"https:\/\/ultimato.com.br\/sites\/jovem\/wp-json\/wp\/v2\/categories?post=3972"},{"taxonomy":"post_tag","embeddable":true,"href":"https:\/\/ultimato.com.br\/sites\/jovem\/wp-json\/wp\/v2\/tags?post=3972"}],"curies":[{"name":"wp","href":"https:\/\/api.w.org\/{rel}","templated":true}]}}