{"id":392,"date":"2011-01-19T16:31:12","date_gmt":"2011-01-19T19:31:12","guid":{"rendered":"http:\/\/ultimato.com.br\/sites\/jovem\/?p=392"},"modified":"2011-01-19T16:31:12","modified_gmt":"2011-01-19T19:31:12","slug":"curso-intensivo-para-socorro-emergencial-no-rio-de-janeiro","status":"publish","type":"post","link":"https:\/\/ultimato.com.br\/sites\/jovem\/2011\/01\/19\/curso-intensivo-para-socorro-emergencial-no-rio-de-janeiro\/","title":{"rendered":"Curso intensivo para socorro emergencial no Rio de Janeiro"},"content":{"rendered":"<p><span style=\"color: #008080;\"><strong><a href=\"http:\/\/ultimato.com.br\/sites\/jovem\/files\/2011\/01\/treinamento-sos-2011.jpg\" class=\"lightview\" data-lightview-group=\"group-392\" data-lightview-options=\"skin: 'dark', controls: 'relative', padding: '10', shadow: { color: '#000000', opacity: 0.08, blur: 3 }\" data-lightview-title=\"treinamento-sos-2011\"><img loading=\"lazy\" decoding=\"async\" class=\"size-full wp-image-393 alignright\" title=\"treinamento-sos-2011\" src=\"http:\/\/ultimato.com.br\/sites\/jovem\/files\/2011\/01\/treinamento-sos-2011.jpg\" alt=\"\" width=\"141\" height=\"268\" srcset=\"https:\/\/ultimato.com.br\/sites\/jovem\/files\/2011\/01\/treinamento-sos-2011.jpg 251w, https:\/\/ultimato.com.br\/sites\/jovem\/files\/2011\/01\/treinamento-sos-2011-157x300.jpg 157w\" sizes=\"auto, (max-width: 141px) 100vw, 141px\" \/><\/a><\/strong><\/span><span style=\"color: #008080;\"><strong>Pessoal, a AME-SOS Global miss\u00e3o especializada em socorros emergenciais est\u00e1 promovendo neste fim de semana um treinamento intensivo para enviar volunt\u00e1rios para a regi\u00e3o serrana do Rio de Janeiro. Ajude a Divulgar.<\/strong><\/span><\/p>\n<p><span style=\"color: #008080;\"><strong>Os telefones de contato para mais informa\u00e7\u00f5es s\u00e3o:<\/strong><\/span><\/p>\n<p><span style=\"color: #008080;\"><strong>21.2437.2097<\/strong><\/span><\/p>\n<p><span style=\"color: #008080;\"><strong>21.7870.7502<\/strong><\/span><\/p>\n<p><span style=\"color: #008080;\"><strong>Falar com Rodrigo.<\/strong><\/span><\/p>\n<p><span style=\"color: #008080;\"><strong>Ajude a divulgar esta iniciativa!<\/strong><\/span><\/p>\n","protected":false},"excerpt":{"rendered":"<p>Pessoal, a AME-SOS Global miss\u00e3o especializada em socorros emergenciais est\u00e1 promovendo neste fim de semana um treinamento intensivo para enviar volunt\u00e1rios para a regi\u00e3o serrana do Rio de Janeiro. Ajude a Divulgar. Os telefones de contato para mais informa\u00e7\u00f5es s\u00e3o: 21.2437.2097 21.7870.7502 Falar com Rodrigo. Ajude a divulgar esta iniciativa!<\/p>\n","protected":false},"author":19,"featured_media":0,"comment_status":"open","ping_status":"open","sticky":false,"template":"","format":"standard","meta":{"ngg_post_thumbnail":0,"footnotes":""},"categories":[5152,7],"tags":[],"class_list":["post-392","post","type-post","status-publish","format-standard","hentry","category-altas-indicacoes","category-noticias"],"_links":{"self":[{"href":"https:\/\/ultimato.com.br\/sites\/jovem\/wp-json\/wp\/v2\/posts\/392","targetHints":{"allow":["GET"]}}],"collection":[{"href":"https:\/\/ultimato.com.br\/sites\/jovem\/wp-json\/wp\/v2\/posts"}],"about":[{"href":"https:\/\/ultimato.com.br\/sites\/jovem\/wp-json\/wp\/v2\/types\/post"}],"author":[{"embeddable":true,"href":"https:\/\/ultimato.com.br\/sites\/jovem\/wp-json\/wp\/v2\/users\/19"}],"replies":[{"embeddable":true,"href":"https:\/\/ultimato.com.br\/sites\/jovem\/wp-json\/wp\/v2\/comments?post=392"}],"version-history":[{"count":2,"href":"https:\/\/ultimato.com.br\/sites\/jovem\/wp-json\/wp\/v2\/posts\/392\/revisions"}],"predecessor-version":[{"id":395,"href":"https:\/\/ultimato.com.br\/sites\/jovem\/wp-json\/wp\/v2\/posts\/392\/revisions\/395"}],"wp:attachment":[{"href":"https:\/\/ultimato.com.br\/sites\/jovem\/wp-json\/wp\/v2\/media?parent=392"}],"wp:term":[{"taxonomy":"category","embeddable":true,"href":"https:\/\/ultimato.com.br\/sites\/jovem\/wp-json\/wp\/v2\/categories?post=392"},{"taxonomy":"post_tag","embeddable":true,"href":"https:\/\/ultimato.com.br\/sites\/jovem\/wp-json\/wp\/v2\/tags?post=392"}],"curies":[{"name":"wp","href":"https:\/\/api.w.org\/{rel}","templated":true}]}}