{"id":3909,"date":"2015-03-23T00:01:09","date_gmt":"2015-03-23T03:01:09","guid":{"rendered":"http:\/\/ultimato.com.br\/sites\/jovem\/?p=3909"},"modified":"2015-03-19T12:17:37","modified_gmt":"2015-03-19T15:17:37","slug":"orar-interceder-e-buscar","status":"publish","type":"post","link":"https:\/\/ultimato.com.br\/sites\/jovem\/2015\/03\/23\/orar-interceder-e-buscar\/","title":{"rendered":"Orar, interceder e buscar&#8230;"},"content":{"rendered":"<p><a href=\"http:\/\/ultimato.com.br\/sites\/jovem\/files\/2015\/03\/vocacao_maristela.jpg\" class=\"lightview\" data-lightview-group=\"group-3909\" data-lightview-options=\"skin: 'dark', controls: 'relative', padding: '10', shadow: { color: '#000000', opacity: 0.08, blur: 3 }\"><img loading=\"lazy\" decoding=\"async\" class=\"aligncenter  wp-image-3910\" src=\"http:\/\/ultimato.com.br\/sites\/jovem\/files\/2015\/03\/vocacao_maristela-1024x576.jpg\" alt=\"vocacao_maristela\" width=\"719\" height=\"405\" srcset=\"https:\/\/ultimato.com.br\/sites\/jovem\/files\/2015\/03\/vocacao_maristela-1024x576.jpg 1024w, https:\/\/ultimato.com.br\/sites\/jovem\/files\/2015\/03\/vocacao_maristela-300x168.jpg 300w, https:\/\/ultimato.com.br\/sites\/jovem\/files\/2015\/03\/vocacao_maristela-150x84.jpg 150w, https:\/\/ultimato.com.br\/sites\/jovem\/files\/2015\/03\/vocacao_maristela.jpg 1920w\" sizes=\"auto, (max-width: 719px) 100vw, 719px\" \/><\/a><\/p>\n<p>A Maristela Soares, de 35 anos, do Rio de Janeiro, em resposta ao desafio fotogr\u00e1fico sobre <a href=\"http:\/\/ultimato.com.br\/sites\/jovem\/2015\/02\/27\/vocacao-em-imagens\/\">Voca\u00e7\u00e3o em imagens<\/a>, enviou esta foto que tirou enquanto fazia sua devocional.<\/p>\n<blockquote><p>Essa foto tirei no monte, num momento de ora\u00e7\u00e3o durante a manh\u00e3. Essa \u00e9 minha voca\u00e7\u00e3o: orar, interceder e buscar!<\/p><\/blockquote>\n<p>***<\/p>\n<p><strong>Convite<\/strong><br \/>\nParticipe do VOCARE, um encontro sobre voca\u00e7\u00e3o com adolescentes e jovens de todo o Brasil.<br \/>\nData: 18 a 21 de abril<br \/>\nLocal: Unicesumar, em Maring\u00e1 (PR)<br \/>\nMais informa\u00e7\u00f5es: <a href=\"http:\/\/vocarebrasil.org.br\" target=\"_blank\">www.vocarebrasil.org.br<\/a><\/p>\n","protected":false},"excerpt":{"rendered":"<p>A Maristela Soares, de 35 anos, do Rio de Janeiro, em resposta ao desafio fotogr\u00e1fico sobre Voca\u00e7\u00e3o em imagens, enviou esta foto que tirou enquanto fazia sua devocional. Essa foto tirei no monte, num momento de ora\u00e7\u00e3o durante a manh\u00e3. Essa \u00e9 minha voca\u00e7\u00e3o: orar, interceder e buscar! *** Convite Participe do VOCARE, um encontro [&hellip;]<\/p>\n","protected":false},"author":19,"featured_media":0,"comment_status":"open","ping_status":"open","sticky":false,"template":"","format":"standard","meta":{"ngg_post_thumbnail":0,"footnotes":""},"categories":[9],"tags":[16533],"class_list":["post-3909","post","type-post","status-publish","format-standard","hentry","category-sem-categoria","tag-vocacao"],"_links":{"self":[{"href":"https:\/\/ultimato.com.br\/sites\/jovem\/wp-json\/wp\/v2\/posts\/3909","targetHints":{"allow":["GET"]}}],"collection":[{"href":"https:\/\/ultimato.com.br\/sites\/jovem\/wp-json\/wp\/v2\/posts"}],"about":[{"href":"https:\/\/ultimato.com.br\/sites\/jovem\/wp-json\/wp\/v2\/types\/post"}],"author":[{"embeddable":true,"href":"https:\/\/ultimato.com.br\/sites\/jovem\/wp-json\/wp\/v2\/users\/19"}],"replies":[{"embeddable":true,"href":"https:\/\/ultimato.com.br\/sites\/jovem\/wp-json\/wp\/v2\/comments?post=3909"}],"version-history":[{"count":3,"href":"https:\/\/ultimato.com.br\/sites\/jovem\/wp-json\/wp\/v2\/posts\/3909\/revisions"}],"predecessor-version":[{"id":3913,"href":"https:\/\/ultimato.com.br\/sites\/jovem\/wp-json\/wp\/v2\/posts\/3909\/revisions\/3913"}],"wp:attachment":[{"href":"https:\/\/ultimato.com.br\/sites\/jovem\/wp-json\/wp\/v2\/media?parent=3909"}],"wp:term":[{"taxonomy":"category","embeddable":true,"href":"https:\/\/ultimato.com.br\/sites\/jovem\/wp-json\/wp\/v2\/categories?post=3909"},{"taxonomy":"post_tag","embeddable":true,"href":"https:\/\/ultimato.com.br\/sites\/jovem\/wp-json\/wp\/v2\/tags?post=3909"}],"curies":[{"name":"wp","href":"https:\/\/api.w.org\/{rel}","templated":true}]}}