{"id":3905,"date":"2015-03-20T00:01:45","date_gmt":"2015-03-20T03:01:45","guid":{"rendered":"http:\/\/ultimato.com.br\/sites\/jovem\/?p=3905"},"modified":"2015-03-19T12:16:40","modified_gmt":"2015-03-19T15:16:40","slug":"pensamentos-no-vale-1-o-caminho-para-casa","status":"publish","type":"post","link":"https:\/\/ultimato.com.br\/sites\/jovem\/2015\/03\/20\/pensamentos-no-vale-1-o-caminho-para-casa\/","title":{"rendered":"Pensamentos no vale #1: O caminho para casa"},"content":{"rendered":"<p><a href=\"http:\/\/ultimato.com.br\/sites\/jovem\/files\/2015\/03\/Ult_jovem_20_03_15_vale_Thiago.jpg\" class=\"lightview\" data-lightview-group=\"group-3905\" data-lightview-options=\"skin: 'dark', controls: 'relative', padding: '10', shadow: { color: '#000000', opacity: 0.08, blur: 3 }\"><img loading=\"lazy\" decoding=\"async\" class=\"alignright size-full wp-image-3906\" src=\"http:\/\/ultimato.com.br\/sites\/jovem\/files\/2015\/03\/Ult_jovem_20_03_15_vale_Thiago.jpg\" alt=\"Ult_jovem_20_03_15_vale_Thiago\" width=\"358\" height=\"269\" srcset=\"https:\/\/ultimato.com.br\/sites\/jovem\/files\/2015\/03\/Ult_jovem_20_03_15_vale_Thiago.jpg 358w, https:\/\/ultimato.com.br\/sites\/jovem\/files\/2015\/03\/Ult_jovem_20_03_15_vale_Thiago-300x225.jpg 300w, https:\/\/ultimato.com.br\/sites\/jovem\/files\/2015\/03\/Ult_jovem_20_03_15_vale_Thiago-150x112.jpg 150w\" sizes=\"auto, (max-width: 358px) 100vw, 358px\" \/><\/a>Estou vivendo um momento de luto. N\u00e3o me vesti de preto, nem procurei formas comumente empregadas de expor isso, principalmente nas redes sociais. Ali\u00e1s, esse momento tem sido marcado por muita liberdade. Para falar, para ficar em sil\u00eancio, para chorar, e at\u00e9 mesmo para sorrir (sim, encontro motivos, situa\u00e7\u00f5es e pessoas que me fazem sorrir nesse momento). N\u00e3o me for\u00e7o a nada, nem mesmo a extrair li\u00e7\u00f5es da minha dor: elas simplesmente est\u00e3o a\u00ed e, de alguma forma, se apresentam a mim.<\/p>\n<p>Eram aproximadamente sete da manh\u00e3 (06 de Mar\u00e7o de 2015). Estava no in\u00edcio do caf\u00e9 quando meu pai me ligou: &#8220;n\u00e3o teve jeito&#8221;, &#8220;sua m\u00e3e faleceu&#8221;, &#8220;venha com calma&#8221;. Apesar das dificuldades de sa\u00fade que desde o final do ano passado minha m\u00e3e enfrentava, sua morte se deu num intervalo, um per\u00edodo em casa ap\u00f3s mais uma interna\u00e7\u00e3o e a volta ao hospital para o in\u00edcio de um tratamento que nem sab\u00edamos qual era, pois ainda n\u00e3o havia um diagn\u00f3stico conclusivo. Sim, foi uma surpresa amarga para mim.<\/p>\n<p>Ainda processando as informa\u00e7\u00f5es, tive que encontrar equil\u00edbrio para dirigir da cidade onde trabalho para a cidade dos meus pais (cerca de 300 km). Seria um longo caminho. Havia muita coisa e ao mesmo tempo quase nada para falar com Deus. Num certo momento lembro de orar no carro pedindo que Deus desse a oportunidade de minha m\u00e3e pegar sua primeira neta nos bra\u00e7os. Liz, minha filha, est\u00e1 com nascimento marcado para 17 de Mar\u00e7o de 2015 (11 dias depois do falecimento de minha m\u00e3e) e s\u00f3 Deus sabe como \u00e9 escrever no intervalo entre a despedida e a chegada. No caminho, n\u00e3o senti muita vontade de perguntar &#8220;por que&#8221; o abra\u00e7o entre elas n\u00e3o ocorreu, mas falei para Deus como aquilo me doeu. Minha necessidade n\u00e3o era por uma resposta, mas por conforto e al\u00edvio. O carro foi meu templo, meu consult\u00f3rio, um lugar de encontro com Deus.<\/p>\n<p>Hoje faz uma semana que perdi minha m\u00e3e. \u00c9 muito dif\u00edcil, mas minha fam\u00edlia est\u00e1 unida, os amigos e irm\u00e3os est\u00e3o perto para nos ajudar a carregar o fardo. Sempre que a lembran\u00e7a vem, abro meu cora\u00e7\u00e3o para que Deus ministre esperan\u00e7a e paz. Deus ainda n\u00e3o me tirou a dor, Ele est\u00e1 comigo sentindo e tornando-a suport\u00e1vel. Deus est\u00e1 presente no caminho: no caminho para casa.<\/p>\n<p>Texto publicado no blog <a href=\"http:\/\/thiagopx.blogspot.com.br\/2015\/03\/pensamentos-no-vale-1-o-caminho-para.html\">PX Pensando Alto!<\/a>.<\/p>\n<ul>\n<li><strong>Thiago Paix\u00e3o<\/strong>, 27 anos, \u00e9 professor universit\u00e1rio. Mora em Aracruz, ES, e publica o blog <a href=\"http:\/\/thiagopx.blogspot.com.br\/2015\/03\/pensamentos-no-vale-1-o-caminho-para.html\">PX Pensando Alto<\/a>!.<\/li>\n<\/ul>\n","protected":false},"excerpt":{"rendered":"<p>Estou vivendo um momento de luto. N\u00e3o me vesti de preto, nem procurei formas comumente empregadas de expor isso, principalmente nas redes sociais. Ali\u00e1s, esse momento tem sido marcado por muita liberdade. Para falar, para ficar em sil\u00eancio, para chorar, e at\u00e9 mesmo para sorrir (sim, encontro motivos, situa\u00e7\u00f5es e pessoas que me fazem sorrir [&hellip;]<\/p>\n","protected":false},"author":19,"featured_media":0,"comment_status":"open","ping_status":"open","sticky":false,"template":"","format":"standard","meta":{"ngg_post_thumbnail":0,"footnotes":""},"categories":[5151],"tags":[7619,8430,22256],"class_list":["post-3905","post","type-post","status-publish","format-standard","hentry","category-outros-papos","tag-caminho","tag-luto","tag-vale"],"_links":{"self":[{"href":"https:\/\/ultimato.com.br\/sites\/jovem\/wp-json\/wp\/v2\/posts\/3905","targetHints":{"allow":["GET"]}}],"collection":[{"href":"https:\/\/ultimato.com.br\/sites\/jovem\/wp-json\/wp\/v2\/posts"}],"about":[{"href":"https:\/\/ultimato.com.br\/sites\/jovem\/wp-json\/wp\/v2\/types\/post"}],"author":[{"embeddable":true,"href":"https:\/\/ultimato.com.br\/sites\/jovem\/wp-json\/wp\/v2\/users\/19"}],"replies":[{"embeddable":true,"href":"https:\/\/ultimato.com.br\/sites\/jovem\/wp-json\/wp\/v2\/comments?post=3905"}],"version-history":[{"count":1,"href":"https:\/\/ultimato.com.br\/sites\/jovem\/wp-json\/wp\/v2\/posts\/3905\/revisions"}],"predecessor-version":[{"id":3907,"href":"https:\/\/ultimato.com.br\/sites\/jovem\/wp-json\/wp\/v2\/posts\/3905\/revisions\/3907"}],"wp:attachment":[{"href":"https:\/\/ultimato.com.br\/sites\/jovem\/wp-json\/wp\/v2\/media?parent=3905"}],"wp:term":[{"taxonomy":"category","embeddable":true,"href":"https:\/\/ultimato.com.br\/sites\/jovem\/wp-json\/wp\/v2\/categories?post=3905"},{"taxonomy":"post_tag","embeddable":true,"href":"https:\/\/ultimato.com.br\/sites\/jovem\/wp-json\/wp\/v2\/tags?post=3905"}],"curies":[{"name":"wp","href":"https:\/\/api.w.org\/{rel}","templated":true}]}}