{"id":3871,"date":"2015-03-13T00:01:21","date_gmt":"2015-03-13T03:01:21","guid":{"rendered":"http:\/\/ultimato.com.br\/sites\/jovem\/?p=3871"},"modified":"2015-03-17T16:37:35","modified_gmt":"2015-03-17T19:37:35","slug":"recifusion-2015-o-protagonismo-feminino-na-cultura-hip-hop","status":"publish","type":"post","link":"https:\/\/ultimato.com.br\/sites\/jovem\/2015\/03\/13\/recifusion-2015-o-protagonismo-feminino-na-cultura-hip-hop\/","title":{"rendered":"Recifusion 2015: o protagonismo feminino na cultura hip hop"},"content":{"rendered":"<p><a href=\"http:\/\/ultimato.com.br\/sites\/jovem\/files\/2015\/03\/UltJovem_17_03_15_Grafiteiros2.jpg\" class=\"lightview\" data-lightview-group=\"group-3871\" data-lightview-options=\"skin: 'dark', controls: 'relative', padding: '10', shadow: { color: '#000000', opacity: 0.08, blur: 3 }\"><img loading=\"lazy\" decoding=\"async\" class=\"aligncenter wp-image-3896 size-full\" src=\"http:\/\/ultimato.com.br\/sites\/jovem\/files\/2015\/03\/UltJovem_17_03_15_Grafiteiros2.jpg\" alt=\"UltJovem_17_03_15_Grafiteiros2\" width=\"494\" height=\"130\" srcset=\"https:\/\/ultimato.com.br\/sites\/jovem\/files\/2015\/03\/UltJovem_17_03_15_Grafiteiros2.jpg 494w, https:\/\/ultimato.com.br\/sites\/jovem\/files\/2015\/03\/UltJovem_17_03_15_Grafiteiros2-300x78.jpg 300w, https:\/\/ultimato.com.br\/sites\/jovem\/files\/2015\/03\/UltJovem_17_03_15_Grafiteiros2-150x39.jpg 150w\" sizes=\"auto, (max-width: 494px) 100vw, 494px\" \/><\/a><\/p>\n<p>Acontece em Recife, PE, no per\u00edodo de 23 a 29 de mar\u00e7o de 2015 a 7\u00aa edi\u00e7\u00e3o do Recifusion &#8212; Festival Internacional do Graffiti. S\u00e3o sete dias de evento com a\u00e7\u00f5es voltadas para o universo cultural do graffiti, como exposi\u00e7\u00f5es, pain\u00e9is de graffiti, oficinas, palestras, debates, semin\u00e1rios e interven\u00e7\u00f5es pela cidade.<\/p>\n<p>O Recifusion 2015 faz uma homenagem \u00e0s mulheres. Com o tema \u201cConquistando espa\u00e7os, fortalecendo o tra\u00e7o\u201d, o evento se prop\u00f5e a fortalecer o protagonismo a visibilidade da produ\u00e7\u00e3o feminina na cultura hip hop. Parte desta iniciativa \u00e9 a novidade de cinco dias de resid\u00eancia art\u00edstica, denominado de \u201cViv\u00eancia org\u00e2nica\u201d, que conta com a participa\u00e7\u00e3o de nomes de destaques nacionais e internacionais, principalmente mulheres, inseridas no Graffiti.<\/p>\n<p><a href=\"http:\/\/ultimato.com.br\/sites\/jovem\/files\/2015\/03\/recifusion.jpg\" class=\"lightview\" data-lightview-group=\"group-3871\" data-lightview-options=\"skin: 'dark', controls: 'relative', padding: '10', shadow: { color: '#000000', opacity: 0.08, blur: 3 }\"><img loading=\"lazy\" decoding=\"async\" class=\"alignright size-full wp-image-3899\" src=\"http:\/\/ultimato.com.br\/sites\/jovem\/files\/2015\/03\/recifusion.jpg\" alt=\"recifusion\" width=\"370\" height=\"150\" srcset=\"https:\/\/ultimato.com.br\/sites\/jovem\/files\/2015\/03\/recifusion.jpg 370w, https:\/\/ultimato.com.br\/sites\/jovem\/files\/2015\/03\/recifusion-300x121.jpg 300w, https:\/\/ultimato.com.br\/sites\/jovem\/files\/2015\/03\/recifusion-150x60.jpg 150w\" sizes=\"auto, (max-width: 370px) 100vw, 370px\" \/><\/a>A culmin\u00e2ncia do evento acontece nos dias 28 e 29 na regi\u00e3o metropolitana do Recife, nas media\u00e7\u00f5es do Forte do Brum e Recife Antigo. No local ser\u00e1 realizado um painel art\u00edstico, al\u00e9m de apresenta\u00e7\u00f5es de bandas nacionais, interven\u00e7\u00f5es de dan\u00e7a com b.girls e b.boys.<\/p>\n<p>O per\u00edodo de inscri\u00e7\u00e3o para apresenta\u00e7\u00e3o de trabalho aconteceu no per\u00edodo de 03 a 13 de fevereiro de 2015. Entre os artistas convidados de v\u00e1rios estados do Brasil e do mundo, est\u00e1 confirmada a presen\u00e7a de Chun Li (Argentina), Antisa (China), BLN (Equador) e Shalak (Canad\u00e1).<\/p>\n<p>O Recifusion foi criado em 27 de mar\u00e7o de 2009, quando \u00e9 comemorado o Dia Nacional do Graffiti, que foi institu\u00eddo em 1987, um dia ap\u00f3s a morte de Alex Vallauri, refer\u00eancia da cultura graffiti no Brasil. Este ano, o festival espera reunir aproximadamente 300 artistas, entre convidados e volunt\u00e1rios, e atingir um p\u00fablico de 20.000 pessoas durante a realiza\u00e7\u00e3o do evento.<\/p>\n<p><strong>Servi\u00e7o:<\/strong><\/p>\n<ul>\n<li><strong>08 de mar\u00e7o<\/strong> (s\u00e1bado) &#8212; A\u00e7\u00e3o \u201cser mulher \u00e9\u201d (Pra\u00e7a de independ\u00eancia \u2013 14h).<\/li>\n<li><strong>21 de mar\u00e7o<\/strong> (s\u00e1bado) &#8212; Abertura oficial (Local a definir \u2013 22h).<\/li>\n<li><strong>23 a 27 de mar\u00e7o<\/strong> (seg. \u00e0 sex.) &#8212; Viv\u00eancia org\u00e2nica e a\u00e7\u00f5es (in)formativas (Edif\u00edcio Pernambuco).<\/li>\n<li><strong>28 e 29 de mar\u00e7o<\/strong> (s\u00e1b. e dom.) &#8212; Culmin\u00e2ncia cultural (Forte do Brum \u2013 A partir das 10h).<\/li>\n<\/ul>\n<p>Para mais informa\u00e7\u00f5es acesse o <a href=\"http:\/\/www.recifusion.com\/cadastre\/\">site<\/a> oficial do Recifusion 2015 ou escreva para <a href=\"mailto:contato@recifusion.com\">contato@recifusion.com<\/a><\/p>\n","protected":false},"excerpt":{"rendered":"<p>Acontece em Recife, PE, no per\u00edodo de 23 a 29 de mar\u00e7o de 2015 a 7\u00aa edi\u00e7\u00e3o do Recifusion &#8212; Festival Internacional do Graffiti. S\u00e3o sete dias de evento com a\u00e7\u00f5es voltadas para o universo cultural do graffiti, como exposi\u00e7\u00f5es, pain\u00e9is de graffiti, oficinas, palestras, debates, semin\u00e1rios e interven\u00e7\u00f5es pela cidade. O Recifusion 2015 faz [&hellip;]<\/p>\n","protected":false},"author":19,"featured_media":0,"comment_status":"open","ping_status":"open","sticky":false,"template":"","format":"standard","meta":{"ngg_post_thumbnail":0,"footnotes":""},"categories":[172,5152],"tags":[33,51,22254],"class_list":["post-3871","post","type-post","status-publish","format-standard","hentry","category-agenda","category-altas-indicacoes","tag-arte","tag-cultura","tag-recifusion"],"_links":{"self":[{"href":"https:\/\/ultimato.com.br\/sites\/jovem\/wp-json\/wp\/v2\/posts\/3871","targetHints":{"allow":["GET"]}}],"collection":[{"href":"https:\/\/ultimato.com.br\/sites\/jovem\/wp-json\/wp\/v2\/posts"}],"about":[{"href":"https:\/\/ultimato.com.br\/sites\/jovem\/wp-json\/wp\/v2\/types\/post"}],"author":[{"embeddable":true,"href":"https:\/\/ultimato.com.br\/sites\/jovem\/wp-json\/wp\/v2\/users\/19"}],"replies":[{"embeddable":true,"href":"https:\/\/ultimato.com.br\/sites\/jovem\/wp-json\/wp\/v2\/comments?post=3871"}],"version-history":[{"count":12,"href":"https:\/\/ultimato.com.br\/sites\/jovem\/wp-json\/wp\/v2\/posts\/3871\/revisions"}],"predecessor-version":[{"id":3900,"href":"https:\/\/ultimato.com.br\/sites\/jovem\/wp-json\/wp\/v2\/posts\/3871\/revisions\/3900"}],"wp:attachment":[{"href":"https:\/\/ultimato.com.br\/sites\/jovem\/wp-json\/wp\/v2\/media?parent=3871"}],"wp:term":[{"taxonomy":"category","embeddable":true,"href":"https:\/\/ultimato.com.br\/sites\/jovem\/wp-json\/wp\/v2\/categories?post=3871"},{"taxonomy":"post_tag","embeddable":true,"href":"https:\/\/ultimato.com.br\/sites\/jovem\/wp-json\/wp\/v2\/tags?post=3871"}],"curies":[{"name":"wp","href":"https:\/\/api.w.org\/{rel}","templated":true}]}}